{"id":12040,"date":"2013-10-03T00:00:00","date_gmt":"2013-10-02T22:00:00","guid":{"rendered":"https:\/\/master.greenpeace.ch\/beitrag\/12040\/schweizer-arktisschuetzer-in-russland-wegen-piraterie-angeklagt\/"},"modified":"2019-05-30T11:19:50","modified_gmt":"2019-05-30T09:19:50","slug":"schweizer-arktisschuetzer-in-russland-wegen-piraterie-angeklagt","status":"publish","type":"post","link":"https:\/\/www.greenpeace.ch\/de\/story\/12040\/schweizer-arktisschuetzer-in-russland-wegen-piraterie-angeklagt\/","title":{"rendered":"Schweizer Arktissch\u00fctzer in Russland wegen Piraterie angeklagt"},"content":{"rendered":"<p><b>Die russische Staatsanwaltschaft hat gegen 28 Arktissch\u00fctzerinnen und Arktissch\u00fctzer sowie zwei Video- und Fotojournalisten Anklage wegen Piraterie erhoben. Unter den Angeklagten befindet sich auch der Schweizer Marco Weber. Greenpeace Schweiz ist emp\u00f6rt und wird alles unternehmen, damit die absurden Vorw\u00fcrfe so schnell wie m\u00f6glich ausger\u00e4umt werden.<\/b><\/p>\n<div class=\"post-content\">\n<div>\n<h2><strong>Die russische Staatsanwaltschaft hat gegen 28 Arktissch\u00fctzerinnen und Arktissch\u00fctzer sowie zwei Video- und Fotojournalisten Anklage wegen Piraterie erhoben. Unter den Angeklagten befindet sich auch der Schweizer Marco Weber. Greenpeace Schweiz ist emp\u00f6rt und wird alles unternehmen, damit die absurden Vorw\u00fcrfe so schnell wie m\u00f6glich ausger\u00e4umt werden.<\/strong><\/h2>\n<p><strong><\/p>\n<div class=\"events-box big-box left\">\n<div class=\"frame\">\n        <a class=\"open-img EnlargeImage\" href=\"https:\/\/www.greenpeace.ch\/static\/planet4-switzerland-stateless\/2019\/05\/f5b88c69-f5b88c69-gp04tve-2.jpg\" title=\"Greenpeace-Mitarbeiter vor Ort versorgen die Arktissch\u00fctzer so gut wie es geht \"><br \/>\n            <img decoding=\"async\" id=\"ctl00_cphContentArea_epiEntryContent_ctl00_ctl02_Image1\" title=\"Greenpeace-Mitarbeiter vor Ort versorgen die Arktissch\u00fctzer so gut wie es geht \" class=\"Thumbnail\" src=\"https:\/\/www.greenpeace.ch\/static\/planet4-switzerland-stateless\/2019\/05\/f5b88c69-f5b88c69-gp04tve-2.jpg\" alt=\"Greenpeace-Mitarbeiter vor Ort versorgen die Arktissch\u00fctzer so gut wie es geht \" style=\"border-width:0px;\"><\/p>\n<p>        <\/a>\n    <\/div>\n<div class=\"events-content hidden-paragraph\">\n        <span class=\"date\"><\/span><br \/>\n        <strong>Greenpeace-Mitarbeiter vor Ort versorgen die Arktissch\u00fctzer so gut wie es geht <\/strong><\/p>\n<\/p>\n<\/div>\n<\/div>\n<p>\u00a0<\/strong><\/p>\n<p>\u00a0\u00abDer Vorwurf der Piraterie ist absurd, denn die Arktissch\u00fctzerinnen und Arktissch\u00fctzer haben nichts anderes getan, als sich absolut friedlich f\u00fcr den Erhalt unserer Lebensgrundlagen einzusetzen\u00bb, sagt Greenpeace Co-Gesch\u00e4ftsleiterin Verena Muehlberger. \u00abSie wollten die Welt darauf aufmerksam machen, dass Gazprom mit seinen \u00d6lbohrungen Russisches Roulette spielt mit einem der letzten intakten \u00d6kosysteme und dessen Menschen und Tiere\u00bb.<\/p>\n<p>Die mutigen Akrtissch\u00fctzerinnen und Arktissch\u00fctzer protestierten friedlich gegen die Gazprom-\u00d6lplattform, weil sie sich moralisch dazu verpflichtet f\u00fchlten, die langsame aber unerbitterliche Zerst\u00f6rung der Arktis aufzuzeigen. \u00d6lbohrungen bedrohen eine einzigartige Region und seine Bewohner. Sie heizen auch die Klimaerw\u00e4rmung weiter an. Die Konzerne, die f\u00fcr diese verantwortlich sind, wollen davon nun profitieren.<\/p>\n<p>Die friedliche Protestaktion von Marco und seinen Kollegen und Kolleginnen gegen die gef\u00e4hrlichen \u00d6lbohrpl\u00e4ne des \u00d6lkonzerns Gazprom ist Teil einer internationalen Kampagne von Greenpeace zum Schutz der Arktis. Auch andere \u00d6lkonzerne wie beispielsweise Shell und Statoil planen \u00d6lbohrungen in der Arktis. Greenpeace will die \u00d6lbohrungen aller Konzerne in der Arktis stoppen und fordert die Errichtung eines internationalen Schutzgebietes rund um den Nordpol.<\/p>\n<p>Hintergrundinformationen zu Gazprom finden Sie <a href=\"http:\/\/www.greenpeace.org\/switzerland\/de\/Themen\/Arktis\/10-Gruende-weshalb-wir-gegen-die-Gazprom-oelplattform-Prirazlomnaya-etwas-unternehmen-muessen\/\" target=\"_blank\" rel=\"noopener noreferrer\">hier:<\/a><\/p>\n<p>Bereits 900&#8217;000 Menschen weltweit haben einen Appell an die russische Regierung unterschieben.\u00a0<a href=\"http:\/\/www.greenpeace.org\/switzerland\/de\/Themen\/Arktis\/free-our-activists\/\" target=\"_blank\" rel=\"noopener noreferrer\">Auch Sie k\u00f6nnen sich f\u00fcr die Arktissch\u00fctzerinnen und Arktissch\u00fctzer einsetzen:\u00a0<span>Schreiben sie an die russische Botschaft und fordern Sie die sofortige Freilassung von Marco Weber und der ganzen Besatzung der Arctic Sunrise!<\/span><\/a><\/p>\n<\/div>\n<\/div>\n","protected":false},"excerpt":{"rendered":"<p>Die russische Staatsanwaltschaft hat gegen 28 Arktissch\u00fctzerinnen und Arktissch\u00fctzer sowie zwei Video- und Fotojournalisten Anklage wegen Piraterie erhoben. Unter den Angeklagten befindet sich auch der Schweizer Marco Weber. Greenpeace Schweiz&hellip;<\/p>\n","protected":false},"author":23,"featured_media":12042,"comment_status":"closed","ping_status":"open","sticky":false,"template":"","format":"standard","meta":{"_acf_changed":false,"_planet4_optimize_post_is_variant":false,"_planet4_optimize_experiment_name":"","_planet4_optimize_variant_name":"","ep_exclude_from_search":false,"p4_og_title":"","p4_og_description":"","p4_og_image":"","p4_og_image_id":"","p4_seo_canonical_url":"","p4_campaign_name":"","p4_local_project":"","p4_basket_name":"","p4_department":"","footnotes":""},"categories":[1],"tags":[50],"p4-page-type":[75],"gpch-article-type":[],"class_list":["post-12040","post","type-post","status-publish","format-standard","has-post-thumbnail","hentry","category-unkategorisiert","tag-klima","p4-page-type-story"],"acf":[],"_links":{"self":[{"href":"https:\/\/www.greenpeace.ch\/de\/wp-json\/wp\/v2\/posts\/12040","targetHints":{"allow":["GET"]}}],"collection":[{"href":"https:\/\/www.greenpeace.ch\/de\/wp-json\/wp\/v2\/posts"}],"about":[{"href":"https:\/\/www.greenpeace.ch\/de\/wp-json\/wp\/v2\/types\/post"}],"author":[{"embeddable":true,"href":"https:\/\/www.greenpeace.ch\/de\/wp-json\/wp\/v2\/users\/23"}],"replies":[{"embeddable":true,"href":"https:\/\/www.greenpeace.ch\/de\/wp-json\/wp\/v2\/comments?post=12040"}],"version-history":[{"count":0,"href":"https:\/\/www.greenpeace.ch\/de\/wp-json\/wp\/v2\/posts\/12040\/revisions"}],"wp:featuredmedia":[{"embeddable":true,"href":"https:\/\/www.greenpeace.ch\/de\/wp-json\/wp\/v2\/media\/12042"}],"wp:attachment":[{"href":"https:\/\/www.greenpeace.ch\/de\/wp-json\/wp\/v2\/media?parent=12040"}],"wp:term":[{"taxonomy":"category","embeddable":true,"href":"https:\/\/www.greenpeace.ch\/de\/wp-json\/wp\/v2\/categories?post=12040"},{"taxonomy":"post_tag","embeddable":true,"href":"https:\/\/www.greenpeace.ch\/de\/wp-json\/wp\/v2\/tags?post=12040"},{"taxonomy":"p4-page-type","embeddable":true,"href":"https:\/\/www.greenpeace.ch\/de\/wp-json\/wp\/v2\/p4-page-type?post=12040"},{"taxonomy":"gpch-article-type","embeddable":true,"href":"https:\/\/www.greenpeace.ch\/de\/wp-json\/wp\/v2\/gpch-article-type?post=12040"}],"curies":[{"name":"wp","href":"https:\/\/api.w.org\/{rel}","templated":true}]}}