{"id":12048,"date":"2013-10-05T00:00:00","date_gmt":"2013-10-04T22:00:00","guid":{"rendered":"https:\/\/master.greenpeace.ch\/beitrag\/12048\/internationaler-tag-der-solidaritaet-mit-der-inhaftierten-greenpeace-crew\/"},"modified":"2019-05-30T11:20:02","modified_gmt":"2019-05-30T09:20:02","slug":"internationaler-tag-der-solidaritaet-mit-der-inhaftierten-greenpeace-crew","status":"publish","type":"post","link":"https:\/\/www.greenpeace.ch\/de\/story\/12048\/internationaler-tag-der-solidaritaet-mit-der-inhaftierten-greenpeace-crew\/","title":{"rendered":"Internationaler Tag der Solidarit\u00e4t mit der inhaftierten Greenpeace-Crew"},"content":{"rendered":"<p><b>Im Rahmen eines internationalen Tages der Solidarit\u00e4t mit den &#171;Arctic 30&#187; protestieren ca 60 Greenpeace-Aktivisten am Samstag (5. Oktober) in Pr\u00eales im Jura auf leise Art f\u00fcr die Freilassung der Arctic Sunrise-Besatzung, die in Russland nach friedlichen Protesten an einer Gazprom-Bohrinsel wegen Piraterie angeklagt ist. Sie bildeten ein Menschenbanner mit dem Schriftzug &#171;Free Marco&#187;.<\/b><\/p>\n<div class=\"post-content\">\n<div>\n<p><strong>Im Rahmen eines internationalen Tages der Solidarit\u00e4t mit den &#171;Arctic 30&#187; protestieren ca 60 Greenpeace-Aktivisten am Samstag (5. Oktober) in Pr\u00eales im Jura auf leise Art f\u00fcr die Freilassung der Arctic Sunrise-Besatzung, die in Russland nach friedlichen Protesten an einer Gazprom-Bohrinsel wegen Piraterie angeklagt ist. Sie bildeten ein Menschenbanner mit dem Schriftzug &#171;Free Marco&#187;.<\/strong><\/p>\n<\/p>\n<div class=\"events-box big-box left\">\n<div class=\"frame\">\n        <a class=\"open-img EnlargeImage\" href=\"https:\/\/www.greenpeace.ch\/static\/planet4-switzerland-stateless\/2019\/05\/897b14a6-897b14a6-gp04uj0.jpg\" title=\"Ca. 60 Greenpeace-Aktivisten bilden ein Menschenbanner mit dem Schriftzug \" free=\"\" marco=\"\"><br \/>\n            <img decoding=\"async\" id=\"ctl00_cphContentArea_epiEntryContent_ctl00_ctl02_Image1\" title='Ca. 60 Greenpeace-Aktivisten bilden ein Menschenbanner mit dem Schriftzug \"Free Marco\"' class=\"Thumbnail\" src=\"https:\/\/www.greenpeace.ch\/static\/planet4-switzerland-stateless\/2019\/05\/897b14a6-897b14a6-gp04uj0.jpg\" alt='Ca. 60 Greenpeace-Aktivisten bilden ein Menschenbanner mit dem Schriftzug \"Free Marco\"' style=\"border-width:0px;\"><\/p>\n<p>        <\/a>\n    <\/div>\n<div class=\"events-content\">\n        <span class=\"date\">Sonntag, 6. Oktober 2013<\/span><br \/>\n        <strong>Ca. 60 Greenpeace-Aktivisten bilden ein Menschenbanner mit dem Schriftzug &#171;Free Marco&#187;<\/strong><\/p>\n<p>\n            \u00a9Greenpeace\/Ex-Press\/Flurin Bertschinger\n        <\/p>\n<\/p>\n<\/div>\n<\/div>\n<p>\u00a0<\/p>\n<p>Wegen friedlicher Proteste gegen \u00d6lbohrungen von Gazprom steht die 30-k\u00f6pfige Besatzung der Arctic Sunrise in Murmansk vor Gericht. Sie sind wegen \u201ebandenm\u00e4\u00dfiger Piraterie\u201c angeklagt \u2013 und damit drohen ihnen bis zu 15 Jahren Haft. Eine v\u00f6llig absurde Anklage. Denn Gefahr f\u00fcr die Arktis geht von \u00d6lkonzernen wie Gazprom oder Shell aus, nicht von friedlichen Protesten. Greenpeace fordert, dass die Aktivisten und Journalisten sofort freigelassen werden. Internationale Rechtsexperten und der russische Pr\u00e4sident Putin haben bereits vor einer Woche gesagt, dass der Greenpeace-Protest keine Piraterie sei.<\/p>\n<p><a title=\"free the arctic 30\" href=\"http:\/\/www.greenpeace.ch\/30\" target=\"_blank\" rel=\"noopener noreferrer\"><strong>Bitte unterst\u00fctzen Sie unsere Protestmail-Aktion f\u00fcr die Freilassung der Aktivisten!<\/strong><\/a><\/p>\n<p>Im Rahmen eines weltweiten Solidarit\u00e4ts-Tages sind am 5. Oktober Greenpeace-Aktivisten und B\u00fcrger in 45 L\u00e4ndern f\u00fcr die &#171;Arctic 30&#187; auf die Stra\u00dfe gegangen. Beispielsweise in Stockholm, Mexiko-Stadt, Istanbul, Taipeh, Tokyo, Berlin und Hamburg.<\/p>\n<p><iframe loading=\"lazy\" width=\"600\" height=\"450\" src=\"\/\/www.youtube.com\/embed\/hfoEkjPVLRE?rel=0\" frameborder=\"0\" allowfullscreen=\"\"><\/iframe>\u00a0<\/p>\n<p>Knapp eine Million Menschen haben bisher die Petition f\u00fcr die Freilassung der Aktivisten im Internet unterschrieben. Hier k\u00f6nnen Sie es ihnen gleichtun:\u00a0<a href=\"http:\/\/www.greenpeace.org\/switzerland\/de\/Themen\/Arktis\/free-our-activists\/\">Appell an die russische Regierung<\/a><\/p>\n<\/div>\n<\/div>\n","protected":false},"excerpt":{"rendered":"<p>Im Rahmen eines internationalen Tages der Solidarit\u00e4t mit den &#8220;Arctic 30&#8221; protestieren ca 60 Greenpeace-Aktivisten am Samstag (5. Oktober) in Pr\u00eales im Jura auf leise Art f\u00fcr die Freilassung der&hellip;<\/p>\n","protected":false},"author":23,"featured_media":12050,"comment_status":"closed","ping_status":"open","sticky":false,"template":"","format":"standard","meta":{"_acf_changed":false,"_planet4_optimize_post_is_variant":false,"_planet4_optimize_experiment_name":"","_planet4_optimize_variant_name":"","ep_exclude_from_search":false,"p4_og_title":"","p4_og_description":"","p4_og_image":"","p4_og_image_id":"","p4_seo_canonical_url":"","p4_campaign_name":"","p4_local_project":"","p4_basket_name":"","p4_department":"","footnotes":""},"categories":[1],"tags":[50],"p4-page-type":[75],"gpch-article-type":[],"class_list":["post-12048","post","type-post","status-publish","format-standard","has-post-thumbnail","hentry","category-unkategorisiert","tag-klima","p4-page-type-story"],"acf":[],"_links":{"self":[{"href":"https:\/\/www.greenpeace.ch\/de\/wp-json\/wp\/v2\/posts\/12048","targetHints":{"allow":["GET"]}}],"collection":[{"href":"https:\/\/www.greenpeace.ch\/de\/wp-json\/wp\/v2\/posts"}],"about":[{"href":"https:\/\/www.greenpeace.ch\/de\/wp-json\/wp\/v2\/types\/post"}],"author":[{"embeddable":true,"href":"https:\/\/www.greenpeace.ch\/de\/wp-json\/wp\/v2\/users\/23"}],"replies":[{"embeddable":true,"href":"https:\/\/www.greenpeace.ch\/de\/wp-json\/wp\/v2\/comments?post=12048"}],"version-history":[{"count":0,"href":"https:\/\/www.greenpeace.ch\/de\/wp-json\/wp\/v2\/posts\/12048\/revisions"}],"wp:featuredmedia":[{"embeddable":true,"href":"https:\/\/www.greenpeace.ch\/de\/wp-json\/wp\/v2\/media\/12050"}],"wp:attachment":[{"href":"https:\/\/www.greenpeace.ch\/de\/wp-json\/wp\/v2\/media?parent=12048"}],"wp:term":[{"taxonomy":"category","embeddable":true,"href":"https:\/\/www.greenpeace.ch\/de\/wp-json\/wp\/v2\/categories?post=12048"},{"taxonomy":"post_tag","embeddable":true,"href":"https:\/\/www.greenpeace.ch\/de\/wp-json\/wp\/v2\/tags?post=12048"},{"taxonomy":"p4-page-type","embeddable":true,"href":"https:\/\/www.greenpeace.ch\/de\/wp-json\/wp\/v2\/p4-page-type?post=12048"},{"taxonomy":"gpch-article-type","embeddable":true,"href":"https:\/\/www.greenpeace.ch\/de\/wp-json\/wp\/v2\/gpch-article-type?post=12048"}],"curies":[{"name":"wp","href":"https:\/\/api.w.org\/{rel}","templated":true}]}}