{"id":12052,"date":"2013-09-29T00:00:00","date_gmt":"2013-09-28T22:00:00","guid":{"rendered":"https:\/\/master.greenpeace.ch\/beitrag\/12052\/500-menschen-und-eine-botschaft-wir-sind-auch-arktisschuetzerinnen\/"},"modified":"2019-05-30T11:20:15","modified_gmt":"2019-05-30T09:20:15","slug":"500-menschen-und-eine-botschaft-wir-sind-auch-arktisschuetzerinnen","status":"publish","type":"post","link":"https:\/\/www.greenpeace.ch\/de\/story\/12052\/500-menschen-und-eine-botschaft-wir-sind-auch-arktisschuetzerinnen\/","title":{"rendered":"500 Menschen und eine Botschaft: \u00abWir sind auch Arktissch\u00fctzerInnen\u00bb"},"content":{"rendered":"<p><b>Vor der russischen Botschaft in Bern hat am Sonntag Nachmittag eine friedliche Solidarit\u00e4tskundgebung stattgefunden: Etwa 500 Menschen demonstrierten ihre Unterst\u00fctzung f\u00fcr die 28 Arktissch\u00fctzerinnen und Arktissch\u00fctzer sowie die beiden Video- und Fotojournalisten, die sich zurzeit immer noch in Untersuchungshaft in Murmansk befinden, weil sie friedlich gegen die umweltsch\u00e4dlichen \u00d6lbohrungen von Gazprom protestiert hatten.<\/b><\/p>\n<div class=\"post-content\">\n<div>\n<h3><strong>Vor der russischen Botschaft in Bern hat am Sonntag Nachmittag eine friedliche Solidarit\u00e4tskundgebung stattgefunden: Etwa 500 Menschen demonstrierten ihre Unterst\u00fctzung f\u00fcr die 28 Arktissch\u00fctzerinnen und Arktissch\u00fctzer sowie die beiden Video- und Fotojournalisten, die sich zurzeit immer noch in Untersuchungshaft in Murmansk befinden, weil sie friedlich gegen die umweltsch\u00e4dlichen \u00d6lbohrungen von Gazprom protestiert hatten.<\/strong><\/h3>\n<p><strong><\/p>\n<div class=\"events-box big-box left\">\n<div class=\"frame\">\n        <a class=\"open-img EnlargeImage\" href=\"https:\/\/www.greenpeace.ch\/static\/planet4-switzerland-stateless\/2019\/05\/6c5b2806-6c5b2806-js_02_2p1a5566.jpg\" title=\"\"><br \/>\n            <img decoding=\"async\" id=\"ctl00_cphContentArea_epiEntryContent_ctl00_ctl02_Image1\" class=\"Thumbnail\" src=\"https:\/\/www.greenpeace.ch\/static\/planet4-switzerland-stateless\/2019\/05\/6c5b2806-6c5b2806-js_02_2p1a5566.jpg\" alt=\"\" style=\"border-width:0px;\"><\/p>\n<p>        <\/a>\n    <\/div>\n<div class=\"events-content no-title\">\n        <span class=\"date\"><\/span><br \/>\n        <strong><\/strong><\/p>\n<p>\n            \u00a9 Greenpeace \/ Jonas Scheu\n        <\/p>\n<\/p>\n<\/div>\n<\/div>\n<p>\u00a0<\/strong><\/p>\n<p>\u00abNicht genug, dass das sensible \u00d6kosystem in der Arktis in Gefahr ist und der Klimawandel ungebremst voranschreitet. Die Rede- und Meinungsfreiheit von uns allen ist in Gefahr, wenn die unverh\u00e4ltnism\u00e4ssige Vorgehensweise der russischen Beh\u00f6rden Schule machen sollte\u00bb, sagte der Gesch\u00e4ftsleiter von Greenpeace Schweiz Markus Allemann. \u00abDas Wegsperren der Besatzung der Arctic Sunrise darf uns nicht mundtot machen!\u00bb, f\u00fcgte er in seiner Rede hinzu.<\/p>\n<\/p>\n<div class=\"events-box small-box right\">\n<div class=\"frame\">\n        <a class=\"open-img EnlargeImage\" href=\"https:\/\/www.greenpeace.ch\/static\/planet4-switzerland-stateless\/2019\/05\/2a4876d3-2a4876d3-fototototo.jpg\" title=\"Olivia, 25 Jahre alt, und ihre Mutter reisten aus dem Kanton Schwyz nach Bern, um ihre Botschaft kundzutun: \" die=\"\" arktis=\"\" darf=\"\" nicht=\"\" zerst werden=\"\" tiere=\"\" und=\"\" umwelt=\"\" sind=\"\" wichtiger=\"\" als=\"\" das=\"\"><br \/>\n            <img decoding=\"async\" id=\"ctl00_cphContentArea_epiEntryContent_ctl00_ctl04_Image1\" title='Olivia, 25 Jahre alt, und ihre Mutter reisten aus dem Kanton Schwyz nach Bern, um ihre Botschaft kundzutun: \"Die Arktis darf nicht zerst\u00f6rt werden - Tiere und Umwelt sind wichtiger als das Geld!\".' class=\"Thumbnail\" src=\"https:\/\/www.greenpeace.ch\/static\/planet4-switzerland-stateless\/2019\/05\/2a4876d3-2a4876d3-fototototo.jpg\" alt='Olivia, 25 Jahre alt, und ihre Mutter reisten aus dem Kanton Schwyz nach Bern, um ihre Botschaft kundzutun: \"Die Arktis darf nicht zerst\u00f6rt werden - Tiere und Umwelt sind wichtiger als das Geld!\".' style=\"border-width:0px;\"><\/p>\n<p>        <\/a>\n    <\/div>\n<div class=\"events-content hidden-paragraph\">\n        <span class=\"date\"><\/span><br \/>\n        <strong>Olivia, 25 Jahre alt, und ihre Mutter reisten aus dem Kanton Schwyz nach Bern, um ihre Botschaft kundzutun: &#171;Die Arktis darf nicht zerst\u00f6rt werden &#8211; Tiere und Umwelt sind wichtiger als das Geld!&#187;.<\/strong><\/p>\n<\/p>\n<\/div>\n<\/div>\n<p>\u00a0<\/p>\n<p>Ein Appell an die russische Regierung f\u00fcr die sofortige Freilassung wurde weltweit bereits von mehr als 600&#8217;000 Menschen unterschrieben und in der Schweiz von 15&#8217;000. An der Kundgebung anwesend waren auch der symbolische Eisb\u00e4r von Greenpeace und der Panda des WWF. Zudem wurde eine schriftliche Botschaft des Vaters von Marco Weber &#8211; einer der festgehaltenen Arktissch\u00fctzer &#8211; vorgelesen: \u00abMein Sohn und seine Mitk\u00e4mpfer haben sich stellvertretend f\u00fcr uns alle vorne hingestellt. Sie haben ihre Angst \u00fcberwunden, weil ihr Anliegen so wichtig ist\u00bb.<\/p>\n<\/p>\n<div class=\"events-box small-box left\">\n<div class=\"frame\">\n        <a class=\"open-img EnlargeImage\" href=\"https:\/\/www.greenpeace.ch\/static\/planet4-switzerland-stateless\/2019\/05\/6ef2c23a-6ef2c23a-js_19_2p1a5680.jpg\" title=\"Der Greenpeace-Eisb\u00e4r und der WWF-Panda solidarisieren mit den Arktissch\u00fctzerinnen und Arktissch\u00fctzer\"><br \/>\n            <img decoding=\"async\" id=\"ctl00_cphContentArea_epiEntryContent_ctl00_ctl06_Image1\" title=\"Der Greenpeace-Eisb\u00e4r und der WWF-Panda solidarisieren mit den Arktissch\u00fctzerinnen und Arktissch\u00fctzer\" class=\"Thumbnail\" src=\"https:\/\/www.greenpeace.ch\/static\/planet4-switzerland-stateless\/2019\/05\/6ef2c23a-6ef2c23a-js_19_2p1a5680.jpg\" alt=\"Der Greenpeace-Eisb\u00e4r und der WWF-Panda solidarisieren mit den Arktissch\u00fctzerinnen und Arktissch\u00fctzer\" style=\"border-width:0px;\"><\/p>\n<p>        <\/a>\n    <\/div>\n<div class=\"events-content hidden-paragraph\">\n        <span class=\"date\"><\/span><br \/>\n        <strong>Der Greenpeace-Eisb\u00e4r und der WWF-Panda solidarisieren mit den Arktissch\u00fctzerinnen und Arktissch\u00fctzer<\/strong><\/p>\n<\/p>\n<\/div>\n<\/div>\n<p>\u00a0<\/p>\n<p>Auch Greenpeace wird sich vom Vorgehen der russischen Beh\u00f6rden nicht einsch\u00fcchtern lassen: In den n\u00e4chsten Tagen wird gegen die zweimonatige Untersuchungshaft Berufung eingelegt. In der Zwischenzeit wird alles unternommen, damit die Arktissch\u00fctzerinnen und Arktissch\u00fctzer Zugang zu einem Anwalt ihrer Wahl, zu konsularischen Diensten, \u00dcbersetzern und Menschenrechtsinspektoren haben. Die Niederlande pr\u00fcfen zudem rechtliche Schritte vor dem internationalen Seegerichtshof, weil das Greenpeace-Schiff Arctic Sunrise in internationalen Gew\u00e4ssern illegal geentert wurde.<\/p>\n<p><a href=\"http:\/\/www.greenpeace.org\/switzerland\/de\/Themen\/Arktis\/free-our-activists\/\" target=\"_blank\" rel=\"noopener noreferrer\">Auch Sie k\u00f6nnen sich f\u00fcr die Arktissch\u00fctzerinnen und Arktissch\u00fctzer einsetzen:\u00a0<span>Schreiben sie an die russische Botschaft und fordern Sie die sofortige Freilassung von Marco Weber und der ganzen Besatzung der Arctic Sunrise!<\/span><\/a>\u00a0<\/p>\n<p><iframe loading=\"lazy\" width=\"600\" height=\"450\" src=\"\/\/www.youtube.com\/embed\/CJtIOGThVPY\" frameborder=\"0\" allowfullscreen=\"\"><\/iframe>\u00a0<\/p>\n<\/div>\n<\/div>\n","protected":false},"excerpt":{"rendered":"<p>Vor der russischen Botschaft in Bern hat am Sonntag Nachmittag eine friedliche Solidarit\u00e4tskundgebung stattgefunden: Etwa 500 Menschen demonstrierten ihre Unterst\u00fctzung f\u00fcr die 28 Arktissch\u00fctzerinnen und Arktissch\u00fctzer sowie die beiden Video-&hellip;<\/p>\n","protected":false},"author":23,"featured_media":12054,"comment_status":"closed","ping_status":"open","sticky":false,"template":"","format":"standard","meta":{"_acf_changed":false,"_planet4_optimize_post_is_variant":false,"_planet4_optimize_experiment_name":"","_planet4_optimize_variant_name":"","ep_exclude_from_search":false,"p4_og_title":"","p4_og_description":"","p4_og_image":"","p4_og_image_id":"","p4_seo_canonical_url":"","p4_campaign_name":"","p4_local_project":"","p4_basket_name":"","p4_department":"","footnotes":""},"categories":[1],"tags":[50],"p4-page-type":[75],"gpch-article-type":[],"class_list":["post-12052","post","type-post","status-publish","format-standard","has-post-thumbnail","hentry","category-unkategorisiert","tag-klima","p4-page-type-story"],"acf":[],"_links":{"self":[{"href":"https:\/\/www.greenpeace.ch\/de\/wp-json\/wp\/v2\/posts\/12052","targetHints":{"allow":["GET"]}}],"collection":[{"href":"https:\/\/www.greenpeace.ch\/de\/wp-json\/wp\/v2\/posts"}],"about":[{"href":"https:\/\/www.greenpeace.ch\/de\/wp-json\/wp\/v2\/types\/post"}],"author":[{"embeddable":true,"href":"https:\/\/www.greenpeace.ch\/de\/wp-json\/wp\/v2\/users\/23"}],"replies":[{"embeddable":true,"href":"https:\/\/www.greenpeace.ch\/de\/wp-json\/wp\/v2\/comments?post=12052"}],"version-history":[{"count":0,"href":"https:\/\/www.greenpeace.ch\/de\/wp-json\/wp\/v2\/posts\/12052\/revisions"}],"wp:featuredmedia":[{"embeddable":true,"href":"https:\/\/www.greenpeace.ch\/de\/wp-json\/wp\/v2\/media\/12054"}],"wp:attachment":[{"href":"https:\/\/www.greenpeace.ch\/de\/wp-json\/wp\/v2\/media?parent=12052"}],"wp:term":[{"taxonomy":"category","embeddable":true,"href":"https:\/\/www.greenpeace.ch\/de\/wp-json\/wp\/v2\/categories?post=12052"},{"taxonomy":"post_tag","embeddable":true,"href":"https:\/\/www.greenpeace.ch\/de\/wp-json\/wp\/v2\/tags?post=12052"},{"taxonomy":"p4-page-type","embeddable":true,"href":"https:\/\/www.greenpeace.ch\/de\/wp-json\/wp\/v2\/p4-page-type?post=12052"},{"taxonomy":"gpch-article-type","embeddable":true,"href":"https:\/\/www.greenpeace.ch\/de\/wp-json\/wp\/v2\/gpch-article-type?post=12052"}],"curies":[{"name":"wp","href":"https:\/\/api.w.org\/{rel}","templated":true}]}}