{"id":120555,"date":"2025-05-28T13:59:31","date_gmt":"2025-05-28T11:59:31","guid":{"rendered":"https:\/\/www.greenpeace.ch\/?p=120555"},"modified":"2025-06-25T14:49:07","modified_gmt":"2025-06-25T12:49:07","slug":"keine-beweise-und-kein-urteil-im-energy-transfer-prozess","status":"publish","type":"post","link":"https:\/\/www.greenpeace.ch\/de\/story\/120555\/keine-beweise-und-kein-urteil-im-energy-transfer-prozess\/","title":{"rendered":"Noch immer keine Beweise und kein endg\u00fcltiges Urteil im Energy Transfer-Prozess"},"content":{"rendered":"\n<p><strong>Greenpeace International hat heute bekannt gegeben, dass es im Rechtsstreit mit dem US-amerikanischen Unternehmen Energy Transfer weiterhin keine stichhaltigen Beweise gibt, die die Vorw\u00fcrfe des Unternehmens untermauern. Energy Transfer hatte Greenpeace beschuldigt, durch Protestaktionen gegen die Dakota Access Pipeline (DAPL) finanzielle Verluste verursacht zu haben.<\/strong><\/p>\n\n<p>Greenpeace-Angeklagte trafen Energy Transfer-Kl\u00e4ger in einer Nachverhandlung vor dem Staatsgericht von North Dakota, wo eine Jury im M\u00e4rz Greenpeace International und Greenpeace in den USA f\u00fcr einen absurden Schadensbetrag von mehr als 660 Millionen US-Dollar haftbar machte. Die Anh\u00f6rung behandelte einen Antrag der Greenpeace-Angeklagten, dass das Gericht&nbsp; trotz des gegenteiligen Jury-Urteils zu ihren Gunsten \u00fcber alle Anspr\u00fcche entscheiden solle, da die im Prozess vorgelegten Beweise rechtlich unzureichend seien, um zugunsten von Energy Transfer zu entscheiden. Das Gericht hat noch keine Entscheidung getroffen.<\/p>\n\n<p>Kristin Casper, Chefjustiziarin von Greenpeace International sagte: \u201eWir haben klare Argumente f\u00fcr die Abweisung aller rechtlichen Anspr\u00fcche gegen Greenpeace International vorgebracht, \u00fcber die das Gericht in North Dakota keine Zust\u00e4ndigkeit hat. Das einzige Beweisst\u00fcck f\u00fcr die Handlungen von Greenpeace International, \u00fcber das sich Energy Transfer beschwert hat, ist ein Solidarit\u00e4tsbrief, den Greenpeace International zusammen mit 500 anderen Organisationen unterzeichnet hat, der an Banken ausserhalb von North Dakota gerichtet war und unserer Meinung nach eindeutig durch das Recht auf freie Meinungs\u00e4usserung gesch\u00fctzt ist. Das Bezirksgericht hat die Pflicht, Fehler zu korrigieren. Jetzt ist es an der Zeit, dass das Gericht ein Urteil zugunsten von Greenpeace International f\u00e4llt.\u201c<\/p>\n\n<p>Deepa Padmanabha, leitende Rechtsberaterin von Greenpeace USA\u00a0sagte: \u201eDie heutige Anh\u00f6rung zeigt, wie Energy Transfer das Konzept der Solidarit\u00e4t instrumentalisiert. Ihre aufr\u00fchrerische Rhetorik und Bem\u00fchungen, verfassungsrechtlich gesch\u00fctztes Verhalten falsch darzustellen, \u00e4ndern nichts an der Tatsache, dass es fast acht Jahre sp\u00e4ter immer noch keine Beweise gibt, die die Anspr\u00fcche in diesem Fall st\u00fctzen. W\u00e4hrend wir in das n\u00e4chste Kapitel unserer rechtlichen Auseinandersetzung eintreten, werden wir weiterhin ihre offensichtlichen Versuche a\ufdecken, die Geschichte des von Indigenen gef\u00fchrten Widerstands in Standing Rock und die Rolle von Greenpeace umzuschreiben.\u201c<\/p>\n\n<p>Nach den Entscheidungen \u00fcber die Nachverhandlungsantr\u00e4ge ist der n\u00e4chste Schritt in den Verfahren in Mandan die Verk\u00fcndung eines endg\u00fcltigen Urteils durch Bezirksrichter Gion. Dies wird den Startschuss f\u00fcr das Berufungsverfahren beim Obersten Gerichtshof von North Dakota geben. Eine erste administrative Anh\u00f6rung in der Gegenklage von Greenpeace International gegen Energy Transfer wird am 2. Juli 2025 stattfinden \u2014 im ersten Einsatz des neuen Anti-SLAPP-Gesetzes der Europ\u00e4ischen Union.<\/p>\n","protected":false},"excerpt":{"rendered":"<p>Im Rechtsstreit mit Energy Transfer gibt es weiterhin keine stichhaltigen Beweise, die die Vorw\u00fcrfe des Unternehmens untermauern.<\/p>\n","protected":false},"author":31,"featured_media":120550,"comment_status":"closed","ping_status":"open","sticky":false,"template":"","format":"standard","meta":{"_acf_changed":false,"_planet4_optimize_post_is_variant":false,"_planet4_optimize_experiment_name":"","_planet4_optimize_variant_name":"","ep_exclude_from_search":false,"p4_og_title":"","p4_og_description":"","p4_og_image":"","p4_og_image_id":"","p4_seo_canonical_url":"","p4_campaign_name":"","p4_local_project":"","p4_basket_name":"","p4_department":"","footnotes":""},"categories":[1],"tags":[50,34],"p4-page-type":[75],"gpch-article-type":[],"class_list":["post-120555","post","type-post","status-publish","format-standard","has-post-thumbnail","hentry","category-unkategorisiert","tag-klima","tag-klimagerechtigkeit","p4-page-type-story"],"acf":[],"_links":{"self":[{"href":"https:\/\/www.greenpeace.ch\/de\/wp-json\/wp\/v2\/posts\/120555","targetHints":{"allow":["GET"]}}],"collection":[{"href":"https:\/\/www.greenpeace.ch\/de\/wp-json\/wp\/v2\/posts"}],"about":[{"href":"https:\/\/www.greenpeace.ch\/de\/wp-json\/wp\/v2\/types\/post"}],"author":[{"embeddable":true,"href":"https:\/\/www.greenpeace.ch\/de\/wp-json\/wp\/v2\/users\/31"}],"replies":[{"embeddable":true,"href":"https:\/\/www.greenpeace.ch\/de\/wp-json\/wp\/v2\/comments?post=120555"}],"version-history":[{"count":3,"href":"https:\/\/www.greenpeace.ch\/de\/wp-json\/wp\/v2\/posts\/120555\/revisions"}],"predecessor-version":[{"id":121898,"href":"https:\/\/www.greenpeace.ch\/de\/wp-json\/wp\/v2\/posts\/120555\/revisions\/121898"}],"wp:featuredmedia":[{"embeddable":true,"href":"https:\/\/www.greenpeace.ch\/de\/wp-json\/wp\/v2\/media\/120550"}],"wp:attachment":[{"href":"https:\/\/www.greenpeace.ch\/de\/wp-json\/wp\/v2\/media?parent=120555"}],"wp:term":[{"taxonomy":"category","embeddable":true,"href":"https:\/\/www.greenpeace.ch\/de\/wp-json\/wp\/v2\/categories?post=120555"},{"taxonomy":"post_tag","embeddable":true,"href":"https:\/\/www.greenpeace.ch\/de\/wp-json\/wp\/v2\/tags?post=120555"},{"taxonomy":"p4-page-type","embeddable":true,"href":"https:\/\/www.greenpeace.ch\/de\/wp-json\/wp\/v2\/p4-page-type?post=120555"},{"taxonomy":"gpch-article-type","embeddable":true,"href":"https:\/\/www.greenpeace.ch\/de\/wp-json\/wp\/v2\/gpch-article-type?post=120555"}],"curies":[{"name":"wp","href":"https:\/\/api.w.org\/{rel}","templated":true}]}}