{"id":12107,"date":"2013-09-19T00:00:00","date_gmt":"2013-09-18T22:00:00","guid":{"rendered":"https:\/\/master.greenpeace.ch\/beitrag\/12107\/atommuell-mission-impossible\/"},"modified":"2019-05-30T11:21:48","modified_gmt":"2019-05-30T09:21:48","slug":"atommuell-mission-impossible","status":"publish","type":"post","link":"https:\/\/www.greenpeace.ch\/de\/story\/12107\/atommuell-mission-impossible\/","title":{"rendered":"Atomm\u00fcll: Mission Impossible?"},"content":{"rendered":"<p><b><\/b><\/p>\n<div class=\"post-content\">\n<div>\n<p><img decoding=\"async\" title=\"Atomm\u00fcll\" src=\"https:\/\/www.greenpeace.ch\/static\/planet4-switzerland-stateless\/2019\/05\/7867e276-7867e276-86745_139940.jpg\" alt=\"Atomm\u00fcll\"><\/p>\n<p>\u00abAtomm\u00fcll: Die Entsorgung darf nicht anderen Generationen \u00fcberlassen werden\u00bb, so die Erkenntnis des Bundesamts f\u00fcr Energie (BfE) aufgrund einer\u00a0<a title=\"Umfrage\" href=\"http:\/\/www.bfe.admin.ch\/energie\/00588\/00589\/00644\/index.html?lang=de&amp;msg-id=50291\" target=\"_blank\" rel=\"noopener noreferrer\">Umfrage<\/a>.\u00a0Greenpeace fordert: Der Ursprung des \u00dcbels \u2013 die Atomkraftwerke &#8211; m\u00fcssen m\u00f6glichst rasch ausser Betrieb genommen werden.\u00a0<a title=\"Petition\" href=\"http:\/\/www.greenpeace.org\/switzerland\/de\/Kampagnen\/40-Jahre-sind-genug---neu\/\" target=\"_blank\" rel=\"noopener noreferrer\">40 Jahre sind genug<\/a>\u00a0\u2013 kein weiterer Atomm\u00fcll zu Lasten kommender Generationen!<\/p>\n<p><strong>Die Fronten haben sich verfestigt<\/strong><\/p>\n<p>Gegen\u00fcber 2008 ist der Anteil der Atomenergie-Gegner um 4 Prozentpunkte auf 57% angestiegen \u2013 jener der Bef\u00fcrworter ist praktisch gleich geblieben (41%). Der Anteil der \u00abWeiss nicht\u00bb-Antworten ist gesunken \u2013 die Fronten haben sich also verfestigt; zu einem fundamentalen Umschwung der Bev\u00f6lkerungsmeinung hat Fukushima allerdings nicht gef\u00fchrt.<\/p>\n<p><strong>Alle wollen JETZT eine L\u00f6sung \u2013 aber kaum jemand glaubt daran<\/strong><\/p>\n<p>Dass der Frage \u00abSind sie einverstanden, dass eine L\u00f6sung des Problems heute entwickelt werden soll und nicht kommenden Generation aufgeb\u00fcrdet werden darf?\u00bb 95% der Befragten zustimmen, verwundert nicht \u2013 nur glauben gleichzeitig 82%, dass es gar keine sichere L\u00f6sung gibt. Wie soll das aufgehen? Zumal es eine Binsenwahrheit ist, dass die Entsorgung des M\u00fclls sowieso kommenden Generationen aufgeb\u00fcrdet werden muss, es geht aus rein physikalischen Gr\u00fcnden und aufgrund unserer Lebenserwartung gar nicht anders.<\/p>\n<p><strong>Bev\u00f6lkerung f\u00fchlt sich schlecht informiert und hat wenig Vertrauen<\/strong><\/p>\n<p>Eine Mehrheit der Bev\u00f6lkerung (63%) f\u00fchlt sich zur Frage der Entsorgung radioaktiver Abf\u00e4lle schlecht informiert und vertraut den Informationen der Nagra (Nationale Genossenschaft\u00a0f\u00fcr die Lagerung radioaktiver Abf\u00e4lle)\u00a0nicht. Und dies trotz heftigen lokalen Debatten und aufw\u00e4ndigen PR-Kampagnen, wie z.B. der Wanderausstellung \u00ab<a title=\"time ride\" href=\"http:\/\/www.timeride.ch\/de\/timeride.htm\" target=\"_blank\" rel=\"noopener noreferrer\">Time Ride<\/a>\u00bb<\/p>\n<p><strong>Schluss mit Scheineinbezug und Sch\u00f6nf\u00e4rberei!<\/strong><\/p>\n<p>Die Resultate zeigen: Mit dem bisher praktizierten Schein-Einbezug der betroffenen B\u00fcrgerinnen und B\u00fcrger und mit Sch\u00f6nreden der Problematik l\u00e4sst sich die Bev\u00f6lkerung nicht an der Nase herumf\u00fchren. Gefordert sind ein echter Einbezug der Standortkantone in die Entscheidprozesse und ein schneller Ausstieg aus der Atomenergie, um die Menge an M\u00fcll nicht noch mehr zu vergr\u00f6ssern.<\/p>\n<p><strong>Helfen Sie mit, die Menge an Atomm\u00fcll zu begrenzen und unterschreiben Sie die Petition 40 Jahre sind genug!<\/strong><\/p>\n<p>\u00a0<\/p>\n<p><strong>\u00a0<\/strong><\/p>\n<p><script type=\"text\/javascript\" src=\"https:\/\/www.policat.org\/teaser_js2\/2500\"><\/script>\n<\/div>\n<\/p>\n<\/div>\n","protected":false},"excerpt":{"rendered":"<p>\u00abAtomm\u00fcll: Die Entsorgung darf nicht anderen Generationen \u00fcberlassen werden\u00bb, so die Erkenntnis des Bundesamts f\u00fcr Energie (BfE) aufgrund einer\u00a0Umfrage.\u00a0Greenpeace fordert: Der Ursprung des \u00dcbels \u2013 die Atomkraftwerke &#8211; m\u00fcssen m\u00f6glichst&hellip;<\/p>\n","protected":false},"author":23,"featured_media":12109,"comment_status":"closed","ping_status":"open","sticky":false,"template":"","format":"standard","meta":{"_acf_changed":false,"_planet4_optimize_post_is_variant":false,"_planet4_optimize_experiment_name":"","_planet4_optimize_variant_name":"","ep_exclude_from_search":false,"p4_og_title":"","p4_og_description":"","p4_og_image":"","p4_og_image_id":"","p4_seo_canonical_url":"","p4_campaign_name":"","p4_local_project":"","p4_basket_name":"","p4_department":"","footnotes":""},"categories":[1],"tags":[42],"p4-page-type":[75],"gpch-article-type":[],"class_list":["post-12107","post","type-post","status-publish","format-standard","has-post-thumbnail","hentry","category-unkategorisiert","tag-energie","p4-page-type-story"],"acf":[],"_links":{"self":[{"href":"https:\/\/www.greenpeace.ch\/de\/wp-json\/wp\/v2\/posts\/12107","targetHints":{"allow":["GET"]}}],"collection":[{"href":"https:\/\/www.greenpeace.ch\/de\/wp-json\/wp\/v2\/posts"}],"about":[{"href":"https:\/\/www.greenpeace.ch\/de\/wp-json\/wp\/v2\/types\/post"}],"author":[{"embeddable":true,"href":"https:\/\/www.greenpeace.ch\/de\/wp-json\/wp\/v2\/users\/23"}],"replies":[{"embeddable":true,"href":"https:\/\/www.greenpeace.ch\/de\/wp-json\/wp\/v2\/comments?post=12107"}],"version-history":[{"count":0,"href":"https:\/\/www.greenpeace.ch\/de\/wp-json\/wp\/v2\/posts\/12107\/revisions"}],"wp:featuredmedia":[{"embeddable":true,"href":"https:\/\/www.greenpeace.ch\/de\/wp-json\/wp\/v2\/media\/12109"}],"wp:attachment":[{"href":"https:\/\/www.greenpeace.ch\/de\/wp-json\/wp\/v2\/media?parent=12107"}],"wp:term":[{"taxonomy":"category","embeddable":true,"href":"https:\/\/www.greenpeace.ch\/de\/wp-json\/wp\/v2\/categories?post=12107"},{"taxonomy":"post_tag","embeddable":true,"href":"https:\/\/www.greenpeace.ch\/de\/wp-json\/wp\/v2\/tags?post=12107"},{"taxonomy":"p4-page-type","embeddable":true,"href":"https:\/\/www.greenpeace.ch\/de\/wp-json\/wp\/v2\/p4-page-type?post=12107"},{"taxonomy":"gpch-article-type","embeddable":true,"href":"https:\/\/www.greenpeace.ch\/de\/wp-json\/wp\/v2\/gpch-article-type?post=12107"}],"curies":[{"name":"wp","href":"https:\/\/api.w.org\/{rel}","templated":true}]}}