{"id":12125,"date":"2013-10-01T00:00:00","date_gmt":"2013-09-30T22:00:00","guid":{"rendered":"https:\/\/master.greenpeace.ch\/beitrag\/12125\/spektakel-in-basel-rote-karte-fuer-fussball-sponsor-gazprom\/"},"modified":"2019-07-09T14:43:49","modified_gmt":"2019-07-09T12:43:49","slug":"spektakel-in-basel-rote-karte-fuer-fussball-sponsor-gazprom","status":"publish","type":"post","link":"https:\/\/www.greenpeace.ch\/de\/story\/12125\/spektakel-in-basel-rote-karte-fuer-fussball-sponsor-gazprom\/","title":{"rendered":"Spektakel in Basel &#8211; Rote Karte f\u00fcr Fussball-Sponsor Gazprom"},"content":{"rendered":"\n<p><strong>Vor der imposanten und lautstarken Basler Zuschauerkulisse haben sich am Dienstag Abend zu Beginn des Champions-League-Spiels FC Basel gegen den FC Schalke 04 vier Greenpeace-Kletterer vom Dach des Basler Fussballstadions St. Jakob-Parks abgeseilt. Sie zeigten damit dem russischen Sponsor der Champions League und von Schalke 04 f\u00fcr <a href=\"http:\/\/www.greenpeace.org\/switzerland\/de\/Themen\/Arktis\/10-Gruende-weshalb-wir-gegen-die-Gazprom-oelplattform-Prirazlomnaya-etwas-unternehmen-muessen\/\">seine \u00d6lbohrpl\u00e4ne und r\u00fcden Fouls in der Arktis<\/a> die Rote Karte.<\/strong><\/p>\n\n<p><a href=\"http:\/\/www.greenpeace.org\/switzerland\/de\/Themen\/Arktis\/free-our-activists\/\" target=\"_blank\" rel=\"noreferrer noopener\">\u00abGAZPROM DON\u2019T FOUL THE ARCTIC\u00bb.&nbsp;<\/a>Mit diesem 28 Meter breiten Banner forderten die Kletteraktivisten den russischen Staatskonzern Gazprom auf, seine hochriskanten \u00d6lbohrungen in der Arktis zu stoppen.&nbsp;<a href=\"http:\/\/www.greenpeace.org\/switzerland\/de\/News_Stories\/Newsblog\/weltweiter-protest-gegen-untersuchungshaft-fu\/blog\/46802\/\">Zudem fordern sie die Freilassung der in Russland inhaftierten 30 Arktissch\u00fctzerinnen und Arktissch\u00fctzer, darunter Marco aus der Schweiz, die in internationalen Gew\u00e4ssern friedlich gegen Gazproms \u00d6lbohrpl\u00e4ne in der Arktis demonstriert hatten.<\/a><\/p>\n\n<p>Gazprom will im kommenden Jahr in der Petschorasee als erste \u00d6lgesellschaft der Welt die \u00d6lvorkommen n\u00f6rdlich der arktischen Eisgrenze kommerziell ausbeuten. Arbeiten der \u00d6lindustrie geh\u00f6ren zu den riskantesten Unternehmungen in der Arktis.&nbsp;<a href=\"http:\/\/www.greenpeace.org\/switzerland\/de\/News_Stories\/Newsblog\/einblick-ins-innere-einer-gazprom-oelplattfor\/blog\/46656\/\">Die Gazprom-\u00d6lplattform Prirazlomnaya besteht aus ausrangierten Teilen und entspricht nicht einmal den tiefen russischen Sicherheitsstandards.<\/a><\/p>\n\n<p>\u00abGazprom setzt mit seinen \u00d6lpl\u00e4nen das sensible \u00d6kosystem der Arktis aufs Spiel\u00bb, sagt Nadine Berthel von der Greenpeace-Arktiskampagne. \u00abDas Risiko einer \u00d6lkatastrophe ist in der Arktis besonders hoch, eine ad\u00e4quate Bek\u00e4mpfung hingegen unm\u00f6glich. Gazprom hat keine Offshore-Erfahrung und spielt Russisches Roulette mit der Arktis. Die Frage ist nicht ob, sondern wann es zu einem verheerenden \u00d6lunfall kommen wird.\u00bb<\/p>\n\n<p>Kaum an einem anderen Ort der Welt ist der Klimawandel sichtbarer als in der Arktis. \u00dcber 75 Prozent des arktischen Meereises ist in den letzten 30 Jahren verschwunden. Die Konzerne, die daf\u00fcr verantwortlich sind, wollen nun davon profitieren&nbsp;<strong>\u2013&nbsp;<\/strong>und das Weltklima weiter anheizen.<\/p>\n\n<p>Die Gazprom-Bohrstelle ist w\u00e4hrend knapp zwei Dritteln des Jahres mit Eis bedeckt, die Temperaturen k\u00f6nnen bis auf minus 50 Grad Celsius absinken. Dazu kommen heftige St\u00fcrme und lange Dunkelperioden w\u00e4hrend der Wintermonate. Auf diese Herausforderungen reagiert Gazprom mit einem v\u00f6llig unzureichenden Notfallplan. So lagert beispielsweise Material f\u00fcr die \u00d6lbek\u00e4mpfung im tausend Kilometer entfernten Murmansk. In den drei Naturschutzgebieten der Region leben Eisb\u00e4ren, Walrosse und seltene Meeresv\u00f6gel.<\/p>\n\n<p>Auch andere \u00d6lkonzerne wie Shell und Statoil planen \u00d6lbohrungen in eisigen arktischen Gew\u00e4ssern. Die Protestaktion in Basel ist Teil einer internationalen Kampagne von Greenpeace zum Schutz der Arktis. Die unabh\u00e4ngige Umweltorganisation k\u00e4mpft seit zwei Jahren f\u00fcr ein Schutzgebiet rund um den Nordpol. Wer sich daran beteiligen will, kann im Internet unter&nbsp;<a href=\"http:\/\/www.savethearctic.org\/\">www.savethearctic.org<\/a>&nbsp;seine Stimme f\u00fcr die Arktis abgeben.&nbsp;<a href=\"http:\/\/www.greenpeace.org\/switzerland\/de\/Themen\/Arktis\/free-our-activists\/?_ga=2.20555707.2067407651.1562569670-240196673.1561030936\">Und setzen Sie sich f\u00fcr die Freilassung von Marco und seinen in Russland inhaftierten Kolleginnen und Kollegen ein!<\/a><\/p>\n","protected":false},"excerpt":{"rendered":"<p>Vor der imposanten und lautstarken Basler Zuschauerkulisse haben sich am Dienstag Abend zu Beginn des Champions-League-Spiels FC Basel gegen den FC Schalke 04 vier Greenpeace-Kletterer vom Dach des Basler Fussballstadions&hellip;<\/p>\n","protected":false},"author":23,"featured_media":12127,"comment_status":"closed","ping_status":"open","sticky":false,"template":"","format":"standard","meta":{"_acf_changed":false,"_planet4_optimize_post_is_variant":false,"_planet4_optimize_experiment_name":"","_planet4_optimize_variant_name":"","ep_exclude_from_search":false,"p4_og_title":"","p4_og_description":"","p4_og_image":"","p4_og_image_id":"","p4_seo_canonical_url":"","p4_campaign_name":"","p4_local_project":"","p4_basket_name":"","p4_department":"","footnotes":""},"categories":[1],"tags":[42,50],"p4-page-type":[75],"gpch-article-type":[],"class_list":["post-12125","post","type-post","status-publish","format-standard","has-post-thumbnail","hentry","category-unkategorisiert","tag-energie","tag-klima","p4-page-type-story"],"acf":[],"_links":{"self":[{"href":"https:\/\/www.greenpeace.ch\/de\/wp-json\/wp\/v2\/posts\/12125","targetHints":{"allow":["GET"]}}],"collection":[{"href":"https:\/\/www.greenpeace.ch\/de\/wp-json\/wp\/v2\/posts"}],"about":[{"href":"https:\/\/www.greenpeace.ch\/de\/wp-json\/wp\/v2\/types\/post"}],"author":[{"embeddable":true,"href":"https:\/\/www.greenpeace.ch\/de\/wp-json\/wp\/v2\/users\/23"}],"replies":[{"embeddable":true,"href":"https:\/\/www.greenpeace.ch\/de\/wp-json\/wp\/v2\/comments?post=12125"}],"version-history":[{"count":0,"href":"https:\/\/www.greenpeace.ch\/de\/wp-json\/wp\/v2\/posts\/12125\/revisions"}],"wp:featuredmedia":[{"embeddable":true,"href":"https:\/\/www.greenpeace.ch\/de\/wp-json\/wp\/v2\/media\/12127"}],"wp:attachment":[{"href":"https:\/\/www.greenpeace.ch\/de\/wp-json\/wp\/v2\/media?parent=12125"}],"wp:term":[{"taxonomy":"category","embeddable":true,"href":"https:\/\/www.greenpeace.ch\/de\/wp-json\/wp\/v2\/categories?post=12125"},{"taxonomy":"post_tag","embeddable":true,"href":"https:\/\/www.greenpeace.ch\/de\/wp-json\/wp\/v2\/tags?post=12125"},{"taxonomy":"p4-page-type","embeddable":true,"href":"https:\/\/www.greenpeace.ch\/de\/wp-json\/wp\/v2\/p4-page-type?post=12125"},{"taxonomy":"gpch-article-type","embeddable":true,"href":"https:\/\/www.greenpeace.ch\/de\/wp-json\/wp\/v2\/gpch-article-type?post=12125"}],"curies":[{"name":"wp","href":"https:\/\/api.w.org\/{rel}","templated":true}]}}