{"id":12213,"date":"2013-08-09T00:00:00","date_gmt":"2013-08-08T22:00:00","guid":{"rendered":"https:\/\/master.greenpeace.ch\/beitrag\/12213\/greenpeaceler-aus-aller-welt-lernen-die-energiewende\/"},"modified":"2019-05-30T11:26:18","modified_gmt":"2019-05-30T09:26:18","slug":"greenpeaceler-aus-aller-welt-lernen-die-energiewende","status":"publish","type":"post","link":"https:\/\/www.greenpeace.ch\/de\/story\/12213\/greenpeaceler-aus-aller-welt-lernen-die-energiewende\/","title":{"rendered":"Greenpeace&#8217;ler aus aller Welt lernen die Energiewende"},"content":{"rendered":"<p><b><\/b><\/p>\n<div class=\"post-content\">\n<div>\n<div class=\"events-box small-box left\">\n<div class=\"frame\">\n        <a class=\"open-img EnlargeImage\" href=\"https:\/\/www.greenpeace.ch\/static\/planet4-switzerland-stateless\/2019\/05\/e0e3fec3-e0e3fec3-foj_5727_new.jpg\" title=\"\"><br \/>\n            <img decoding=\"async\" id=\"ctl00_cphContentArea_epiEntryContent_ctl00_ctl02_Image1\" class=\"Thumbnail\" src=\"https:\/\/www.greenpeace.ch\/static\/planet4-switzerland-stateless\/2019\/05\/e0e3fec3-e0e3fec3-foj_5727_new.jpg\" alt=\"\" style=\"border-width:0px;\"><\/p>\n<p>        <\/a>\n    <\/div>\n<div class=\"events-content\">\n        <span class=\"date\">Donnerstag, 8. August 2013<\/span><br \/>\n        <strong><\/strong><\/p>\n<p>\n            InternationalSolarCamp 2013 \u00a9 Greenpeace \/ Nicolas Fojtu\n        <\/p>\n<\/p>\n<\/div>\n<\/div>\n<p>Diese Woche fand auf dem Bauernhof der Familie Fl\u00fcckiger in Buchr\u00fctti (Gemeinde L\u00fctzelfl\u00fch im Emmental) das 13. Internationale Solarcamp von Jugendsolar statt. 19 GPs aus zehn L\u00e4ndern (Brasilien, Philippinen, Pal\u00e4stina, Senegal, Slowenien, S\u00fcdafrika, Deutschland, Frankreich, Niederlande und Schweiz) tauschten sich zum Thema Erneuerbare Energien aus und haben eine Photovoltaikanlage fertiggestellt, die bis Ende 2014 f\u00fcr Greenpeace 65 000 Kilowattstunden Strom produzieren wird. Der \u00f6kologische Mehrwert der Anlage wird demnach bis zur eintretenden KEV-Finanzierung von Greenpeace \u00fcbernommen.<\/p>\n<p>Die meisten TeilnehmerInnen bauten zum ersten Mal eine Solaranlage: \u201eWir alle k\u00f6nnen an der Energiewende mitwirken\u201c, sagt Vania aus Brasilien. Auch Landwirt und Bauherr Martin Fl\u00fcckiger zeigte sich begeistert: \u201eEs ist unglaublich, wie die Leute motiviert sind und sich trotz unterschiedlicher Herkunft so gut verstehen\u201c.<\/p>\n<p>Neben dem Bau der Anlage stand auch die Erstellung eines Solarkatasters f\u00fcr die Gemeinde Sumiswald auf dem Programm. Dabei lernten die Ausw\u00e4rtigen das Handwerk des Erfassens des Solarpotentials. Bewaffnet mit vier iPads und Winkelmessern zogen sie durch das Zentrum der Gemeinde Sumiswald. 377 D\u00e4cher wurden erfasst, die 3.7 Millionen Kilowattstunden Solarstrom pro Jahr liefern k\u00f6nnten.<\/p>\n<p>Das Vergn\u00fcgen kam trotz der vielen Arbeit nicht zu kurz: Sei es ein k\u00fchles Bad in der nahegelegenen Emme, ein verregneter Besuch des OpenAir-Kinos L\u00fctzelfl\u00fch (&#171;More than Honey&#187; \u2013 passend zur aktuellen <a href=\"http:\/\/www.greenpeace.org\/switzerland\/de\/Themen\/Landwirtschaft\/Bienen-und-Pestizide\/\">Bienenkampagne<\/a>) oder eine Exkursion zum <a href=\"http:\/\/www.energieerlebnis-langnau.ch\/\">Energieerlebnis Langnau<\/a>.<\/p>\n<p>Wir blicken auf ein erfolgreiches und inspirierendes Solarcamp 2013 zur\u00fcck und m\u00f6chten speziell dem Gastgeber, Familie Fl\u00fcckiger, danken. Nur dank solch toleranten und flexiblen Gastgebern ist ein Camp in solcher Form durchf\u00fchrbar. Wir freuen uns auf das Solarcamp 2014 und auf alle spannenden Projekte, die in aller Welt dank dem Gelernten lanciert werden.<\/p>\n<p>\u00a0<\/p>\n<p>Link zur Fotogalerie: <a href=\"http:\/\/www.greenpeace.org\/switzerland\/de\/Uber-uns\/Medienstelle\/Aktuelle-Medienbilder\/InternationalSolarCamp-2013\/\">hier<\/a>.<\/p>\n<\/div>\n<\/div>\n","protected":false},"excerpt":{"rendered":"<p>Donnerstag, 8. August 2013 InternationalSolarCamp 2013 \u00a9 Greenpeace \/ Nicolas Fojtu Diese Woche fand auf dem Bauernhof der Familie Fl\u00fcckiger in Buchr\u00fctti (Gemeinde L\u00fctzelfl\u00fch im Emmental) das 13. Internationale Solarcamp&hellip;<\/p>\n","protected":false},"author":23,"featured_media":0,"comment_status":"closed","ping_status":"open","sticky":false,"template":"","format":"standard","meta":{"_acf_changed":false,"_planet4_optimize_post_is_variant":false,"_planet4_optimize_experiment_name":"","_planet4_optimize_variant_name":"","ep_exclude_from_search":false,"p4_og_title":"","p4_og_description":"","p4_og_image":"","p4_og_image_id":"","p4_seo_canonical_url":"","p4_campaign_name":"","p4_local_project":"","p4_basket_name":"","p4_department":"","footnotes":""},"categories":[1],"tags":[50],"p4-page-type":[75],"gpch-article-type":[],"class_list":["post-12213","post","type-post","status-publish","format-standard","hentry","category-unkategorisiert","tag-klima","p4-page-type-story"],"acf":[],"_links":{"self":[{"href":"https:\/\/www.greenpeace.ch\/de\/wp-json\/wp\/v2\/posts\/12213","targetHints":{"allow":["GET"]}}],"collection":[{"href":"https:\/\/www.greenpeace.ch\/de\/wp-json\/wp\/v2\/posts"}],"about":[{"href":"https:\/\/www.greenpeace.ch\/de\/wp-json\/wp\/v2\/types\/post"}],"author":[{"embeddable":true,"href":"https:\/\/www.greenpeace.ch\/de\/wp-json\/wp\/v2\/users\/23"}],"replies":[{"embeddable":true,"href":"https:\/\/www.greenpeace.ch\/de\/wp-json\/wp\/v2\/comments?post=12213"}],"version-history":[{"count":0,"href":"https:\/\/www.greenpeace.ch\/de\/wp-json\/wp\/v2\/posts\/12213\/revisions"}],"wp:attachment":[{"href":"https:\/\/www.greenpeace.ch\/de\/wp-json\/wp\/v2\/media?parent=12213"}],"wp:term":[{"taxonomy":"category","embeddable":true,"href":"https:\/\/www.greenpeace.ch\/de\/wp-json\/wp\/v2\/categories?post=12213"},{"taxonomy":"post_tag","embeddable":true,"href":"https:\/\/www.greenpeace.ch\/de\/wp-json\/wp\/v2\/tags?post=12213"},{"taxonomy":"p4-page-type","embeddable":true,"href":"https:\/\/www.greenpeace.ch\/de\/wp-json\/wp\/v2\/p4-page-type?post=12213"},{"taxonomy":"gpch-article-type","embeddable":true,"href":"https:\/\/www.greenpeace.ch\/de\/wp-json\/wp\/v2\/gpch-article-type?post=12213"}],"curies":[{"name":"wp","href":"https:\/\/api.w.org\/{rel}","templated":true}]}}