{"id":12263,"date":"2013-08-08T00:00:00","date_gmt":"2013-08-07T22:00:00","guid":{"rendered":"https:\/\/master.greenpeace.ch\/beitrag\/12263\/ein-dorf-kaempft-ums-ueberleben-helfen-sie-mit\/"},"modified":"2019-05-30T11:27:31","modified_gmt":"2019-05-30T09:27:31","slug":"ein-dorf-kaempft-ums-ueberleben-helfen-sie-mit","status":"publish","type":"post","link":"https:\/\/www.greenpeace.ch\/de\/story\/12263\/ein-dorf-kaempft-ums-ueberleben-helfen-sie-mit\/","title":{"rendered":"Ein Dorf k\u00e4mpft ums \u00dcberleben \u2013 helfen Sie mit!"},"content":{"rendered":"<p><b>Proschim ist ein kleines Dorf in Ostdeutschland. Es steht f\u00fcr den europ\u00e4ischen Widerstand gegen die klimasch\u00e4dliche Braunkohle. Und k\u00e4mpft ums \u00dcberleben. Ein Besuch.<\/b><\/p>\n<div class=\"post-content\">\n<div>\n<h2><strong>Proschim ist ein kleines Dorf in Ostdeutschland. Es steht f\u00fcr den europ\u00e4ischen Widerstand gegen die klimasch\u00e4dliche Braunkohle. Und k\u00e4mpft ums \u00dcberleben. Ein Besuch.<\/strong><\/h2>\n<h3><strong><img decoding=\"async\" title=\"Widerstand gegen den Klima-Killer Kohle\" src=\"https:\/\/www.greenpeace.ch\/static\/planet4-switzerland-stateless\/2019\/05\/83bb3de1-83bb3de1-84749_136330.jpg\" alt=\"Proschim\"><\/strong><\/h3>\n<p>Als wir in Proschim ankommen, ist es h\u00f6llisch heiss: \u00abGehen wir in die Kirche, dort ist es etwas k\u00fchler\u00bb, sagt der 77-j\u00e4hrige Johannes Kapelle, einer der 300 Dorfbewohner. Hier, in der Lausitz-Region, besitzt der schwedische Energiekonzern Vattenfall Deutschlands zweitgr\u00f6sste Braunkohleabbaugebiet und will f\u00fcnf neue Tagebaue er\u00f6ffnen.<\/p>\n<p>Herr Kapelle lebt seit mehr als 50 Jahren in Proschim. Er war 14, als er in dieser Kirche zum ersten Mal die Orgel gespielt hat. Nur steht er an vorderster Front im Kampf gegen Vattenfall: \u201eDiese Kirche hat zwei Weltkriege \u00fcberlebt\u201c. Ob sie im n\u00e4chsten Jahr noch steht, ist allerdings fraglich: Vattenfall will in der Region 204 Millionen Tonnen Braunkohle f\u00f6rdern. Nur dank dem Engagement von Leuten wie Herrn Kapelle, die dabei ihre Heimat verlieren w\u00fcrden, wurde das Dorf noch nicht abgerissen.<\/p>\n<p><em>Sehen Sie einen Kurzfilm \u00fcber Herr Kapelle:<\/em><\/p>\n<p><iframe loading=\"lazy\" src=\"\/\/www.youtube.com\/embed\/p_Gx2QeOF7o?rel=0\" width=\"640\" height=\"360\"><\/iframe><\/p>\n<p><strong style=\"text-align: center;\">Der Widerstand w\u00e4chst<\/strong><\/p>\n<p>Im vergangenen Jahr musste das Planverfahren neu aufgerollt werden, weil B\u00fcrger und Umweltverb\u00e4nde bei der ersten \u00d6ffentlichkeitsbeteiligung schwere Planungsfehler entdeckt hatten. Beispielsweise ist die Sicherheitslinie von 150 Metern zwischen Wohnbebauung und Abbaukante zu gering. Ausserdem ist eine Verschlechterung des Grundwasser-Zustandes voraussehbar, was das europ\u00e4ische Wasserrecht verletzen w\u00fcrde.<\/p>\n<p>F\u00fcr die F\u00f6rderung der Braunkohle w\u00fcrde zudem die Landschaft auf vielen Quadratkilometern komplett zerst\u00f6rt \u2013 mitsamt allen D\u00f6rfern, W\u00e4ldern, Wiesen und Ackerb\u00f6den, die sich \u00fcber der Kohle befinden. Nach dem Abbau bleibt Kippengel\u00e4nde \u00fcbrig, das aufgrund von Standsicherheitsproblemen \u00fcber Jahrzehnte nicht betreten werden kann. Bis sich wieder eine fruchtbare Bodenkrume herausbildet vergehen Jahrhunderte.<\/p>\n<p><a title=\"Tagebau\" href=\"http:\/\/www.braunkohle.info\/Tagebau\" target=\"_blank\" rel=\"noopener noreferrer\"><em>Willkommen in der\u00a0H\u00f6lle<\/em><\/a><em>\u00a0\u2013 entdecken Sie das Lausitzer Braunkohlerevier in Brandenburg und Sachsen<\/em><em>.<\/em><\/p>\n<p><strong>Kohle hat keine Zukunft<\/strong><\/p>\n<p>Braunkohle ist der klimasch\u00e4dlichste aller Energietr\u00e4ger, denn Kohlkraftwerke stossen etwa dreimal so viel Kohlendioxid aus wie Gaskraftwerke. Trotz fortschreitender Klimaerw\u00e4rmung bleibt aber Kohle der weltweit meistverwendete Energietr\u00e4ger in der Stromerzeugung. Laut <a href=\"http:\/\/www.iea.org\/publications\/freepublications\/publication\/German.pdf\" target=\"_blank\" rel=\"noopener noreferrer\">Internationale Energie-Agentur<\/a> \u00a0wurde der Anstieg der weltweiten Energienachfrage in den letzten zehn Jahren fast zur H\u00e4lfte durch Kohle gedeckt. So wurde bei Kohle sogar ein st\u00e4rkeres Wachstum verzeichnet als bei erneuerbaren Energietr\u00e4gern.<\/p>\n<p>Um diese besorgniserregende Entwicklung zu stoppen, ist es f\u00fcr Europa und die Schweiz besonders wichtig, dass Deutschland keinen neuen Braunkohletagebau in Betrieb nimmt. Denn sonst wird die klimasch\u00e4dliche Kohle als weiterhin salonf\u00e4hig betrachtet und die Energiewende sabotiert.\u00a0<\/p>\n<p>Unterst\u00fctzen deshalb auch Sie unsere <a title=\"Einsprache\" href=\"https:\/\/service.greenpeace.de\/fileadmin\/gpd\/user_upload\/themen\/energie\/gp_kohle_UL_dt_fin_neu.pdf\" target=\"_blank\" rel=\"noopener noreferrer\">Einsprache<\/a> gegen den neuen Tagebau in der Lausitz.<\/p>\n<p><em>Hier finden Sie einen Aufruf der Bewohner von Proschim, darunter Herrn Kapelle:<\/em><\/p>\n<p><iframe loading=\"lazy\" src=\"\/\/www.youtube.com\/embed\/iorcDic8SSQ?rel=0\" width=\"640\" height=\"360\"><\/iframe><\/p>\n<\/div>\n<\/div>\n","protected":false},"excerpt":{"rendered":"<p>Proschim ist ein kleines Dorf in Ostdeutschland. Es steht f\u00fcr den europ\u00e4ischen Widerstand gegen die klimasch\u00e4dliche Braunkohle. Und k\u00e4mpft ums \u00dcberleben. Ein Besuch. Proschim ist ein kleines Dorf in Ostdeutschland.&hellip;<\/p>\n","protected":false},"author":23,"featured_media":12265,"comment_status":"closed","ping_status":"open","sticky":false,"template":"","format":"standard","meta":{"_acf_changed":false,"_planet4_optimize_post_is_variant":false,"_planet4_optimize_experiment_name":"","_planet4_optimize_variant_name":"","ep_exclude_from_search":false,"p4_og_title":"","p4_og_description":"","p4_og_image":"","p4_og_image_id":"","p4_seo_canonical_url":"","p4_campaign_name":"","p4_local_project":"","p4_basket_name":"","p4_department":"","footnotes":""},"categories":[1],"tags":[50],"p4-page-type":[75],"gpch-article-type":[],"class_list":["post-12263","post","type-post","status-publish","format-standard","has-post-thumbnail","hentry","category-unkategorisiert","tag-klima","p4-page-type-story"],"acf":[],"_links":{"self":[{"href":"https:\/\/www.greenpeace.ch\/de\/wp-json\/wp\/v2\/posts\/12263","targetHints":{"allow":["GET"]}}],"collection":[{"href":"https:\/\/www.greenpeace.ch\/de\/wp-json\/wp\/v2\/posts"}],"about":[{"href":"https:\/\/www.greenpeace.ch\/de\/wp-json\/wp\/v2\/types\/post"}],"author":[{"embeddable":true,"href":"https:\/\/www.greenpeace.ch\/de\/wp-json\/wp\/v2\/users\/23"}],"replies":[{"embeddable":true,"href":"https:\/\/www.greenpeace.ch\/de\/wp-json\/wp\/v2\/comments?post=12263"}],"version-history":[{"count":0,"href":"https:\/\/www.greenpeace.ch\/de\/wp-json\/wp\/v2\/posts\/12263\/revisions"}],"wp:featuredmedia":[{"embeddable":true,"href":"https:\/\/www.greenpeace.ch\/de\/wp-json\/wp\/v2\/media\/12265"}],"wp:attachment":[{"href":"https:\/\/www.greenpeace.ch\/de\/wp-json\/wp\/v2\/media?parent=12263"}],"wp:term":[{"taxonomy":"category","embeddable":true,"href":"https:\/\/www.greenpeace.ch\/de\/wp-json\/wp\/v2\/categories?post=12263"},{"taxonomy":"post_tag","embeddable":true,"href":"https:\/\/www.greenpeace.ch\/de\/wp-json\/wp\/v2\/tags?post=12263"},{"taxonomy":"p4-page-type","embeddable":true,"href":"https:\/\/www.greenpeace.ch\/de\/wp-json\/wp\/v2\/p4-page-type?post=12263"},{"taxonomy":"gpch-article-type","embeddable":true,"href":"https:\/\/www.greenpeace.ch\/de\/wp-json\/wp\/v2\/gpch-article-type?post=12263"}],"curies":[{"name":"wp","href":"https:\/\/api.w.org\/{rel}","templated":true}]}}