{"id":12356,"date":"2013-07-03T00:00:00","date_gmt":"2013-07-02T22:00:00","guid":{"rendered":"https:\/\/master.greenpeace.ch\/beitrag\/12356\/oesterreich-wird-atomstromfrei-ein-gutes-beispiel-fuer-die-schweiz\/"},"modified":"2019-05-30T11:30:48","modified_gmt":"2019-05-30T09:30:48","slug":"oesterreich-wird-atomstromfrei-ein-gutes-beispiel-fuer-die-schweiz","status":"publish","type":"post","link":"https:\/\/www.greenpeace.ch\/de\/story\/12356\/oesterreich-wird-atomstromfrei-ein-gutes-beispiel-fuer-die-schweiz\/","title":{"rendered":"\u00d6sterreich wird atomstromfrei &#8211; ein gutes Beispiel f\u00fcr die Schweiz"},"content":{"rendered":"<p><b>Zoom<\/p>\n<p>            \u00a9 Greenpeace\/Georg Mayer<\/p>\n<p>Nach drei Anti-Atomgipfeln zwischen Bundesregierung, Umweltorganisationen, und der E-Wirtschaft hat am Mittwoch\u00a0das \u00f6sterreichische Parlament die hundertprozentige Atomstromfreiheit\u00a0 beschlossen.<\/b><\/p>\n<div class=\"post-content\">\n<div>\n<h3 style=\"text-align: left;\"><strong><\/p>\n<div class=\"events-box middle-box left\">\n<div class=\"frame\">\n        <a class=\"open-img EnlargeImage\" href=\"https:\/\/www.greenpeace.ch\/static\/planet4-switzerland-stateless\/2019\/05\/a6f44493-a6f44493-oesterreich-atomausstieg.jpg\" title=\"\"><br \/>\n            <img decoding=\"async\" id=\"ctl00_cphContentArea_epiEntryContent_ctl00_ctl02_Image1\" class=\"Thumbnail\" src=\"https:\/\/www.greenpeace.ch\/static\/planet4-switzerland-stateless\/2019\/05\/a6f44493-a6f44493-oesterreich-atomausstieg.jpg\" alt=\"\" style=\"border-width:0px;\"><\/p>\n<p>        <\/a>\n    <\/div>\n<div class=\"events-content no-title\">\n        <span class=\"date\"><\/span><br \/>\n        <strong><\/strong><\/p>\n<p>\n            \u00a9 Greenpeace\/Georg Mayer\n        <\/p>\n<\/p>\n<\/div>\n<\/div>\n<p>Nach drei Anti-Atomgipfeln zwischen Bundesregierung,<br \/> Umweltorganisationen, und der E-Wirtschaft hat am Mittwoch\u00a0das \u00f6sterreichische Parlament die hundertprozentige Atomstromfreiheit\u00a0<br \/> beschlossen. <\/strong><\/h3>\n<p class=\"p1\">\u201e\u00d6sterreich ist europ\u00e4ischer Vorreiter bei der\u00a0Stromkennzeichnung. Eine neue \u00f6sterreichische Anti-Atom-Allianz\u00a0zwischen Regierung, Parteien, Wirtschaft und Umweltorganisationen\u00a0muss jetzt daf\u00fcr sorgen, dass weitere EU-L\u00e4nder nachziehen&#187;, sagt\u00a0Alexander Egit, Gesch\u00e4ftsf\u00fchrer von Greenpeace \u00d6sterreich.\u00a0<\/p>\n<p class=\"p2\">\u201eAuch die Schweiz muss sich am Nachbarland ein Beispiel nehmen, die Laufzeiten f\u00fcr alle Schweizer AKW auf 40 Jahre beschr\u00e4nken und Beznau sowie M\u00fchleberg sofort abschalten\u201c, f\u00fcgt der Atomcampaigner von Greenpeace Schweiz, Florian Kasser, hinzu. \u00a0<\/p>\n<p class=\"p2\">Das Gesetz zur Novellierung des ElWOG (Elektrizit\u00e4tswirtschafts- und -organisationsgesetz) sieht vor, dass jede Kilowattstunde Strom, die\u00a0nach \u00d6sterreich importiert wird, mit einem Herkunftszertifikat\u00a0versehen wird. Es wird also nicht mehr m\u00f6glich sein, 1\/3\u00a0Atomstromanteil im sogenannten Graustrom zu verstecken. Damit setzt\u00a0\u00d6sterreich als erstes Land konsequent die europ\u00e4ischen Richtlinien zu\u00a0einer transparenten Stromversorgung um.<\/p>\n<p class=\"p2\">\u00a0&#171;F\u00fcr die \u00f6sterreichischen Konsumentinnen und Konsumenten beginnt ein neues Zeitalter. Nicht nur k\u00f6nnen sie nun selbst ausschliesslich Strom aus atomfreien Quellen\u00a0beziehen, sie k\u00f6nnen auch sicher sein, dass f\u00fcr in \u00d6sterreich produzierte G\u00fcter kein Atomstrom verwendet wird&#187;, erl\u00e4utert Egit.<\/p>\n<p class=\"p2\">Besonders erfreut sind die Umweltorganisationen dar\u00fcber, dass die Regierungsparteien auch die umstrittene Ausnahmeregelung gestrichen haben, die den Anteil f\u00fcr Pumpverluste von Pumpspeicherkraftwerken von der Kennzeichnungspflicht ausgenommen h\u00e4tte. Als notwendigen n\u00e4chsten Schritt bezeichnen die Gesch\u00e4ftsf\u00fchrer der Umweltorganisationen, dass das \u00f6sterreichische Engagement gegen Atomkraft nun konsequent auf die europ\u00e4ische Ebene weiter getragen wird.\u00a0<\/p>\n<p class=\"p2\"><a href=\"http:\/\/www.greenpeace.org\/switzerland\/de\/Kampagnen\/40-Jahre-sind-genug---neu\/\">Hier k\u00f6nnen Sie unsere Petition unterschreiben<\/a>, die eine Laufzeitbeschr\u00e4nkung von 40 Jahren f\u00fcr alle Schweizer AKW verlangt.<\/p>\n<\/div>\n<\/div>\n","protected":false},"excerpt":{"rendered":"<p>Zoom \u00a9 Greenpeace\/Georg Mayer Nach drei Anti-Atomgipfeln zwischen Bundesregierung, Umweltorganisationen, und der E-Wirtschaft hat am Mittwoch\u00a0das \u00f6sterreichische Parlament die hundertprozentige Atomstromfreiheit\u00a0 beschlossen. \u00a9 Greenpeace\/Georg Mayer Nach drei Anti-Atomgipfeln zwischen Bundesregierung,&hellip;<\/p>\n","protected":false},"author":23,"featured_media":12358,"comment_status":"closed","ping_status":"open","sticky":false,"template":"","format":"standard","meta":{"_acf_changed":false,"_planet4_optimize_post_is_variant":false,"_planet4_optimize_experiment_name":"","_planet4_optimize_variant_name":"","ep_exclude_from_search":false,"p4_og_title":"","p4_og_description":"","p4_og_image":"","p4_og_image_id":"","p4_seo_canonical_url":"","p4_campaign_name":"","p4_local_project":"","p4_basket_name":"","p4_department":"","footnotes":""},"categories":[1],"tags":[50],"p4-page-type":[75],"gpch-article-type":[],"class_list":["post-12356","post","type-post","status-publish","format-standard","has-post-thumbnail","hentry","category-unkategorisiert","tag-klima","p4-page-type-story"],"acf":[],"_links":{"self":[{"href":"https:\/\/www.greenpeace.ch\/de\/wp-json\/wp\/v2\/posts\/12356","targetHints":{"allow":["GET"]}}],"collection":[{"href":"https:\/\/www.greenpeace.ch\/de\/wp-json\/wp\/v2\/posts"}],"about":[{"href":"https:\/\/www.greenpeace.ch\/de\/wp-json\/wp\/v2\/types\/post"}],"author":[{"embeddable":true,"href":"https:\/\/www.greenpeace.ch\/de\/wp-json\/wp\/v2\/users\/23"}],"replies":[{"embeddable":true,"href":"https:\/\/www.greenpeace.ch\/de\/wp-json\/wp\/v2\/comments?post=12356"}],"version-history":[{"count":0,"href":"https:\/\/www.greenpeace.ch\/de\/wp-json\/wp\/v2\/posts\/12356\/revisions"}],"wp:featuredmedia":[{"embeddable":true,"href":"https:\/\/www.greenpeace.ch\/de\/wp-json\/wp\/v2\/media\/12358"}],"wp:attachment":[{"href":"https:\/\/www.greenpeace.ch\/de\/wp-json\/wp\/v2\/media?parent=12356"}],"wp:term":[{"taxonomy":"category","embeddable":true,"href":"https:\/\/www.greenpeace.ch\/de\/wp-json\/wp\/v2\/categories?post=12356"},{"taxonomy":"post_tag","embeddable":true,"href":"https:\/\/www.greenpeace.ch\/de\/wp-json\/wp\/v2\/tags?post=12356"},{"taxonomy":"p4-page-type","embeddable":true,"href":"https:\/\/www.greenpeace.ch\/de\/wp-json\/wp\/v2\/p4-page-type?post=12356"},{"taxonomy":"gpch-article-type","embeddable":true,"href":"https:\/\/www.greenpeace.ch\/de\/wp-json\/wp\/v2\/gpch-article-type?post=12356"}],"curies":[{"name":"wp","href":"https:\/\/api.w.org\/{rel}","templated":true}]}}