{"id":12383,"date":"2013-06-19T00:00:00","date_gmt":"2013-06-18T22:00:00","guid":{"rendered":"https:\/\/master.greenpeace.ch\/beitrag\/12383\/nationalrat-laesst-sich-von-pestizid-industrie-an-der-nase-rumfuehren\/"},"modified":"2019-05-30T11:31:49","modified_gmt":"2019-05-30T09:31:49","slug":"nationalrat-laesst-sich-von-pestizid-industrie-an-der-nase-rumfuehren","status":"publish","type":"post","link":"https:\/\/www.greenpeace.ch\/de\/story\/12383\/nationalrat-laesst-sich-von-pestizid-industrie-an-der-nase-rumfuehren\/","title":{"rendered":"Nationalrat l\u00e4sst sich von Pestizid-Industrie an der Nase rumf\u00fchren"},"content":{"rendered":"<p>&nbsp;<\/p>\n<div class=\"post-content\">\n<div>\n<div class=\"events-box middle-box left\">\n<div class=\"frame\"><a class=\"open-img EnlargeImage\" title=\"\" href=\"https:\/\/www.greenpeace.ch\/static\/planet4-switzerland-stateless\/2019\/05\/ee07d758-ee07d758-130619_nr_bienenmotionen.jpg\"><br \/>\n<img decoding=\"async\" id=\"ctl00_cphContentArea_epiEntryContent_ctl00_ctl02_Image1\" class=\"Thumbnail\" style=\"border-width: 0px;\" src=\"https:\/\/www.greenpeace.ch\/static\/planet4-switzerland-stateless\/2019\/05\/ee07d758-ee07d758-130619_nr_bienenmotionen.jpg\" alt=\"\" \/><\/a>&nbsp;<\/p>\n<\/div>\n<div class=\"events-content\"><span class=\"date\">Mittwoch, 19. Juni 2013<\/span><br \/>\n28. Februar 2013, Greenpeace und Imkerinnen und Imker \u00fcbergeben der Bundesverwaltung eine Petition. Darin fordern \u00fcber 80&#8217;000 Menschen von den Beh\u00f6rden und der Politik ein Verbot von bienensch\u00e4dlichen Pestiziden. \u00a9 Greenpeace \/ Matthias Gunsch<\/p>\n<\/div>\n<\/div>\n<p>Der Nationalrat hat heute zwei Motionen <a href=\"http:\/\/www.parlament.ch\/d\/suche\/seiten\/geschaefte.aspx?gesch_id=20133372&amp;utm_source=id-k+Kommunikationsdesign&amp;utm_medium=email&amp;utm_campaign=19-06-2013+Gr%C3%BCne+Partei+Schweiz+%2F+Bienen+%2F+19.6.&amp;utm_content=Mailing_6164484\" target=\"_blank\" rel=\"noopener noreferrer\">der Umweltkommission<\/a> (UREK) und <a href=\"http:\/\/www.parlament.ch\/d\/suche\/seiten\/geschaefte.aspx?gesch_id=20133367&amp;utm_source=id-k+Kommunikationsdesign&amp;utm_medium=email&amp;utm_campaign=19-06-2013+Gr%C3%BCne+Partei+Schweiz+%2F+Bienen+%2F+19.6.&amp;utm_content=Mailing_6164484\" target=\"_blank\" rel=\"noopener noreferrer\">der Wissenschaftskommission<\/a> (WBK) angenommen, die die Erforschung des Bienensterbens bis 2015 sowie eine Reduktion des Risikos von Pestiziden in den n\u00e4chsten zehn Jahren beinhalten. Eine Motion zur Ausdehnung <a href=\"http:\/\/www.greenpeace.org\/switzerland\/de\/News_Stories\/Newsblog\/die-schweiz-zieht-mit-suspendierung-von-biene\/blog\/44994\/\" target=\"_blank\" rel=\"noopener noreferrer\">der vom Bundesamtes f\u00fcr Landwirtschaft<\/a> (BLW) f\u00fcr einzelne Pestizide beschlossenen Suspendierung auf weitere bienensch\u00e4dliche Substanzen und weitere Kulturen lehnte die Grosse Kammer mit 99:85 Stimmen bei drei Enthaltungen jedoch ab.<\/p>\n<p>Damit haben sich eine Mehrheit des Nationalrates sowie der Wirtschaftsminister Johann Schneider-Amann (FDP\/BE) <a href=\"http:\/\/www.greenpeace.org\/switzerland\/de\/News_Stories\/Newsblog\/bienenschuetzerinnen-und-bienenschuetzer-klag\/blog\/44760\/\" target=\"_blank\" rel=\"noopener noreferrer\">von der aggressiv lobbyierenden Agrochemie<\/a> an der Nase herumf\u00fchren lassen. Diese spielt die Toxizit\u00e4t der Bienenkiller-Pestizide herunter und s\u00e4t mit Unwahrheiten viel Angst bei den Schweizer Politikern. Und das gerade mal zwei Wochen, nachdem die Imker \u00f6ffentlich machten, dass in der Schweiz seit dem letzten Herbst \u00fcber ein Viertel der Bienenv\u00f6lker verendet sind.<\/p>\n<p>\u00abDer heutige Entscheid ist ein zu zaghafter Schritt hin zu einer bienenfreundlichen Landwirtschaft\u00bb, sagt Greenpeace-Landwirtschaftsexpertin Marianne K\u00fcnzle. \u00abWir werden alles daf\u00fcr tun, dass die heute entschiedenen Massnahmen nicht verw\u00e4ssert und weitere bienensch\u00e4dliche Pestizide vom Markt genommen werden\u00bb. Erfahrungen in Frankreich und Italien zeigen n\u00e4mlich, dass ein Verbot von gewissen Insektiziden nicht zur Ernteeinbussen f\u00fchren. Greenpeace setzt sich mit Volldampf f\u00fcr einen Paradigmenwechsel ein und fordert eine chemiefreie, \u00f6kologische Landwirtschaft.<\/p>\n<p>Im Februar hatte Greenpeace Schweiz zusammen mit Imkerinnen und Imkern den Beh\u00f6rden in Bern <a href=\"http:\/\/www.greenpeace.org\/switzerland\/de\/News_Stories\/Newsblog\/ueber-80000-menschen-verlangen-vom-bundesrat-\/blog\/44067\/\">eine Petition zum Schutz der Bienen \u00fcberreicht. <\/a>Darin unterst\u00fctzen \u00fcber 80\u2019000 Menschen unsere Forderungen.<\/p>\n<p>Die Schweizer Politik versagt. Doch Sie k\u00f6nnen den Bienen auch privat helfen. Auf <a class=\"zoom\" href=\"http:\/\/bienenschutz.ch\/\" target=\"_blank\" rel=\"noopener noreferrer\">www.bienenschutz.ch<\/a> erfahren Sie wie.<\/p>\n<\/div>\n<\/div>\n","protected":false},"excerpt":{"rendered":"<p>&nbsp; &nbsp; Mittwoch, 19. Juni 2013 28. Februar 2013, Greenpeace und Imkerinnen und Imker \u00fcbergeben der Bundesverwaltung eine Petition. Darin fordern \u00fcber 80&#8217;000 Menschen von den Beh\u00f6rden und der Politik&hellip;<\/p>\n","protected":false},"author":23,"featured_media":12385,"comment_status":"closed","ping_status":"open","sticky":false,"template":"","format":"standard","meta":{"_acf_changed":false,"_planet4_optimize_post_is_variant":false,"_planet4_optimize_experiment_name":"","_planet4_optimize_variant_name":"","ep_exclude_from_search":false,"p4_og_title":"","p4_og_description":"","p4_og_image":"","p4_og_image_id":"","p4_seo_canonical_url":"","p4_campaign_name":"","p4_local_project":"","p4_basket_name":"","p4_department":"","footnotes":""},"categories":[1],"tags":[33],"p4-page-type":[75],"gpch-article-type":[],"class_list":["post-12383","post","type-post","status-publish","format-standard","has-post-thumbnail","hentry","category-unkategorisiert","tag-ernaehrung","p4-page-type-story"],"acf":[],"_links":{"self":[{"href":"https:\/\/www.greenpeace.ch\/de\/wp-json\/wp\/v2\/posts\/12383","targetHints":{"allow":["GET"]}}],"collection":[{"href":"https:\/\/www.greenpeace.ch\/de\/wp-json\/wp\/v2\/posts"}],"about":[{"href":"https:\/\/www.greenpeace.ch\/de\/wp-json\/wp\/v2\/types\/post"}],"author":[{"embeddable":true,"href":"https:\/\/www.greenpeace.ch\/de\/wp-json\/wp\/v2\/users\/23"}],"replies":[{"embeddable":true,"href":"https:\/\/www.greenpeace.ch\/de\/wp-json\/wp\/v2\/comments?post=12383"}],"version-history":[{"count":0,"href":"https:\/\/www.greenpeace.ch\/de\/wp-json\/wp\/v2\/posts\/12383\/revisions"}],"wp:featuredmedia":[{"embeddable":true,"href":"https:\/\/www.greenpeace.ch\/de\/wp-json\/wp\/v2\/media\/12385"}],"wp:attachment":[{"href":"https:\/\/www.greenpeace.ch\/de\/wp-json\/wp\/v2\/media?parent=12383"}],"wp:term":[{"taxonomy":"category","embeddable":true,"href":"https:\/\/www.greenpeace.ch\/de\/wp-json\/wp\/v2\/categories?post=12383"},{"taxonomy":"post_tag","embeddable":true,"href":"https:\/\/www.greenpeace.ch\/de\/wp-json\/wp\/v2\/tags?post=12383"},{"taxonomy":"p4-page-type","embeddable":true,"href":"https:\/\/www.greenpeace.ch\/de\/wp-json\/wp\/v2\/p4-page-type?post=12383"},{"taxonomy":"gpch-article-type","embeddable":true,"href":"https:\/\/www.greenpeace.ch\/de\/wp-json\/wp\/v2\/gpch-article-type?post=12383"}],"curies":[{"name":"wp","href":"https:\/\/api.w.org\/{rel}","templated":true}]}}