{"id":12393,"date":"2013-06-19T00:00:00","date_gmt":"2013-06-18T22:00:00","guid":{"rendered":"https:\/\/master.greenpeace.ch\/beitrag\/12393\/jugendsolar-projektwoche-in-burgdorf\/"},"modified":"2022-03-31T10:21:57","modified_gmt":"2022-03-31T08:21:57","slug":"jugendsolar-projektwoche-in-burgdorf","status":"publish","type":"post","link":"https:\/\/www.greenpeace.ch\/de\/story\/12393\/jugendsolar-projektwoche-in-burgdorf\/","title":{"rendered":"Jugendsolar-Projektwoche in Burgdorf"},"content":{"rendered":"<div class=\"post-content\">\n<div class=\"events-box middle-box left\">\n<div class=\"frame reset-padding\"><\/div>\n<div class=\"hidden\"><\/div>\n<\/div>\n<p><strong>Zusammen mit der <em><a href=\"http:\/\/www.energieregion-emmental.ch\/\" target=\"_blank\" rel=\"noopener noreferrer\">Energieregion Emmental<\/a> <\/em>und der <em>Energiestadt Burgdorf <\/em>hat <em>jugendsolar by Greenpeace <\/em>in der Woche vom 10. \u2013 14. Juni 2013 die erste von insgesamt drei geplanten Projektwochen an der Oberstufe Gsteighof durchgef\u00fchrt.<\/strong><\/p>\n<p>Drei Klassen waren zu Fuss eine Woche lang unterwegs und haben einen grossen Teil der Burgdorfer D\u00e4cher einer Potenzialanalyse f\u00fcr den Einsatz von Photovoltaik unterzogen. Die Sch\u00fclerInnen waren die Tage \u00fcber unterwegs zu beobachten, ausger\u00fcstet mit Notebooks und Winkelmesskarten. Unterst\u00fctzung erhielten die 8.- und 9.-Kl\u00e4ssler von der von <em>Greenpeace <\/em>entwickelten App namens <em>solarmacher.ch<\/em>. Ziel der drei Projektwochen ist die Erfassung s\u00e4mtlicher D\u00e4cher der Gemeinde Burgdorf bis Sommer 2014 und sie so zu einem umfassenden Solarkataster zusammenzutragen.<\/p>\n<p>Neben den Dachabkl\u00e4rungen wurde den insgesamt 54 Sch\u00fclerInnen ein Rahmenprogramm geboten. In den Workshops von <em>Schulbesuch by Greenpeace <\/em>lernten sie, wie sie selbst ihren Beitrag zur Energiewende leisten k\u00f6nnen. Ausserdem konnten die Sch\u00fclerInnen die ganze Woche \u00fcber an zwei Photovoltaikanlagen mitbauen. Dabei wurde ein Einfamilienhaus am Falkenweg und ein Mehrfamilienhaus an der Meiefeldstrasse mit einer Solaranlage von jeweils 8 kWp und 30 kWp ausgestattet. Die Sch\u00fclerInnen meisterten die Herausforderungen des Baus auf einem Schr\u00e4gdach mit Bravour.<\/p>\n<p>Zudem kamen die Teilnehmenden der Projektwoche in den Genuss eines Teilabschnitts des <em>Energiewegs Sonne<\/em>, den Sie auf dem Velo absolvierten und dabei aus erster Hand spannende Infos zu bestehenden Anlagen erhielten. Abgerundet wurde das Programm von der Informationsplattform f\u00fcr nachhaltige Energien <em>mobil-e <\/em>und dem Kochen von leckeren Brownies nur mit der Kraft der Sonne in speziell daf\u00fcr gebauten Parabolspiegeln und Kochkisten.<\/p>\n<\/div>\n","protected":false},"excerpt":{"rendered":"<p>Zusammen mit der Energieregion Emmental und der Energiestadt Burgdorf hat jugendsolar by Greenpeace in der Woche vom 10. \u2013 14. Juni 2013 die erste von insgesamt drei geplanten Projektwochen an&hellip;<\/p>\n","protected":false},"author":23,"featured_media":12395,"comment_status":"closed","ping_status":"open","sticky":false,"template":"","format":"standard","meta":{"_acf_changed":false,"_planet4_optimize_post_is_variant":false,"_planet4_optimize_experiment_name":"","_planet4_optimize_variant_name":"","ep_exclude_from_search":false,"p4_og_title":"","p4_og_description":"","p4_og_image":"","p4_og_image_id":"","p4_seo_canonical_url":"","p4_campaign_name":"not set","p4_local_project":"not set","p4_basket_name":"not set","p4_department":"","footnotes":""},"categories":[1],"tags":[50],"p4-page-type":[75],"gpch-article-type":[],"class_list":["post-12393","post","type-post","status-publish","format-standard","has-post-thumbnail","hentry","category-unkategorisiert","tag-klima","p4-page-type-story"],"acf":[],"_links":{"self":[{"href":"https:\/\/www.greenpeace.ch\/de\/wp-json\/wp\/v2\/posts\/12393","targetHints":{"allow":["GET"]}}],"collection":[{"href":"https:\/\/www.greenpeace.ch\/de\/wp-json\/wp\/v2\/posts"}],"about":[{"href":"https:\/\/www.greenpeace.ch\/de\/wp-json\/wp\/v2\/types\/post"}],"author":[{"embeddable":true,"href":"https:\/\/www.greenpeace.ch\/de\/wp-json\/wp\/v2\/users\/23"}],"replies":[{"embeddable":true,"href":"https:\/\/www.greenpeace.ch\/de\/wp-json\/wp\/v2\/comments?post=12393"}],"version-history":[{"count":0,"href":"https:\/\/www.greenpeace.ch\/de\/wp-json\/wp\/v2\/posts\/12393\/revisions"}],"wp:featuredmedia":[{"embeddable":true,"href":"https:\/\/www.greenpeace.ch\/de\/wp-json\/wp\/v2\/media\/12395"}],"wp:attachment":[{"href":"https:\/\/www.greenpeace.ch\/de\/wp-json\/wp\/v2\/media?parent=12393"}],"wp:term":[{"taxonomy":"category","embeddable":true,"href":"https:\/\/www.greenpeace.ch\/de\/wp-json\/wp\/v2\/categories?post=12393"},{"taxonomy":"post_tag","embeddable":true,"href":"https:\/\/www.greenpeace.ch\/de\/wp-json\/wp\/v2\/tags?post=12393"},{"taxonomy":"p4-page-type","embeddable":true,"href":"https:\/\/www.greenpeace.ch\/de\/wp-json\/wp\/v2\/p4-page-type?post=12393"},{"taxonomy":"gpch-article-type","embeddable":true,"href":"https:\/\/www.greenpeace.ch\/de\/wp-json\/wp\/v2\/gpch-article-type?post=12393"}],"curies":[{"name":"wp","href":"https:\/\/api.w.org\/{rel}","templated":true}]}}