{"id":12401,"date":"2013-06-12T00:00:00","date_gmt":"2013-06-11T22:00:00","guid":{"rendered":"https:\/\/master.greenpeace.ch\/beitrag\/12401\/stiller-killer-kohle\/"},"modified":"2019-05-30T11:33:37","modified_gmt":"2019-05-30T09:33:37","slug":"stiller-killer-kohle","status":"publish","type":"post","link":"https:\/\/www.greenpeace.ch\/de\/story\/12401\/stiller-killer-kohle\/","title":{"rendered":"Stiller Killer Kohle"},"content":{"rendered":"<p><b>Zoom<\/p>\n<p>Eine heute ver\u00f6ffentlichte\u00a0Greenpeace-Studie \u00a0hat\u00a0die gesundheitlichen Folgen der Kohleverstromung in Europa untersucht. Sie kommt zu dem Ergebnis, dass alleine im Jahr 2010 die Luftverschmutzung durch die 300 gr\u00f6ssten europ\u00e4ischen Kohlekraftwerke das Leben der Europ\u00e4er um insgesamt 240&#8217;000 Jahre verk\u00fcrzt hat. Das entspricht umgerechnet 22&#8217;000 vorzeitigen Todesf\u00e4llen.<\/b><\/p>\n<div class=\"post-content\">\n<div>\n<h3>\n<div class=\"events-box small-box left\">\n<div class=\"frame reset-padding\">\n        <a class=\"open-img EnlargeImage\" href=\"https:\/\/www.greenpeace.ch\/static\/planet4-switzerland-stateless\/2019\/05\/23b819b6-23b819b6-kohle.jpg\" title=\"\"><br \/>\n            <img decoding=\"async\" id=\"ctl00_cphContentArea_epiEntryContent_ctl00_ctl02_Image1\" class=\"Thumbnail\" src=\"https:\/\/www.greenpeace.ch\/static\/planet4-switzerland-stateless\/2019\/05\/23b819b6-23b819b6-kohle.jpg\" alt=\"\" style=\"border-width:0px;\"><\/p>\n<p>        <\/a>\n    <\/div>\n<div class=\"hidden\">\n        <span class=\"date\"><\/span><br \/>\n        <strong><\/strong><\/p>\n<\/p>\n<\/div>\n<\/div>\n<p>Eine heute ver\u00f6ffentlichte\u00a0<a title=\"Studie\" href=\"http:\/\/issuu.com\/greenpeacede\/docs\/gpi_eu_kohlestudie\"><span lang=\"en\">Greenpeace<\/span>-Studie <\/a>\u00a0hat\u00a0die gesundheitlichen Folgen der Kohleverstromung in Europa untersucht. Sie kommt zu dem Ergebnis, dass alleine im Jahr 2010 die Luftverschmutzung durch die 300 gr\u00f6ssten europ\u00e4ischen Kohlekraftwerke das Leben der Europ\u00e4er um insgesamt 240&#8217;000 Jahre verk\u00fcrzt hat. Das entspricht umgerechnet 22&#8217;000 vorzeitigen Todesf\u00e4llen.<\/h3>\n<p>Die Studie errechnete zudem die m\u00f6glichen Folgen der 50 geplanten neuen Kohlekraftwerke in Europa: Sollten alle ans Netz gehen, w\u00fcrden sie uns weitere 31&#8217;000 Lebensjahre oder 2&#8217;700 vorzeitige Todesf\u00e4lle kosten. <a href=\"http:\/\/www.greenpeace.org\/switzerland\/de\/News_Stories\/Newsblog\/toedliches-kohlegeschaeft-in-deutschland-auch\/blog\/44559\/\">Die Schweiz ist dabei auch mitgefangen<\/a>: Sie bleibt von den gesundheitlichen Folgen nicht unverschont und investiert trotzdem in neue Kohlekraftwerke, beispielsweise in L\u00fcnen und Wilhelmshaven.<\/p>\n<p>&#171;Kohlekraftwerke sind stille Killer. Ihre giftigen Emissionen verursachen bei den Menschen in Europa Atemwegserkrankungen, Herzinfarkte, Lungenkrebs, Asthmaanf\u00e4lle und andere Gesundheitssch\u00e4den&#187;, sagt Lauri Myllyvirta, Energieexperte bei\u00a0<span lang=\"en\">Greenpeace<\/span>\u00a0International.\u00a0<span lang=\"en\">Greenpeace<\/span>\u00a0fordert den Ausstieg aus der Kohlekraft und verbindliche europaweite Vorgaben f\u00fcr den Ausbau der Erneuerbaren Energien bis zum Jahr 2030.<\/p>\n<\/div>\n<\/div>\n","protected":false},"excerpt":{"rendered":"<p>Zoom Eine heute ver\u00f6ffentlichte\u00a0Greenpeace-Studie \u00a0hat\u00a0die gesundheitlichen Folgen der Kohleverstromung in Europa untersucht. Sie kommt zu dem Ergebnis, dass alleine im Jahr 2010 die Luftverschmutzung durch die 300 gr\u00f6ssten europ\u00e4ischen Kohlekraftwerke&hellip;<\/p>\n","protected":false},"author":23,"featured_media":0,"comment_status":"closed","ping_status":"open","sticky":false,"template":"","format":"standard","meta":{"_acf_changed":false,"_planet4_optimize_post_is_variant":false,"_planet4_optimize_experiment_name":"","_planet4_optimize_variant_name":"","ep_exclude_from_search":false,"p4_og_title":"","p4_og_description":"","p4_og_image":"","p4_og_image_id":"","p4_seo_canonical_url":"","p4_campaign_name":"","p4_local_project":"","p4_basket_name":"","p4_department":"","footnotes":""},"categories":[1],"tags":[50],"p4-page-type":[75],"gpch-article-type":[],"class_list":["post-12401","post","type-post","status-publish","format-standard","hentry","category-unkategorisiert","tag-klima","p4-page-type-story"],"acf":[],"_links":{"self":[{"href":"https:\/\/www.greenpeace.ch\/de\/wp-json\/wp\/v2\/posts\/12401","targetHints":{"allow":["GET"]}}],"collection":[{"href":"https:\/\/www.greenpeace.ch\/de\/wp-json\/wp\/v2\/posts"}],"about":[{"href":"https:\/\/www.greenpeace.ch\/de\/wp-json\/wp\/v2\/types\/post"}],"author":[{"embeddable":true,"href":"https:\/\/www.greenpeace.ch\/de\/wp-json\/wp\/v2\/users\/23"}],"replies":[{"embeddable":true,"href":"https:\/\/www.greenpeace.ch\/de\/wp-json\/wp\/v2\/comments?post=12401"}],"version-history":[{"count":0,"href":"https:\/\/www.greenpeace.ch\/de\/wp-json\/wp\/v2\/posts\/12401\/revisions"}],"wp:attachment":[{"href":"https:\/\/www.greenpeace.ch\/de\/wp-json\/wp\/v2\/media?parent=12401"}],"wp:term":[{"taxonomy":"category","embeddable":true,"href":"https:\/\/www.greenpeace.ch\/de\/wp-json\/wp\/v2\/categories?post=12401"},{"taxonomy":"post_tag","embeddable":true,"href":"https:\/\/www.greenpeace.ch\/de\/wp-json\/wp\/v2\/tags?post=12401"},{"taxonomy":"p4-page-type","embeddable":true,"href":"https:\/\/www.greenpeace.ch\/de\/wp-json\/wp\/v2\/p4-page-type?post=12401"},{"taxonomy":"gpch-article-type","embeddable":true,"href":"https:\/\/www.greenpeace.ch\/de\/wp-json\/wp\/v2\/gpch-article-type?post=12401"}],"curies":[{"name":"wp","href":"https:\/\/api.w.org\/{rel}","templated":true}]}}