{"id":12463,"date":"2013-05-29T00:00:00","date_gmt":"2013-05-28T22:00:00","guid":{"rendered":"https:\/\/master.greenpeace.ch\/beitrag\/12463\/jugendsolar-im-emmental\/"},"modified":"2019-05-30T11:35:38","modified_gmt":"2019-05-30T09:35:38","slug":"jugendsolar-im-emmental","status":"publish","type":"post","link":"https:\/\/www.greenpeace.ch\/de\/story\/12463\/jugendsolar-im-emmental\/","title":{"rendered":"Jugendsolar im Emmental"},"content":{"rendered":"<p><b><\/b><\/p>\n<div class=\"post-content\">\n<div>\n<div class=\"events-box middle-box left\">\n<div class=\"frame\">\n        <a class=\"open-img EnlargeImage\" href=\"\/switzerland\/Global\/switzerland\/photos\/jugendsolar\/2013\/Lauperswil_Mai\/P1170099.JPG\" title=\"\"><br \/>\n            <img decoding=\"async\" id=\"ctl00_cphContentArea_epiEntryContent_ctl00_ctl02_Image1\" class=\"Thumbnail\" src=\"https:\/\/www.greenpeace.ch\/static\/planet4-switzerland-stateless\/2019\/05\/9a636f62-9a636f62-p1170099.jpg\" alt=\"\" style=\"border-width:0px;\"><\/p>\n<p>        <\/a>\n    <\/div>\n<div class=\"events-content\">\n        <span class=\"date\">Mittwoch, 22. Mai 2013<\/span><br \/>\n        <strong><\/strong><\/p>\n<p>\n            Jugendsolar hilft beim Bau einer 30 kWp Anlage.\n        <\/p>\n<\/p>\n<\/div>\n<\/div>\n<p> Am 15. Mai nahmen StudentInnen der Hotelfachschule Lausanne am Bau einer Photovoltaik-Anlage in Lauperswil teil. Organisiert wurde das Projekt von Jugendsolar by Greenpeace in Zusammenarbeit mit der Genossenschaft f\u00fcr leistungsorientiertes Bauen (GLB).<\/p>\n<p>Die Jugendlichen hatten viel Spass beim Handwerken. Vor allem da sie hauptberuflich mehrheitlich B\u00fcroarbeiten erledigen, war der Tag auf dem Schr\u00e4gdach eine wunderbare Abwechslung.<\/p>\n<p>Da die GLB in der Region Emmental sehr aktiv ist und als Genossenschaft ein breites Publikum erreicht, ist der Kontakt f\u00fcr zuk\u00fcnftige Projekte in der Region f\u00fcr Jugendsolar sehr wichtig. Mit dem gemeinsamen Organisieren und Bauen wurde nun der Grundstein f\u00fcr eine erfolgreiche Zusammenarbeit gelegt.<\/p>\n<\/p>\n<div class=\"events-box middle-box left\">\n<div class=\"frame\">\n        <a class=\"open-img EnlargeImage\" href=\"\/switzerland\/Global\/switzerland\/photos\/jugendsolar\/2013\/Lauperswil_Mai\/P1170074.JPG\" title=\"\"><br \/>\n            <img decoding=\"async\" id=\"ctl00_cphContentArea_epiEntryContent_ctl00_ctl04_Image1\" class=\"Thumbnail\" src=\"https:\/\/www.greenpeace.ch\/static\/planet4-switzerland-stateless\/2019\/05\/34d02d8b-34d02d8b-p1170074.jpg\" alt=\"\" style=\"border-width:0px;\"><\/p>\n<p>        <\/a>\n    <\/div>\n<div class=\"events-content hidden-paragraph\">\n        <span class=\"date\">Mittwoch, 22. Mai 2013<\/span><br \/>\n        <strong><\/strong><\/p>\n<\/p>\n<\/div>\n<\/div>\n<div class=\"events-box middle-box left\">\n<div class=\"frame\">\n        <a class=\"open-img EnlargeImage\" href=\"\/switzerland\/Global\/switzerland\/photos\/jugendsolar\/2013\/Lauperswil_Mai\/P1170108.JPG\" title=\"\"><br \/>\n            <img decoding=\"async\" id=\"ctl00_cphContentArea_epiEntryContent_ctl00_ctl05_Image1\" class=\"Thumbnail\" src=\"https:\/\/www.greenpeace.ch\/static\/planet4-switzerland-stateless\/2019\/05\/13192444-13192444-p1170108.jpg\" alt=\"\" style=\"border-width:0px;\"><\/p>\n<p>        <\/a>\n    <\/div>\n<div class=\"events-content hidden-paragraph\">\n        <span class=\"date\">Mittwoch, 22. Mai 2013<\/span><br \/>\n        <strong><\/strong><\/p>\n<\/p>\n<\/div>\n<\/div>\n<p>\u00a0\n<\/p>\n<\/div>\n<\/div>\n","protected":false},"excerpt":{"rendered":"<p>Mittwoch, 22. Mai 2013 Jugendsolar hilft beim Bau einer 30 kWp Anlage. Am 15. Mai nahmen StudentInnen der Hotelfachschule Lausanne am Bau einer Photovoltaik-Anlage in Lauperswil teil. Organisiert wurde das&hellip;<\/p>\n","protected":false},"author":23,"featured_media":12465,"comment_status":"closed","ping_status":"open","sticky":false,"template":"","format":"standard","meta":{"_acf_changed":false,"_planet4_optimize_post_is_variant":false,"_planet4_optimize_experiment_name":"","_planet4_optimize_variant_name":"","ep_exclude_from_search":false,"p4_og_title":"","p4_og_description":"","p4_og_image":"","p4_og_image_id":"","p4_seo_canonical_url":"","p4_campaign_name":"","p4_local_project":"","p4_basket_name":"","p4_department":"","footnotes":""},"categories":[1],"tags":[50],"p4-page-type":[75],"gpch-article-type":[],"class_list":["post-12463","post","type-post","status-publish","format-standard","has-post-thumbnail","hentry","category-unkategorisiert","tag-klima","p4-page-type-story"],"acf":[],"_links":{"self":[{"href":"https:\/\/www.greenpeace.ch\/de\/wp-json\/wp\/v2\/posts\/12463","targetHints":{"allow":["GET"]}}],"collection":[{"href":"https:\/\/www.greenpeace.ch\/de\/wp-json\/wp\/v2\/posts"}],"about":[{"href":"https:\/\/www.greenpeace.ch\/de\/wp-json\/wp\/v2\/types\/post"}],"author":[{"embeddable":true,"href":"https:\/\/www.greenpeace.ch\/de\/wp-json\/wp\/v2\/users\/23"}],"replies":[{"embeddable":true,"href":"https:\/\/www.greenpeace.ch\/de\/wp-json\/wp\/v2\/comments?post=12463"}],"version-history":[{"count":0,"href":"https:\/\/www.greenpeace.ch\/de\/wp-json\/wp\/v2\/posts\/12463\/revisions"}],"wp:featuredmedia":[{"embeddable":true,"href":"https:\/\/www.greenpeace.ch\/de\/wp-json\/wp\/v2\/media\/12465"}],"wp:attachment":[{"href":"https:\/\/www.greenpeace.ch\/de\/wp-json\/wp\/v2\/media?parent=12463"}],"wp:term":[{"taxonomy":"category","embeddable":true,"href":"https:\/\/www.greenpeace.ch\/de\/wp-json\/wp\/v2\/categories?post=12463"},{"taxonomy":"post_tag","embeddable":true,"href":"https:\/\/www.greenpeace.ch\/de\/wp-json\/wp\/v2\/tags?post=12463"},{"taxonomy":"p4-page-type","embeddable":true,"href":"https:\/\/www.greenpeace.ch\/de\/wp-json\/wp\/v2\/p4-page-type?post=12463"},{"taxonomy":"gpch-article-type","embeddable":true,"href":"https:\/\/www.greenpeace.ch\/de\/wp-json\/wp\/v2\/gpch-article-type?post=12463"}],"curies":[{"name":"wp","href":"https:\/\/api.w.org\/{rel}","templated":true}]}}