{"id":12520,"date":"2013-05-17T00:00:00","date_gmt":"2013-05-16T22:00:00","guid":{"rendered":"https:\/\/master.greenpeace.ch\/beitrag\/12520\/schule-in-ebnat-kappel-begeistert-sich-fuer-sonnenenergie\/"},"modified":"2019-05-30T11:37:34","modified_gmt":"2019-05-30T09:37:34","slug":"schule-in-ebnat-kappel-begeistert-sich-fuer-sonnenenergie","status":"publish","type":"post","link":"https:\/\/www.greenpeace.ch\/de\/story\/12520\/schule-in-ebnat-kappel-begeistert-sich-fuer-sonnenenergie\/","title":{"rendered":"Schule in Ebnat-Kappel begeistert sich f\u00fcr Sonnenenergie"},"content":{"rendered":"<p><b>Das bisher gr\u00f6sste Jugendsolarprojekt von Greenpeace Schweiz hat diese Woche in Ebnat-Kappel (Kanton St. Gallen) stattgefunden. Rund 140 Sch\u00fcler und Lehrer der Oberstufe Wier haben sich mit dem Thema \u201eErneuerbare Energien\u201c befasst und sich als Solarmacher bet\u00e4tigt.<\/b><\/p>\n<div class=\"post-content\">\n<div>\n<h3><strong>Das bisher gr\u00f6sste Jugendsolarprojekt von Greenpeace Schweiz hat diese Woche in Ebnat-Kappel (Kanton St. Gallen) stattgefunden. Rund 140 Sch\u00fcler und Lehrer der Oberstufe Wier haben sich mit dem Thema \u201eErneuerbare Energien\u201c befasst und sich als Solarmacher bet\u00e4tigt. <\/strong><\/h3>\n<p><strong style=\"font-family: 'Helvetica Neue', Helvetica, Arial, sans-serif;\"><\/p>\n<div class=\"events-box big-box left\">\n<div class=\"frame\">\n        <a class=\"open-img EnlargeImage\" href=\"\/switzerland\/Global\/switzerland\/publications\/ce_various\/Energiewoche_Ebnat_Kappel_Fojtu-11.jpeg\" title=\"Die Sch\u00fcler der Oberstufe Wier in Ebnat-Kappel haben unter anderem eine Solaranlage gebaut\"><br \/>\n            <img decoding=\"async\" id=\"ctl00_cphContentArea_epiEntryContent_ctl00_ctl02_Image1\" title=\"Die Sch\u00fcler der Oberstufe Wier in Ebnat-Kappel haben unter anderem eine Solaranlage gebaut\" class=\"Thumbnail\" src=\"https:\/\/www.greenpeace.ch\/static\/planet4-switzerland-stateless\/2019\/05\/f76c20f4-f76c20f4-energiewoche_ebnat_kappel_fojtu-11.jpg\" alt=\"Die Sch\u00fcler der Oberstufe Wier in Ebnat-Kappel haben unter anderem eine Solaranlage gebaut\" style=\"border-width:0px;\"><\/p>\n<p>        <\/a>\n    <\/div>\n<div class=\"events-content\">\n        <span class=\"date\"><\/span><br \/>\n        <strong>Die Sch\u00fcler der Oberstufe Wier in Ebnat-Kappel haben unter anderem eine Solaranlage gebaut<\/strong><\/p>\n<p>\n            \u00a9 Greenpeace \/ Nicolas Fojtu\n        <\/p>\n<\/p>\n<\/div>\n<\/div>\n<p>\u00a0<\/strong><\/p>\n<p>H\u00f6hepunkt der Projektwoche im Toggenburg war der erfolgreiche Bau einer Solaranlage auf dem Dach der Firma Alder &amp; Eisenhut: \u201eHoffentlich werde ich sie noch meinen Kindern zeigen k\u00f6nnen\u201c, sagte ein vierzehnj\u00e4hriger Sch\u00fcler in der Schulzeitung. \u201eIch habe gelernt, wie man besser mit Strom umgeht: Darum werde ich zuhause das Handykabel \u00f6fters ausstecken\u201c.<\/p>\n<p>Laut Greenpeace-Solarexperte Georg Klingler \u201ezeigt Ebnat-Kappel eindr\u00fccklich, dass wir nicht auf den Bund warten m\u00fcssen, um die Energiewende zu vollziehen: sie hat schon begonnen!\u201c. W\u00e4hrend der Projektwoche haben die Sch\u00fcler zum Beispiel das grosse Solarpotential der Gemeinde erfasst und mit einer Solark\u00fcche gekocht. \u201eEin solches Jugendkraftwerk stimmt mich zuversichtlich, dass die Zukunft erneuerbar ist\u201c, f\u00fcgt Klingler hinzu. \u00a0<\/p>\n<p>Die Projektwoche wurde von Jugendsolar by Greenpeace zusammen mit dem F\u00f6rderverein energietal toggenburg organisiert. Projektleiterin Christiane Pietsch ist begeistert: \u201cWir hatten alle H\u00e4nde voll zu tun, aber es ist unglaublich, wie gross und engagiert die Beteiligung der Schule, des Gewerbe und aller Partner war\u201c. Ebnat-Kappel ist somit auf gutem Weg, um zusammen mit Wildhaus-Alt St. Johann und Nesslau eine Energiestadtregion zu werden. \u201eDiese Projektwoche f\u00fchrt sicher dazu, dass die Idee eines Markenzeichens tatkr\u00e4ftig vorangetrieben wird\u201c, sagt Pietsch.<\/p>\n<p>Bilder der Energiewoche finden Sie <a href=\"http:\/\/www.greenpeace.org\/switzerland\/de\/Uber-uns\/Medienstelle\/Aktuelle-Medienbilder\/Energiewoche-Toggenburg\/\" target=\"_blank\" rel=\"noopener noreferrer\">hier:<\/a><a href=\"http:\/\/www.greenpeace.org\/switzerland\/de\/Uber-uns\/Medienstelle\/Aktuelle-Medienbilder\/Energiewoche-Toggenburg\/\">\u00a0<\/a><\/p>\n<p>Das Programm und ein Tagebuch finden Sie <a href=\"http:\/\/www.energietal-toggenburg.ch\/projektwoche-solar-ebnat-kappel.html\" target=\"_blank\" rel=\"noopener noreferrer\">hier<\/a>.\u00a0<\/p>\n<\/div>\n<\/div>\n","protected":false},"excerpt":{"rendered":"<p>Das bisher gr\u00f6sste Jugendsolarprojekt von Greenpeace Schweiz hat diese Woche in Ebnat-Kappel (Kanton St. Gallen) stattgefunden. Rund 140 Sch\u00fcler und Lehrer der Oberstufe Wier haben sich mit dem Thema \u201eErneuerbare&hellip;<\/p>\n","protected":false},"author":23,"featured_media":12523,"comment_status":"closed","ping_status":"open","sticky":false,"template":"","format":"standard","meta":{"_acf_changed":false,"_planet4_optimize_post_is_variant":false,"_planet4_optimize_experiment_name":"","_planet4_optimize_variant_name":"","ep_exclude_from_search":false,"p4_og_title":"","p4_og_description":"","p4_og_image":"","p4_og_image_id":"","p4_seo_canonical_url":"","p4_campaign_name":"","p4_local_project":"","p4_basket_name":"","p4_department":"","footnotes":""},"categories":[1],"tags":[50],"p4-page-type":[75],"gpch-article-type":[],"class_list":["post-12520","post","type-post","status-publish","format-standard","has-post-thumbnail","hentry","category-unkategorisiert","tag-klima","p4-page-type-story"],"acf":[],"_links":{"self":[{"href":"https:\/\/www.greenpeace.ch\/de\/wp-json\/wp\/v2\/posts\/12520","targetHints":{"allow":["GET"]}}],"collection":[{"href":"https:\/\/www.greenpeace.ch\/de\/wp-json\/wp\/v2\/posts"}],"about":[{"href":"https:\/\/www.greenpeace.ch\/de\/wp-json\/wp\/v2\/types\/post"}],"author":[{"embeddable":true,"href":"https:\/\/www.greenpeace.ch\/de\/wp-json\/wp\/v2\/users\/23"}],"replies":[{"embeddable":true,"href":"https:\/\/www.greenpeace.ch\/de\/wp-json\/wp\/v2\/comments?post=12520"}],"version-history":[{"count":0,"href":"https:\/\/www.greenpeace.ch\/de\/wp-json\/wp\/v2\/posts\/12520\/revisions"}],"wp:featuredmedia":[{"embeddable":true,"href":"https:\/\/www.greenpeace.ch\/de\/wp-json\/wp\/v2\/media\/12523"}],"wp:attachment":[{"href":"https:\/\/www.greenpeace.ch\/de\/wp-json\/wp\/v2\/media?parent=12520"}],"wp:term":[{"taxonomy":"category","embeddable":true,"href":"https:\/\/www.greenpeace.ch\/de\/wp-json\/wp\/v2\/categories?post=12520"},{"taxonomy":"post_tag","embeddable":true,"href":"https:\/\/www.greenpeace.ch\/de\/wp-json\/wp\/v2\/tags?post=12520"},{"taxonomy":"p4-page-type","embeddable":true,"href":"https:\/\/www.greenpeace.ch\/de\/wp-json\/wp\/v2\/p4-page-type?post=12520"},{"taxonomy":"gpch-article-type","embeddable":true,"href":"https:\/\/www.greenpeace.ch\/de\/wp-json\/wp\/v2\/gpch-article-type?post=12520"}],"curies":[{"name":"wp","href":"https:\/\/api.w.org\/{rel}","templated":true}]}}