{"id":12533,"date":"2013-05-17T00:00:00","date_gmt":"2013-05-16T22:00:00","guid":{"rendered":"https:\/\/master.greenpeace.ch\/beitrag\/12533\/arktischer-rat-verpasst-chance-fuer-mehr-arktisschutz\/"},"modified":"2019-05-30T11:38:04","modified_gmt":"2019-05-30T09:38:04","slug":"arktischer-rat-verpasst-chance-fuer-mehr-arktisschutz","status":"publish","type":"post","link":"https:\/\/www.greenpeace.ch\/de\/story\/12533\/arktischer-rat-verpasst-chance-fuer-mehr-arktisschutz\/","title":{"rendered":"Arktischer Rat verpasst Chance f\u00fcr mehr Arktisschutz"},"content":{"rendered":"<p><b>Am Mittwoch ist der Arktische Rat in der nordschwedischen Stadt Kiruna f\u00fcr einen Tag zusammengekommen. Gegen Mittag stimmten die teilnehmenden Aussenminister der Arktis-Anrainer einem vage formulierten Beschluss f\u00fcr die internationale Zusammenarbeit bei \u00d6lunf\u00e4llen in der Arktis zu: Eine Entt\u00e4uschung auf ganzer Linie. Der Beschluss enth\u00e4lt weder bindende gemeinsame Standards f\u00fcr die Bek\u00e4mpfung von \u00d6lkatastrophen, noch Regelungen bez\u00fcglich der Haftung f\u00fcr die Sch\u00e4den, welche die \u00d6lkonzerne im Fall eines \u00d6laustritts verursachen. Greenpeace-Aktivisten hatten die an der Konferenz teilnehmenden Delegierten zuvor mit Bannern, Aufklebern und Hotel-Brosch\u00fcren zu einem Verbot von \u00d6lbohrungen in der Arktis aufgefordert.<\/b><\/p>\n<div class=\"post-content\">\n<div>\n<p><strong>Am Mittwoch ist der Arktische Rat in der nordschwedischen Stadt Kiruna f\u00fcr einen Tag zusammengekommen. Gegen Mittag stimmten die teilnehmenden Aussenminister der Arktis-Anrainer einem vage formulierten Beschluss f\u00fcr die internationale Zusammenarbeit bei \u00d6lunf\u00e4llen in der Arktis zu: Eine Entt\u00e4uschung auf ganzer Linie. Der Beschluss enth\u00e4lt weder bindende gemeinsame Standards f\u00fcr die Bek\u00e4mpfung von \u00d6lkatastrophen, noch Regelungen bez\u00fcglich der Haftung f\u00fcr die Sch\u00e4den, welche die \u00d6lkonzerne im Fall eines \u00d6laustritts verursachen. Greenpeace-Aktivisten hatten die an der Konferenz teilnehmenden Delegierten zuvor mit Bannern, Aufklebern und Hotel-Brosch\u00fcren zu einem Verbot von \u00d6lbohrungen in der Arktis aufgefordert.<\/strong><\/p>\n<\/p>\n<div class=\"events-box big-box left\">\n<div class=\"frame\">\n        <a class=\"open-img EnlargeImage\" href=\"https:\/\/www.greenpeace.ch\/static\/planet4-switzerland-stateless\/2019\/05\/d1feae3c-d1feae3c-gp04l2r_layout.jpg\" title=\"Gruppenfoto der Peoples Arctic conference in Schweden\"><br \/>\n            <img decoding=\"async\" id=\"ctl00_cphContentArea_epiEntryContent_ctl00_ctl02_Image1\" title=\"Gruppenfoto der Peoples Arctic conference in Schweden\" class=\"Thumbnail\" src=\"https:\/\/www.greenpeace.ch\/static\/planet4-switzerland-stateless\/2019\/05\/d1feae3c-d1feae3c-gp04l2r_layout.jpg\" alt=\"Gruppenfoto der Peoples Arctic conference in Schweden\" style=\"border-width:0px;\"><\/p>\n<p>        <\/a>\n    <\/div>\n<div class=\"events-content\">\n        <span class=\"date\"><\/span><br \/>\n        <strong>Gruppenfoto der Peoples Arctic conference in Schweden<\/strong><\/p>\n<p>\n            Vertreter indigener V\u00f6lker treffen sich im Vorfeld der Konferenz des Arktischen Rates, da sie ihre Heimat vor der industriellen Ausbeutung sch\u00fctzen wollen. Die mehr als 40 Vertreter der indigenen Bev\u00f6lkerungen haben ein Statement verabschiedet das neben einem Verbot von \u00d6lbohrungen in arktischen Gew\u00e4ssern auch ein Moratorium f\u00fcr \u00d6lbohrungen an Land und die Beteiligung der indigenen Bev\u00f6lkerung an allen Entscheidungen fordert. <br \/> \u00a9 Greenpeace \/ Christian \u00c5slund\n        <\/p>\n<\/p>\n<\/div>\n<\/div>\n<p>\u00a0<\/p>\n<p>Der Arktische Rat besteht aus den f\u00fcnf direkten Anrainer-Staaten Russland, Kanada, Norwegen, USA, D\u00e4nemark und den drei L\u00e4ndern Schweden, Finnland und Island. Als \u00abst\u00e4ndige Teilnehmer\u00bb sind ausserdem sechs Verb\u00e4nde indigener Bev\u00f6lkerungen vertreten. Greenpeace-Sprecherin Ruth Davis kritisiert, dass bei dem Treffen in Kiruna weder verbindliche internationale Vereinbarungen getroffen worden sein, noch dem \u00d6lrausch in der Arktis Einhalt geboten wurde. Zudem sei einem wissenschaftlichen Report kein Geh\u00f6r geschenkt worden, den der Rat selbst in Auftrag gegeben hatte: \u00abHier in Kiruna haben zwei Konferenzen stattgefunden: Eine, die vor den Gefahren des Klimawandels und einer Industrialisierung dieser sensiblen Region warnt, und eine andere, der die Aussenminister beiwohnten und auf der keine konkreten Schritte eingeleitet wurden, um etwas zu unternehmen. Der Rat scheint am G\u00e4ngelband einer Industrie zu h\u00e4ngen, die ohne R\u00fccksicht auf Natur, Mensch und Zukunft \u00d6l- und Gasvorkommen ausbeuten will.\u00bb<\/p>\n<p>Greenpeace fordert <a href=\"http:\/\/www.savethearctic.org\/\">gemeinsam mit Millionen Unterst\u00fctzern weltweit<\/a> die Einrichtung eines internationalen Schutzgebietes in der \u00abhohen Arktis\u00bb und Verbote gegen \u00d6lbohrungen und industrielle Fischerei in arktischen Gew\u00e4ssern. Um dieser Forderung Nachdruck zu verleihen, hat Greenpeace dem Arktischen Rat am Mittwoch B\u00fccher \u00fcbergeben, die Bilder von \u00abI \u2665 Arctic\u00bb-Menschenbannern aus der ganzen Welt enthalten. <a href=\"http:\/\/www.greenpeace.org\/switzerland\/de\/Multimedia\/Fotos\/Ein-Herz-fuer-die-Arktis\/\">Um diese Banner zu schaffen, hatten sich Mitte April weltweit an 280 Orten Greenpeace-AktivistInnen und B\u00fcrger zusammengefunden.<\/a><\/p>\n<p>Sprecher von Greenpeace sind bereits seit drei Tagen in Kiruna. Zusammen mit den mehr als 40 Vertretern der indigenen Bev\u00f6lkerungen haben sie <a href=\"http:\/\/www.greenpeace.org\/international\/en\/press\/releases\/Indigenous-Peoples-put-Arctic-Council-on-alert-on-eve-of-foreign-ministers-meeting\/\" target=\"_blank\" rel=\"noopener noreferrer\">ein Statement verabschiedet<\/a> das neben einem Verbot von \u00d6lbohrungen in arktischen Gew\u00e4ssern auch ein Moratorium f\u00fcr \u00d6lbohrungen an Land und die Beteiligung der indigenen Bev\u00f6lkerung an allen Entscheidungen fordert, um eine Zerst\u00f6rung ihres Lebensraums zu verhindern.<\/p>\n<\/p>\n<div class=\"embedded-image-gallery promo general-form\">\n<h2>Arktische Rat, Kiruna<\/h2>\n<div class=\"gallery\">\n<div class=\"img-nav\">\n<div class=\"carousel\">\n<ul class=\"img-list galleria\">\n<li class=\"active\">\n                            <a title=\"Greenpeace empf\u00e4ngt den Arktischen Rat in Kiruna\" href=\"\/switzerland\/de\/News_Stories\/Multimedia\/Fotos\/Artische-Rat-Kiruna\/Greenpeace-empfaengt-den-Arktischen-Rat-in-Kiruna\/\" rel=\"14. Mai, 2013, Kiruna, Schweden. Greenpeace empf\u00e4ngt den Arktischen Rat mit der Botschaft: Kein \u00d6l aus der Arktis. Die Suche nach \u00d6l in der Arktis soll eingestellt werden. ~^Greenpeace \/ Christian \u00c5slund~^\/switzerland\/ReSizes\/ImageGalleryLarge\/Global\/switzerland\/photos\/arktis\/01 GP04KZ9.jpg~^358509\"><br \/>\n                                <img decoding=\"async\" id=\"ctl00_cphContentArea_epiEntryContent_ctl00_ctl04_ctl00_repImages_ctl00_thumbImg\" title=\"Greenpeace empf\u00e4ngt den Arktischen Rat in Kiruna\" src=\"https:\/\/www.greenpeace.ch\/static\/planet4-switzerland-stateless\/2019\/05\/f62be43a-f62be43a-01-gp04kz9.jpg\" alt=\"Greenpeace empf\u00e4ngt den Arktischen Rat in Kiruna\" style=\"border-width:0px;\"><br \/>\n                            <\/a>\n                        <\/li>\n<li>\n                            <a title=\"Greenpeace empf\u00e4ngt den Arktischen Rat \" href=\"\/switzerland\/de\/News_Stories\/Multimedia\/Fotos\/Artische-Rat-Kiruna\/Greenpeace-empfaengt-den-Arktischen-Rat-\/\" rel=\"14. Mai, 2013, Kiruna, Schweden. Die Vertreter des Arktischen Rates sind auf dem Weg ins Stadthaus der Stadt Kiruna, wo sie tagen. Greenpeace Aktivisten empfangen den Arktische Rat und fordern die Mitglieder unter anderem dazu auf, die Suche nach \u00d6l  in der Arktis einzustellen. ~^Greenpeace \/ Christian \u00c5slund~^\/switzerland\/ReSizes\/ImageGalleryLarge\/Global\/switzerland\/photos\/arktis\/02 GP04L09.jpg~^358510\"><br \/>\n                                <img decoding=\"async\" id=\"ctl00_cphContentArea_epiEntryContent_ctl00_ctl04_ctl00_repImages_ctl01_thumbImg\" title=\"Greenpeace empf\u00e4ngt den Arktischen Rat \" src=\"https:\/\/www.greenpeace.ch\/static\/planet4-switzerland-stateless\/2019\/05\/0063a989-0063a989-02-gp04l09.jpg\" alt=\"Greenpeace empf\u00e4ngt den Arktischen Rat \" style=\"border-width:0px;\"><br \/>\n                            <\/a>\n                        <\/li>\n<li>\n                            <a title=\"Josefina Skerk\" href=\"\/switzerland\/de\/News_Stories\/Multimedia\/Fotos\/Artische-Rat-Kiruna\/Josefina-Skerk\/\" rel=\"Josefina Skerk geh\u00f6rt zur Gemeinschaft der Sami, dem n\u00f6rdlichsten indigenen Volk Europas. Sie ist Vizepr\u00e4sidentin der Samischen Jagd- und Fischereipartei Jakt- och Fiskesamerna , die die Samischen Fischer und J\u00e4ger vertritt. Es ist die gr\u00f6\u00dfte Partei im Sami-Parlament in Schweden. Ihre Aussage lautet: \u201e Unser Kampf gegen die masslose Gier der \u00d6lindustrie und dem Klimawandel scheint wirkungslos. Der Zusammenhalt der Ureinwohner aber l\u00e4sst mich hoffen, dass die Sonne nach dem dunklen Winter wieder kraftvoll scheinen wird.\u201e~^Christian \u00c5slund \/ Greenpeace~^\/switzerland\/ReSizes\/ImageGalleryLarge\/Global\/switzerland\/photos\/arktis\/03 GP04KYN.jpg~^358511\"><br \/>\n                                <img decoding=\"async\" id=\"ctl00_cphContentArea_epiEntryContent_ctl00_ctl04_ctl00_repImages_ctl02_thumbImg\" title=\"Josefina Skerk\" src=\"https:\/\/www.greenpeace.ch\/static\/planet4-switzerland-stateless\/2019\/05\/4f6b25d1-4f6b25d1-03-gp04kyn.jpg\" alt=\"Josefina Skerk\" style=\"border-width:0px;\"><br \/>\n                            <\/a>\n                        <\/li>\n<li>\n                            <a title=\"Polarb\u00e4r Paula vor dem Parlament in Ottawa, Kanada\" href=\"\/switzerland\/de\/News_Stories\/Multimedia\/Fotos\/Artische-Rat-Kiruna\/Polarbaer-Paula-vor-dem-Parlament-in-Ottawa-Kanada\/\" rel=\"15. Mai 2013, Ottawa, Kanada. Greenpeace Freiwillige vor dem Parlament in Ottawa, Kanada. Kanada \u00fcbernimmt das Pr\u00e4sidium des Arktischen Rates. Neben dem Polarb\u00e4ren Paula ist zu lesen: Harper*: Bohrungen in der Arktis = Verschmutzung. (*: Stephen Harper, Kanadischer Prime Minister. Kanada ist Mitglied des Arktischen Rates)~^Patrick Doyle \/ canadian press \/ Greenpeace~^\/switzerland\/ReSizes\/ImageGalleryLarge\/Global\/switzerland\/photos\/arktis\/04 GP04L1T.jpg~^358507\"><br \/>\n                                <img decoding=\"async\" id=\"ctl00_cphContentArea_epiEntryContent_ctl00_ctl04_ctl00_repImages_ctl03_thumbImg\" title=\"Polarb\u00e4r Paula vor dem Parlament in Ottawa, Kanada\" src=\"https:\/\/www.greenpeace.ch\/static\/planet4-switzerland-stateless\/2019\/05\/dc3dbeec-dc3dbeec-04-gp04l1t.jpg\" alt=\"Polarb\u00e4r Paula vor dem Parlament in Ottawa, Kanada\" style=\"border-width:0px;\"><br \/>\n                            <\/a>\n                        <\/li>\n<li>\n                            <a title=\"Demonstration vor den Stadthaus wo dar Arktische Rat tagt\" href=\"\/switzerland\/de\/News_Stories\/Multimedia\/Fotos\/Artische-Rat-Kiruna\/Demonstration-vor-den-Stadthaus-wo-dar-Arktische-Rat-tagt\/\" rel=\"14. Mai 2013, Kiruna, Schweden. Greenpeace Aktivistinnen empfangen den Arktischen Rat, der auf dem Weg ins Stadthaus der Stadt Kiruna ist. Die Vertreter des Rates debattieren dort \u00fcber die Konsequenzen von Tiefseebohrungen in der Arktis. Die Aktivistinnen fordern unter anderem, die Suche nach \u00d6l in der Arktis einzustellen. ~^Greenpeace \/ Christian \u00c5slund~^\/switzerland\/ReSizes\/ImageGalleryLarge\/Global\/switzerland\/photos\/arktis\/05 GP04L1H.jpg~^358508\"><br \/>\n                                <img decoding=\"async\" id=\"ctl00_cphContentArea_epiEntryContent_ctl00_ctl04_ctl00_repImages_ctl04_thumbImg\" title=\"Demonstration vor den Stadthaus wo dar Arktische Rat tagt\" src=\"https:\/\/www.greenpeace.ch\/static\/planet4-switzerland-stateless\/2019\/05\/1952da50-1952da50-05-gp04l1h.jpg\" alt=\"Demonstration vor den Stadthaus wo dar Arktische Rat tagt\" style=\"border-width:0px;\"><br \/>\n                            <\/a>\n                        <\/li>\n<li>\n                            <a title=\"Polarb\u00e4r in Manila\" href=\"\/switzerland\/de\/News_Stories\/Multimedia\/Fotos\/Artische-Rat-Kiruna\/Polarbaer-in-Manila\/\" rel='15. Mai 2013, Manila, Philippinen. Eine der weltweiten Aktionen zum Schutz der Arktis. Die Aktion findet statt in Zusammenhang mit dem Treffen des Arktischen Rates in Kiruna, Schweden. Der Polarb\u00e4r fordert: \"Rettet die Arktis\u201c.  ~^Greenpeace \/ madz barrido~^\/switzerland\/ReSizes\/ImageGalleryLarge\/Global\/switzerland\/photos\/arktis\/06 GP04L0M.jpg~^358512'><br \/>\n                                <img decoding=\"async\" id=\"ctl00_cphContentArea_epiEntryContent_ctl00_ctl04_ctl00_repImages_ctl05_thumbImg\" title=\"Polarb\u00e4r in Manila\" src=\"https:\/\/www.greenpeace.ch\/static\/planet4-switzerland-stateless\/2019\/05\/ead6ca42-ead6ca42-06-gp04l0m.jpg\" alt=\"Polarb\u00e4r in Manila\" style=\"border-width:0px;\"><br \/>\n                            <\/a>\n                        <\/li>\n<li>\n                            <a title=\"Jouni Lukkari\" href=\"\/switzerland\/de\/News_Stories\/Multimedia\/Fotos\/Artische-Rat-Kiruna\/Jouni-Lukkari\/\" rel=\"Jouni Lukkarii, ist Mitglied des Sami-Rates in Finnland. Seine Aussage lautet: \u201eDie Ureinwohner in der Arktis, wissen was unserem Land angetan wird. Es ist an der Zeit, alle anderen wachzur\u00fctteln und zu handeln.\u201c ~^Christian \u00c5slund \/ Greenpeace~^\/switzerland\/ReSizes\/ImageGalleryLarge\/Global\/switzerland\/photos\/arktis\/07 GP04KYO.jpg~^358513\"><br \/>\n                                <img decoding=\"async\" id=\"ctl00_cphContentArea_epiEntryContent_ctl00_ctl04_ctl00_repImages_ctl06_thumbImg\" title=\"Jouni Lukkari\" src=\"https:\/\/www.greenpeace.ch\/static\/planet4-switzerland-stateless\/2019\/05\/3369ab19-3369ab19-07-gp04kyo.jpg\" alt=\"Jouni Lukkari\" style=\"border-width:0px;\"><br \/>\n                            <\/a>\n                        <\/li>\n<li>\n                            <a title=\"Empfang des Arktischen Rates im Hotel\" href=\"\/switzerland\/de\/News_Stories\/Multimedia\/Fotos\/Artische-Rat-Kiruna\/Empfang-des-Arktischen-Rates-im-Hotel\/\" rel=\"14. Mai, 2013, Kiruna, Schweden. Greenpeace AktivistInnen empfangen die Vertreter nicht nur mit Bannern. Botschaften zum Schutz der Arktis sind auch in den Hotel wo die Vertreter \u00fcbernachten angebracht. Die Aktivisten fordern unter anderem dazu auf, die Suche nach \u00d6l in der Arktis einzustellen. ~^Greenpeace \/ Christian \u00c5slund~^\/switzerland\/ReSizes\/ImageGalleryLarge\/Global\/switzerland\/photos\/arktis\/08 GP04L0E.jpg~^358514\"><br \/>\n                                <img decoding=\"async\" id=\"ctl00_cphContentArea_epiEntryContent_ctl00_ctl04_ctl00_repImages_ctl07_thumbImg\" title=\"Empfang des Arktischen Rates im Hotel\" src=\"https:\/\/www.greenpeace.ch\/static\/planet4-switzerland-stateless\/2019\/05\/35f98265-35f98265-08-gp04l0e.jpg\" alt=\"Empfang des Arktischen Rates im Hotel\" style=\"border-width:0px;\"><br \/>\n                            <\/a>\n                        <\/li>\n<\/ul>\n<\/div>\n<\/div>\n<\/div>\n<div class=\"text\">\n<p class=\"description\">\n<p class=\"copyright\">\u00a9 Christian \u00c5slund \/ Greenpeace<\/p>\n<\/div>\n<\/div>\n<p>\u00a0\n<\/p>\n<\/div>\n<\/div>\n","protected":false},"excerpt":{"rendered":"<p>Am Mittwoch ist der Arktische Rat in der nordschwedischen Stadt Kiruna f\u00fcr einen Tag zusammengekommen. Gegen Mittag stimmten die teilnehmenden Aussenminister der Arktis-Anrainer einem vage formulierten Beschluss f\u00fcr die internationale&hellip;<\/p>\n","protected":false},"author":23,"featured_media":12535,"comment_status":"closed","ping_status":"open","sticky":false,"template":"","format":"standard","meta":{"_acf_changed":false,"_planet4_optimize_post_is_variant":false,"_planet4_optimize_experiment_name":"","_planet4_optimize_variant_name":"","ep_exclude_from_search":false,"p4_og_title":"","p4_og_description":"","p4_og_image":"","p4_og_image_id":"","p4_seo_canonical_url":"","p4_campaign_name":"","p4_local_project":"","p4_basket_name":"","p4_department":"","footnotes":""},"categories":[1],"tags":[50],"p4-page-type":[75],"gpch-article-type":[],"class_list":["post-12533","post","type-post","status-publish","format-standard","has-post-thumbnail","hentry","category-unkategorisiert","tag-klima","p4-page-type-story"],"acf":[],"_links":{"self":[{"href":"https:\/\/www.greenpeace.ch\/de\/wp-json\/wp\/v2\/posts\/12533","targetHints":{"allow":["GET"]}}],"collection":[{"href":"https:\/\/www.greenpeace.ch\/de\/wp-json\/wp\/v2\/posts"}],"about":[{"href":"https:\/\/www.greenpeace.ch\/de\/wp-json\/wp\/v2\/types\/post"}],"author":[{"embeddable":true,"href":"https:\/\/www.greenpeace.ch\/de\/wp-json\/wp\/v2\/users\/23"}],"replies":[{"embeddable":true,"href":"https:\/\/www.greenpeace.ch\/de\/wp-json\/wp\/v2\/comments?post=12533"}],"version-history":[{"count":0,"href":"https:\/\/www.greenpeace.ch\/de\/wp-json\/wp\/v2\/posts\/12533\/revisions"}],"wp:featuredmedia":[{"embeddable":true,"href":"https:\/\/www.greenpeace.ch\/de\/wp-json\/wp\/v2\/media\/12535"}],"wp:attachment":[{"href":"https:\/\/www.greenpeace.ch\/de\/wp-json\/wp\/v2\/media?parent=12533"}],"wp:term":[{"taxonomy":"category","embeddable":true,"href":"https:\/\/www.greenpeace.ch\/de\/wp-json\/wp\/v2\/categories?post=12533"},{"taxonomy":"post_tag","embeddable":true,"href":"https:\/\/www.greenpeace.ch\/de\/wp-json\/wp\/v2\/tags?post=12533"},{"taxonomy":"p4-page-type","embeddable":true,"href":"https:\/\/www.greenpeace.ch\/de\/wp-json\/wp\/v2\/p4-page-type?post=12533"},{"taxonomy":"gpch-article-type","embeddable":true,"href":"https:\/\/www.greenpeace.ch\/de\/wp-json\/wp\/v2\/gpch-article-type?post=12533"}],"curies":[{"name":"wp","href":"https:\/\/api.w.org\/{rel}","templated":true}]}}