{"id":12550,"date":"2013-05-08T00:00:00","date_gmt":"2013-05-07T22:00:00","guid":{"rendered":"https:\/\/master.greenpeace.ch\/beitrag\/12550\/wie-viel-solarpotential-hat-jegenstorf\/"},"modified":"2019-05-30T11:38:25","modified_gmt":"2019-05-30T09:38:25","slug":"wie-viel-solarpotential-hat-jegenstorf","status":"publish","type":"post","link":"https:\/\/www.greenpeace.ch\/de\/story\/12550\/wie-viel-solarpotential-hat-jegenstorf\/","title":{"rendered":"Wie viel Solarpotential hat Jegenstorf?"},"content":{"rendered":"<p><b>Zoom<\/p>\n<p>        Sonntag, 5. Mai 2013<br \/>\n        Solarkataster Jegenstorf<\/p>\n<p>\u00a0<\/b><\/p>\n<div class=\"post-content\">\n<div>\n<p style=\"line-height: 1.5; margin-top: 0pt; margin-bottom: 0pt;\" dir=\"ltr\"><span style=\"font-size: 12px; font-family: Helvetica; color: #000000; background-color: transparent; font-weight: normal; font-style: normal; font-variant: normal; text-decoration: none; vertical-align: baseline;\"><\/p>\n<div class=\"events-box big-box left\">\n<div class=\"frame\">\n        <a class=\"open-img EnlargeImage\" href=\"\/switzerland\/Global\/switzerland\/photos\/jugendsolar\/2013\/Jegenstorf%20April-Mai\/_DSC_0019.JPG\" title=\"Solarkataster Jegenstorf\"><br \/>\n            <img decoding=\"async\" id=\"ctl00_cphContentArea_epiEntryContent_ctl00_ctl02_Image1\" title=\"Solarkataster Jegenstorf\" class=\"Thumbnail\" src=\"https:\/\/www.greenpeace.ch\/static\/planet4-switzerland-stateless\/2019\/05\/5103fe8a-5103fe8a-dsc_0019.jpg\" alt=\"Solarkataster Jegenstorf\" style=\"border-width:0px;\"><\/p>\n<p>        <\/a>\n    <\/div>\n<div class=\"events-content hidden-paragraph\">\n        <span class=\"date\">Sonntag, 5. Mai 2013<\/span><br \/>\n        <strong>Solarkataster Jegenstorf<\/strong><\/p>\n<\/p>\n<\/div>\n<\/div>\n<p>\u00a0<\/span><\/p>\n<p style=\"line-height: 1.5; margin-top: 0pt; margin-bottom: 0pt;\" dir=\"ltr\"><span style=\"font-size: 12px; font-family: Helvetica; color: #000000; background-color: transparent; font-weight: normal; font-style: normal; font-variant: normal; text-decoration: none; vertical-align: baseline;\"><strong>F\u00fcnf Schulklassen haben w\u00e4hrend zwei Wochen ein Solarkataster f\u00fcr Jegenstorf erstellt.<\/strong><\/p>\n<p>Der Verein Energieregion Bern-Solothurn setzt sich f\u00fcr lokal produzierte erneuerbare Energie ein, unter anderem Solarstrom. Auch die Gemeinde Jegenstorf ist dabei. Flavio Cavaleri, B\u00fcrger von Jegenstorf, hat das Solarprojekt Jegenstorf initiiert und zusammen mit dem B\u00fcro Weichen stellen und Jugendsolar by Greenpeace durchgef\u00fchrt. W\u00e4hrend zwei Wochen kl\u00e4rten Jugendliche das Potential der Gemeinde bez\u00fcglich Solarstromproduktion ab.<\/span><\/p>\n<p style=\"line-height: 1.5; margin-top: 0pt; margin-bottom: 0pt;\" dir=\"ltr\"><span style=\"font-size: 12px; font-family: Helvetica; color: #000000; background-color: transparent; font-weight: normal; font-style: normal; font-variant: normal; text-decoration: none; vertical-align: baseline;\"><br \/>F\u00fcnf Klassen der Oberstufe Gyrisberg spazierten durch Jegenstorf und pr\u00fcften, wie gut sich die lokalen D\u00e4cher f\u00fcr Photovoltaik eignen. Rund 1100 D\u00e4cher wurden erfasst und mit dem <a href=\"http:\/\/www.solarmacher.ch\/\" target=\"_blank\" rel=\"noopener noreferrer\">App namens solarmacher.ch<\/a> zu einem Solarkataster zusammengetragen. Das Potential der Gemeinde liegt nach diesen Daten bei ca. 13\u00a0Gigawattstunden pro Jahr. Damit k\u00f6nnten etwa 3000 Haushalte mit Strom versorgt werden. Verglichen mit dem durchschnittlichen Stromverbrauch der Gemeinde k\u00f6nnte dieser Solarstrom etwa einen drittel des Stromverbrauchs von Jegenstorf decken.<\/span><\/p>\n<p style=\"line-height: 1.5; margin-top: 0pt; margin-bottom: 0pt;\" dir=\"ltr\"><span style=\"font-size: 12px; font-family: Helvetica; color: #000000; background-color: transparent; font-weight: normal; font-style: normal; font-variant: normal; text-decoration: none; vertical-align: baseline;\"><br \/>Neben den Dachabkl\u00e4rungen hatten die Sch\u00fcler auch anderes Programm: Sie lernten im Rahmen eines Workshops von Schulbesuch by Greenpeace, wie sie selbst ihren Beitrag zur gemeinsamen Zukunft leisten k\u00f6nnen; Sie setzten sich mit dem Thema Energiewende auseinander und lernten mit der Plattform Mobil-E ihre Bedeutung in der Schweiz kennen. Zus\u00e4tzlich halfen Sie beim montieren zweier Photovoltaikanlagen die in der Umgebung gebaut wurden.<\/p>\n<p>Finanziert wurden die Solarwochen von zahlreichen Sponsoren aus dem lokalen Gewerbe von Jegenstorf.<\/span><\/p>\n<\/div>\n<\/div>\n","protected":false},"excerpt":{"rendered":"<p>Zoom Sonntag, 5. Mai 2013 Solarkataster Jegenstorf \u00a0 Sonntag, 5. Mai 2013 Solarkataster Jegenstorf \u00a0 F\u00fcnf Schulklassen haben w\u00e4hrend zwei Wochen ein Solarkataster f\u00fcr Jegenstorf erstellt. Der Verein Energieregion Bern-Solothurn&hellip;<\/p>\n","protected":false},"author":23,"featured_media":12552,"comment_status":"closed","ping_status":"open","sticky":false,"template":"","format":"standard","meta":{"_acf_changed":false,"_planet4_optimize_post_is_variant":false,"_planet4_optimize_experiment_name":"","_planet4_optimize_variant_name":"","ep_exclude_from_search":false,"p4_og_title":"","p4_og_description":"","p4_og_image":"","p4_og_image_id":"","p4_seo_canonical_url":"","p4_campaign_name":"","p4_local_project":"","p4_basket_name":"","p4_department":"","footnotes":""},"categories":[1],"tags":[50],"p4-page-type":[75],"gpch-article-type":[],"class_list":["post-12550","post","type-post","status-publish","format-standard","has-post-thumbnail","hentry","category-unkategorisiert","tag-klima","p4-page-type-story"],"acf":[],"_links":{"self":[{"href":"https:\/\/www.greenpeace.ch\/de\/wp-json\/wp\/v2\/posts\/12550","targetHints":{"allow":["GET"]}}],"collection":[{"href":"https:\/\/www.greenpeace.ch\/de\/wp-json\/wp\/v2\/posts"}],"about":[{"href":"https:\/\/www.greenpeace.ch\/de\/wp-json\/wp\/v2\/types\/post"}],"author":[{"embeddable":true,"href":"https:\/\/www.greenpeace.ch\/de\/wp-json\/wp\/v2\/users\/23"}],"replies":[{"embeddable":true,"href":"https:\/\/www.greenpeace.ch\/de\/wp-json\/wp\/v2\/comments?post=12550"}],"version-history":[{"count":0,"href":"https:\/\/www.greenpeace.ch\/de\/wp-json\/wp\/v2\/posts\/12550\/revisions"}],"wp:featuredmedia":[{"embeddable":true,"href":"https:\/\/www.greenpeace.ch\/de\/wp-json\/wp\/v2\/media\/12552"}],"wp:attachment":[{"href":"https:\/\/www.greenpeace.ch\/de\/wp-json\/wp\/v2\/media?parent=12550"}],"wp:term":[{"taxonomy":"category","embeddable":true,"href":"https:\/\/www.greenpeace.ch\/de\/wp-json\/wp\/v2\/categories?post=12550"},{"taxonomy":"post_tag","embeddable":true,"href":"https:\/\/www.greenpeace.ch\/de\/wp-json\/wp\/v2\/tags?post=12550"},{"taxonomy":"p4-page-type","embeddable":true,"href":"https:\/\/www.greenpeace.ch\/de\/wp-json\/wp\/v2\/p4-page-type?post=12550"},{"taxonomy":"gpch-article-type","embeddable":true,"href":"https:\/\/www.greenpeace.ch\/de\/wp-json\/wp\/v2\/gpch-article-type?post=12550"}],"curies":[{"name":"wp","href":"https:\/\/api.w.org\/{rel}","templated":true}]}}