{"id":12554,"date":"2013-05-15T00:00:00","date_gmt":"2013-05-14T22:00:00","guid":{"rendered":"https:\/\/master.greenpeace.ch\/beitrag\/12554\/stromeffizienz-gibt-energiewende-einen-tatkraeftigen-schub\/"},"modified":"2019-05-30T11:38:31","modified_gmt":"2019-05-30T09:38:31","slug":"stromeffizienz-gibt-energiewende-einen-tatkraeftigen-schub","status":"publish","type":"post","link":"https:\/\/www.greenpeace.ch\/de\/story\/12554\/stromeffizienz-gibt-energiewende-einen-tatkraeftigen-schub\/","title":{"rendered":"Stromeffizienz gibt Energiewende einen tatkr\u00e4ftigen Schub"},"content":{"rendered":"<p><b>Zoom<\/p>\n<p>            Greenpeace-Kampagnenleiter Kaspar Schuler bei der Einreichung der Stromeffizienz-Initiative<\/p>\n<p>Die Stromeffizienz-Initiative wurde heute mit 128\u2019000 Unterschriften in Bundesbern eingereicht. Eine ausserordentlich breite Tr\u00e4gerschaft aus Politik, Wirtschaft und Umweltorganisationen will, dass der j\u00e4hrliche Stromendverbrauch im Jahr 2035 das Niveau von 2011 nicht \u00fcberschreitet.<\/b><\/p>\n<div class=\"post-content\">\n<div>\n<h3>\n<div class=\"events-box middle-box left\">\n<div class=\"frame\">\n        <a class=\"open-img EnlargeImage\" href=\"https:\/\/www.greenpeace.ch\/static\/planet4-switzerland-stateless\/2019\/05\/c2cb6b23-c2cb6b23-eff_ini_einreich.jpg\" title=\"\"><br \/>\n            <img decoding=\"async\" id=\"ctl00_cphContentArea_epiEntryContent_ctl00_ctl02_Image1\" class=\"Thumbnail\" src=\"https:\/\/www.greenpeace.ch\/static\/planet4-switzerland-stateless\/2019\/05\/c2cb6b23-c2cb6b23-eff_ini_einreich.jpg\" alt=\"\" style=\"border-width:0px;\"><\/p>\n<p>        <\/a>\n    <\/div>\n<div class=\"events-content no-title\">\n        <span class=\"date\"><\/span><br \/>\n        <strong><\/strong><\/p>\n<p>\n            Greenpeace-Kampagnenleiter Kaspar Schuler bei der Einreichung der Stromeffizienz-Initiative\n        <\/p>\n<\/p>\n<\/div>\n<\/div>\n<p>Die Stromeffizienz-Initiative wurde heute <a href=\"http:\/\/www.greenpeace.org\/switzerland\/de\/Uber-uns\/Medienstelle\/Medienmitteilungen\/Stromeffizienz-Initiative-eingereicht\/\" target=\"_blank\" rel=\"noopener noreferrer\">mit 128\u2019000 Unterschriften in Bundesbern eingereicht<\/a>. Eine ausserordentlich breite Tr\u00e4gerschaft aus Politik, Wirtschaft und Umweltorganisationen will, dass der j\u00e4hrliche Stromendverbrauch im Jahr 2035 <a href=\"http:\/\/stromeffizienzinitiative.ch\/initiative\/\" target=\"_blank\" rel=\"noopener noreferrer\">das Niveau von 2011 nicht \u00fcberschreitet<\/a>.<\/h3>\n<p>&#171;Das Sparpotential liegt sogar viel h\u00f6her als von der Initiative angenommen: Bis 2035 k\u00f6nnen vier F\u00fcnftel des Schweizer Atomstroms \u00fcber Effizienzmassnahmen ersetzt werden. Die Initiative sorgt immerhin daf\u00fcr, dass es ein verbindliches Minimalziel gibt &#8211; und so die Energiewende ihr Effizienzversprechen halten muss&#187;, sagt Kaspar Schuler, Kampagnenleiter Klima und Energie bei Greenpeace Schweiz.<\/p>\n<p>Laut Berechnungen der Umweltallianz k\u00f6nnen 19,2 TWh Strom <a href=\"http:\/\/www.umweltallianz.ch\/fileadmin\/user_upload\/Strommix\/Faktenblatt_Effizienz.pdf\" target=\"_blank\" rel=\"noopener noreferrer\">in den unterschiedlichsten Bereichen eingespart werden<\/a>: Das ist das 6.4-fache der Produktion vom Atomkraftwerk in M\u00fchleberg! Wie dies geschehen soll, zeigen zum Beispiel <a href=\"https:\/\/www.greenpeace.ch\/wp-content\/uploads\/2017\/01\/2008_PS_33Spartipps.pdf\" target=\"_blank\" rel=\"noopener noreferrer\">unsere einfachen Spartipps<\/a>.<\/p>\n<p>\u201eZeitlich kommt die Forderung genau richtig, denn so kann sie in der parlamentarischen Energiestrategie-Diskussion ab Herbst aufgenommen werden\u201c, sagt Greenpeace Effizienz-Campaignerin Anne Koch. Auch das Klima ruft dringend nach weniger Umweltbelastung: Am Montag wurde n\u00e4mlich bekannt, dass die Konzentration des Treibhausgases Kohlendioxid (CO2) in der Atmosph\u00e4re <a href=\"http:\/\/www.greenpeace-magazin.de\/tagesthemen\/einzelansicht\/artikel\/2013\/05\/11\/wissenschaftler-co2-werte-in-gefaehrlichem-bereich\/\" target=\"_blank\" rel=\"noopener noreferrer\">den h\u00f6chsten Stand seit Millionen von Jahren erreicht hat<\/a>.<\/p>\n<p>Die aktuellen Pressebilder finden Sie <a href=\"http:\/\/www.photopress.ch\/image\/Aktuell\/Mai+13\/Einreichung+Stromeffizienz-Initiative\" target=\"_blank\" rel=\"noopener noreferrer\">hier<\/a>.\u00a0\u00a0<span><br \/><\/span><\/p>\n<\/div>\n<\/div>\n","protected":false},"excerpt":{"rendered":"<p>Zoom Greenpeace-Kampagnenleiter Kaspar Schuler bei der Einreichung der Stromeffizienz-Initiative Die Stromeffizienz-Initiative wurde heute mit 128\u2019000 Unterschriften in Bundesbern eingereicht. Eine ausserordentlich breite Tr\u00e4gerschaft aus Politik, Wirtschaft und Umweltorganisationen will, dass&hellip;<\/p>\n","protected":false},"author":23,"featured_media":12556,"comment_status":"closed","ping_status":"open","sticky":false,"template":"","format":"standard","meta":{"_acf_changed":false,"_planet4_optimize_post_is_variant":false,"_planet4_optimize_experiment_name":"","_planet4_optimize_variant_name":"","ep_exclude_from_search":false,"p4_og_title":"","p4_og_description":"","p4_og_image":"","p4_og_image_id":"","p4_seo_canonical_url":"","p4_campaign_name":"","p4_local_project":"","p4_basket_name":"","p4_department":"","footnotes":""},"categories":[1],"tags":[50],"p4-page-type":[75],"gpch-article-type":[],"class_list":["post-12554","post","type-post","status-publish","format-standard","has-post-thumbnail","hentry","category-unkategorisiert","tag-klima","p4-page-type-story"],"acf":[],"_links":{"self":[{"href":"https:\/\/www.greenpeace.ch\/de\/wp-json\/wp\/v2\/posts\/12554","targetHints":{"allow":["GET"]}}],"collection":[{"href":"https:\/\/www.greenpeace.ch\/de\/wp-json\/wp\/v2\/posts"}],"about":[{"href":"https:\/\/www.greenpeace.ch\/de\/wp-json\/wp\/v2\/types\/post"}],"author":[{"embeddable":true,"href":"https:\/\/www.greenpeace.ch\/de\/wp-json\/wp\/v2\/users\/23"}],"replies":[{"embeddable":true,"href":"https:\/\/www.greenpeace.ch\/de\/wp-json\/wp\/v2\/comments?post=12554"}],"version-history":[{"count":0,"href":"https:\/\/www.greenpeace.ch\/de\/wp-json\/wp\/v2\/posts\/12554\/revisions"}],"wp:featuredmedia":[{"embeddable":true,"href":"https:\/\/www.greenpeace.ch\/de\/wp-json\/wp\/v2\/media\/12556"}],"wp:attachment":[{"href":"https:\/\/www.greenpeace.ch\/de\/wp-json\/wp\/v2\/media?parent=12554"}],"wp:term":[{"taxonomy":"category","embeddable":true,"href":"https:\/\/www.greenpeace.ch\/de\/wp-json\/wp\/v2\/categories?post=12554"},{"taxonomy":"post_tag","embeddable":true,"href":"https:\/\/www.greenpeace.ch\/de\/wp-json\/wp\/v2\/tags?post=12554"},{"taxonomy":"p4-page-type","embeddable":true,"href":"https:\/\/www.greenpeace.ch\/de\/wp-json\/wp\/v2\/p4-page-type?post=12554"},{"taxonomy":"gpch-article-type","embeddable":true,"href":"https:\/\/www.greenpeace.ch\/de\/wp-json\/wp\/v2\/gpch-article-type?post=12554"}],"curies":[{"name":"wp","href":"https:\/\/api.w.org\/{rel}","templated":true}]}}