{"id":12565,"date":"2013-05-06T00:00:00","date_gmt":"2013-05-05T22:00:00","guid":{"rendered":"https:\/\/master.greenpeace.ch\/beitrag\/12565\/per-elektro-bike-auf-dem-sonnenweg\/"},"modified":"2019-05-30T11:38:49","modified_gmt":"2019-05-30T09:38:49","slug":"per-elektro-bike-auf-dem-sonnenweg","status":"publish","type":"post","link":"https:\/\/www.greenpeace.ch\/de\/story\/12565\/per-elektro-bike-auf-dem-sonnenweg\/","title":{"rendered":"Per Elektro-Bike auf dem Sonnenweg"},"content":{"rendered":"<p><b>P\u00fcnktlich zum offiziellen Tag der Sonne er\u00f6ffneten am vergangenen Samstag die Energieregion Emmental und Jugendsolar by Greenpeace den \u00abEnergieweg Sonne\u00bb. Mit ihrem neuen Angebot f\u00fcr die Bev\u00f6lkerung wollen die Initianten das breite Spektrum von Solarstromnutzung vorstellen und die Diskussion zum Thema ankurbeln. Neun verschiedene Anlagen gibt es auf der 40 Kilometer langen Strecke von Burgdorf \u00fcber Sumiswald nach Langnau zu entdecken \u2013 am bequemsten per Elektro-Bike.<\/b><\/p>\n<div class=\"post-content\">\n<div>\n<p><strong>P\u00fcnktlich zum offiziellen Tag der Sonne er\u00f6ffneten am vergangenen Samstag die Energieregion Emmental und Jugendsolar by Greenpeace den \u00abEnergieweg Sonne\u00bb. Mit ihrem neuen Angebot f\u00fcr die Bev\u00f6lkerung wollen die Initianten das breite Spektrum von Solarstromnutzung vorstellen und die Diskussion zum Thema ankurbeln. Neun verschiedene Anlagen gibt es auf der 40 Kilometer langen Strecke von Burgdorf \u00fcber Sumiswald nach Langnau zu entdecken \u2013 am bequemsten per Elektro-Bike.<\/strong><\/p>\n<p>Die eigentliche Heldin des Tages liess sich am vergangenen Samstag zwar nur durch die Wolkendecke erahnen. Das hielt die 15-k\u00f6pfige Gruppe von Solarenergie-Interessierten aber nicht davon ab, sich per E-Bike auf \u201eJungfernfahrt\u201c durch die sanften H\u00fcgellandschaften des Emmentals aufzumachen. An neun Standorten wechselten sich Referate des Projektleiters der Energieregion Emmental, Anton K\u00fcchler, mit Wortmeldungen von Vertretern von Unternehmen und Gemeinden ab. Ein besonders innovatives Beispiel f\u00fcr Solarnutzung ist die Schreinerei von Kurt Baumberger in Sumiswald: Der Jahresbedarf des Betriebs wird vollst\u00e4ndig mit Strom aus Sonne gedeckt. Dank der grossen solarthermischen Anlage auf dem Wohnhaus kommen im Winter drei Geb\u00e4ude mit einer minimalen Holzzusatzheizung aus. Im Sommer trocknet die Anlage eindr\u00fcckliche 15 Tonnen Kr\u00e4uter f\u00fcr Ricola. Baumberger, der f\u00fcr sein Engagement 2010 den Schweizer Solarpreis gewonnen hat, sagt zu seiner Investition: \u201eUnser Ziel ist die Selbstversorgung. Es geht uns nicht darum, Geld zu verdienen, sondern darum, weniger f\u00fcr Energie ausgeben zu m\u00fcssen.\u201c<\/p>\n<p>Mit der neuen Entdeckungstour will die Energieregion Emmental Solarenergie erlebbar machen und einen Beitrag zur Diskussion \u00fcber ihre M\u00f6glichkeiten leisten. Die Energieregion ist ein Netzwerk von Unternehmen, Institutionen und Privatpersonen, welche die Nutzung der regionalen erneuerbaren Energien und der Energieeffizienz im Emmental f\u00f6rdern m\u00f6chten. Das nun gemeinsam mit Greenpeace lancierte Angebot erg\u00e4nzt die laufenden Bem\u00fchungen, den Anteil Solarstrom im Emmental bis 2016 auf 4 Prozent zu steigern und damit technische, \u00f6konomische und gesellschaftliche Erkenntnisse zur Solarenergienutzung zu gewinnen, die f\u00fcr die ganze Schweiz von Interesse sind.<\/p>\n<p>Der \u00abEnergieweg Sonne\u00bb steht ab sofort der breiten Bev\u00f6lkerung zur freien Verf\u00fcgung. Routenplan und Beschreibung der vorgestellten Anlagen finden sich unter <a href=\"http:\/\/www.energieweg-sonne.ch\/\" target=\"_blank\" rel=\"noopener noreferrer\">www.energieweg-sonne.ch.<\/a> Den Info-Flyer und F\u00fchrungen gibt es bei der Energieregion Emmental <a href=\"http:\/\/www.energieregion-emmental.ch\/\" target=\"_blank\" rel=\"noopener noreferrer\">www.energieregion-emmental.ch<\/a><\/p>\n<\/div>\n<\/div>\n","protected":false},"excerpt":{"rendered":"<p>P\u00fcnktlich zum offiziellen Tag der Sonne er\u00f6ffneten am vergangenen Samstag die Energieregion Emmental und Jugendsolar by Greenpeace den \u00abEnergieweg Sonne\u00bb. Mit ihrem neuen Angebot f\u00fcr die Bev\u00f6lkerung wollen die Initianten&hellip;<\/p>\n","protected":false},"author":23,"featured_media":0,"comment_status":"closed","ping_status":"open","sticky":false,"template":"","format":"standard","meta":{"_acf_changed":false,"_planet4_optimize_post_is_variant":false,"_planet4_optimize_experiment_name":"","_planet4_optimize_variant_name":"","ep_exclude_from_search":false,"p4_og_title":"","p4_og_description":"","p4_og_image":"","p4_og_image_id":"","p4_seo_canonical_url":"","p4_campaign_name":"","p4_local_project":"","p4_basket_name":"","p4_department":"","footnotes":""},"categories":[1],"tags":[50],"p4-page-type":[75],"gpch-article-type":[],"class_list":["post-12565","post","type-post","status-publish","format-standard","hentry","category-unkategorisiert","tag-klima","p4-page-type-story"],"acf":[],"_links":{"self":[{"href":"https:\/\/www.greenpeace.ch\/de\/wp-json\/wp\/v2\/posts\/12565","targetHints":{"allow":["GET"]}}],"collection":[{"href":"https:\/\/www.greenpeace.ch\/de\/wp-json\/wp\/v2\/posts"}],"about":[{"href":"https:\/\/www.greenpeace.ch\/de\/wp-json\/wp\/v2\/types\/post"}],"author":[{"embeddable":true,"href":"https:\/\/www.greenpeace.ch\/de\/wp-json\/wp\/v2\/users\/23"}],"replies":[{"embeddable":true,"href":"https:\/\/www.greenpeace.ch\/de\/wp-json\/wp\/v2\/comments?post=12565"}],"version-history":[{"count":0,"href":"https:\/\/www.greenpeace.ch\/de\/wp-json\/wp\/v2\/posts\/12565\/revisions"}],"wp:attachment":[{"href":"https:\/\/www.greenpeace.ch\/de\/wp-json\/wp\/v2\/media?parent=12565"}],"wp:term":[{"taxonomy":"category","embeddable":true,"href":"https:\/\/www.greenpeace.ch\/de\/wp-json\/wp\/v2\/categories?post=12565"},{"taxonomy":"post_tag","embeddable":true,"href":"https:\/\/www.greenpeace.ch\/de\/wp-json\/wp\/v2\/tags?post=12565"},{"taxonomy":"p4-page-type","embeddable":true,"href":"https:\/\/www.greenpeace.ch\/de\/wp-json\/wp\/v2\/p4-page-type?post=12565"},{"taxonomy":"gpch-article-type","embeddable":true,"href":"https:\/\/www.greenpeace.ch\/de\/wp-json\/wp\/v2\/gpch-article-type?post=12565"}],"curies":[{"name":"wp","href":"https:\/\/api.w.org\/{rel}","templated":true}]}}