{"id":125702,"date":"2025-09-23T12:06:45","date_gmt":"2025-09-23T10:06:45","guid":{"rendered":"https:\/\/www.greenpeace.ch\/?p=125702"},"modified":"2025-09-23T12:27:16","modified_gmt":"2025-09-23T10:27:16","slug":"unsere-energie-roadshow-zu-gast-in-chur","status":"publish","type":"post","link":"https:\/\/www.greenpeace.ch\/de\/story\/125702\/unsere-energie-roadshow-zu-gast-in-chur\/","title":{"rendered":"Unsere Energie-Roadshow zu Gast in Chur"},"content":{"rendered":"\n<p>Unsere Roadshow <a href=\"https:\/\/www.greenpeace.ch\/de\/handeln\/raum-fuer-heimat\/\">\u00abRaum f\u00fcr Heimat\u00bb<\/a> hat eine weitere Station gemacht \u2013 in Chur! Auch dort sorgte das \u00fcberdimensionale Atomm\u00fcllfass f\u00fcr viele neugierige Blicke, spannende Gespr\u00e4che und ber\u00fchrende Begegnungen.<\/p>\n\n<p>Ein herzliches Dankesch\u00f6n an <strong>die K\u00fcnstlerin MOMO<\/strong>, die mit ihrem blumigen Graffiti das Fass weiter transformiert hat in ein Symbol der Energiewende ohne Atomstrom.<\/p>\n\n<p>Ein grosser Dank geht auch an unsere G\u00e4ste: <strong>Christian Hassler, Solarpionier, und SP-Kantonsr\u00e4tin Julia M\u00fcller<\/strong> \u2013 beide setzen sich engagiert f\u00fcr eine Energiewende mit reiner Heimatenergie ein.<\/p>\n<div data-hydrate=\"planet4-blocks\/gallery\" data-attributes=\"{&quot;attributes&quot;:{&quot;multiple_image&quot;:&quot;125707,125722,125712,125714,125710,125719&quot;,&quot;image_data&quot;:[{&quot;url&quot;:&quot;https:\\\/\\\/www.greenpeace.ch\\\/static\\\/planet4-switzerland-stateless\\\/2025\\\/09\\\/20250920-DJI-DroneFotos-ebue_0024-scaled.jpg&quot;,&quot;focalPoint&quot;:{&quot;x&quot;:0.5,&quot;y&quot;:0.5},&quot;id&quot;:125707},{&quot;url&quot;:&quot;https:\\\/\\\/www.greenpeace.ch\\\/static\\\/planet4-switzerland-stateless\\\/2025\\\/09\\\/20250920-HeimatChur-P1015675-scaled.jpg&quot;,&quot;focalPoint&quot;:{&quot;x&quot;:0.5,&quot;y&quot;:0.5},&quot;id&quot;:125722},{&quot;url&quot;:&quot;https:\\\/\\\/www.greenpeace.ch\\\/static\\\/planet4-switzerland-stateless\\\/2025\\\/09\\\/20250920-HeimatChur-P1015710-scaled.jpg&quot;,&quot;focalPoint&quot;:{&quot;x&quot;:0.5,&quot;y&quot;:0.5},&quot;id&quot;:125712},{&quot;url&quot;:&quot;https:\\\/\\\/www.greenpeace.ch\\\/static\\\/planet4-switzerland-stateless\\\/2025\\\/09\\\/20250920-HeimatChur-P1015669-scaled.jpg&quot;,&quot;focalPoint&quot;:{&quot;x&quot;:0.5,&quot;y&quot;:0.5},&quot;id&quot;:125714},{&quot;url&quot;:&quot;https:\\\/\\\/www.greenpeace.ch\\\/static\\\/planet4-switzerland-stateless\\\/2025\\\/09\\\/20250920-HeimatChur-P1015687-scaled.jpg&quot;,&quot;focalPoint&quot;:{&quot;x&quot;:0.5,&quot;y&quot;:0.5},&quot;id&quot;:125710},{&quot;url&quot;:&quot;https:\\\/\\\/www.greenpeace.ch\\\/static\\\/planet4-switzerland-stateless\\\/2025\\\/09\\\/20250920-HeimatChur-P1015692-scaled.jpg&quot;,&quot;focalPoint&quot;:{&quot;x&quot;:0.5,&quot;y&quot;:0.5},&quot;id&quot;:125719}],&quot;className&quot;:&quot;is-style-grid&quot;,&quot;gallery_block_style&quot;:0,&quot;gallery_block_title&quot;:&quot;&quot;,&quot;gallery_block_description&quot;:&quot;&quot;,&quot;gallery_block_focus_points&quot;:&quot;&quot;,&quot;images&quot;:[{&quot;image_src&quot;:&quot;https:\\\/\\\/www.greenpeace.ch\\\/static\\\/planet4-switzerland-stateless\\\/2025\\\/09\\\/20250920-DJI-DroneFotos-ebue_0024-scaled.jpg&quot;,&quot;image_srcset&quot;:&quot;https:\\\/\\\/www.greenpeace.ch\\\/static\\\/planet4-switzerland-stateless\\\/2025\\\/09\\\/20250920-DJI-DroneFotos-ebue_0024-scaled.jpg 2560w, https:\\\/\\\/www.greenpeace.ch\\\/static\\\/planet4-switzerland-stateless\\\/2025\\\/09\\\/20250920-DJI-DroneFotos-ebue_0024-300x225.jpg 300w, https:\\\/\\\/www.greenpeace.ch\\\/static\\\/planet4-switzerland-stateless\\\/2025\\\/09\\\/20250920-DJI-DroneFotos-ebue_0024-1024x768.jpg 1024w, https:\\\/\\\/www.greenpeace.ch\\\/static\\\/planet4-switzerland-stateless\\\/2025\\\/09\\\/20250920-DJI-DroneFotos-ebue_0024-768x576.jpg 768w, https:\\\/\\\/www.greenpeace.ch\\\/static\\\/planet4-switzerland-stateless\\\/2025\\\/09\\\/20250920-DJI-DroneFotos-ebue_0024-1536x1152.jpg 1536w, https:\\\/\\\/www.greenpeace.ch\\\/static\\\/planet4-switzerland-stateless\\\/2025\\\/09\\\/20250920-DJI-DroneFotos-ebue_0024-2048x1536.jpg 2048w, https:\\\/\\\/www.greenpeace.ch\\\/static\\\/planet4-switzerland-stateless\\\/2025\\\/09\\\/20250920-DJI-DroneFotos-ebue_0024-1821x1366.jpg 1821w, https:\\\/\\\/www.greenpeace.ch\\\/static\\\/planet4-switzerland-stateless\\\/2025\\\/09\\\/20250920-DJI-DroneFotos-ebue_0024-453x340.jpg 453w&quot;,&quot;image_sizes&quot;:false,&quot;alt_text&quot;:&quot;&quot;,&quot;caption&quot;:&quot;Das riesige Atomm\\u00fcllfass steht auf dem Arcas Platz in der malerischen Altstadt von Chur.&quot;,&quot;focus_image&quot;:&quot;&quot;,&quot;credits&quot;:&quot;\\u00a9 Emanuel B\\u00fcchler \\\/ Greenpeace&quot;},{&quot;image_src&quot;:&quot;https:\\\/\\\/www.greenpeace.ch\\\/static\\\/planet4-switzerland-stateless\\\/2025\\\/09\\\/20250920-HeimatChur-P1015675-scaled.jpg&quot;,&quot;image_srcset&quot;:&quot;https:\\\/\\\/www.greenpeace.ch\\\/static\\\/planet4-switzerland-stateless\\\/2025\\\/09\\\/20250920-HeimatChur-P1015675-scaled.jpg 2560w, https:\\\/\\\/www.greenpeace.ch\\\/static\\\/planet4-switzerland-stateless\\\/2025\\\/09\\\/20250920-HeimatChur-P1015675-300x200.jpg 300w, https:\\\/\\\/www.greenpeace.ch\\\/static\\\/planet4-switzerland-stateless\\\/2025\\\/09\\\/20250920-HeimatChur-P1015675-1024x683.jpg 1024w, https:\\\/\\\/www.greenpeace.ch\\\/static\\\/planet4-switzerland-stateless\\\/2025\\\/09\\\/20250920-HeimatChur-P1015675-768x512.jpg 768w, https:\\\/\\\/www.greenpeace.ch\\\/static\\\/planet4-switzerland-stateless\\\/2025\\\/09\\\/20250920-HeimatChur-P1015675-1536x1024.jpg 1536w, https:\\\/\\\/www.greenpeace.ch\\\/static\\\/planet4-switzerland-stateless\\\/2025\\\/09\\\/20250920-HeimatChur-P1015675-2048x1366.jpg 2048w, https:\\\/\\\/www.greenpeace.ch\\\/static\\\/planet4-switzerland-stateless\\\/2025\\\/09\\\/20250920-HeimatChur-P1015675-510x340.jpg 510w&quot;,&quot;image_sizes&quot;:false,&quot;alt_text&quot;:&quot;&quot;,&quot;caption&quot;:&quot;Im Hintergrund ist die Malerei der K\\u00fcnstlerin Beatrix Braun zu sehen, die in St. Gallen einen Teil des Fasses bemalt hat.&quot;,&quot;focus_image&quot;:&quot;&quot;,&quot;credits&quot;:&quot;\\u00a9 Emanuel B\\u00fcchler \\\/ Greenpeace&quot;},{&quot;image_src&quot;:&quot;https:\\\/\\\/www.greenpeace.ch\\\/static\\\/planet4-switzerland-stateless\\\/2025\\\/09\\\/20250920-HeimatChur-P1015710-scaled.jpg&quot;,&quot;image_srcset&quot;:&quot;https:\\\/\\\/www.greenpeace.ch\\\/static\\\/planet4-switzerland-stateless\\\/2025\\\/09\\\/20250920-HeimatChur-P1015710-scaled.jpg 1707w, https:\\\/\\\/www.greenpeace.ch\\\/static\\\/planet4-switzerland-stateless\\\/2025\\\/09\\\/20250920-HeimatChur-P1015710-200x300.jpg 200w, https:\\\/\\\/www.greenpeace.ch\\\/static\\\/planet4-switzerland-stateless\\\/2025\\\/09\\\/20250920-HeimatChur-P1015710-683x1024.jpg 683w, https:\\\/\\\/www.greenpeace.ch\\\/static\\\/planet4-switzerland-stateless\\\/2025\\\/09\\\/20250920-HeimatChur-P1015710-768x1152.jpg 768w, https:\\\/\\\/www.greenpeace.ch\\\/static\\\/planet4-switzerland-stateless\\\/2025\\\/09\\\/20250920-HeimatChur-P1015710-1024x1536.jpg 1024w, https:\\\/\\\/www.greenpeace.ch\\\/static\\\/planet4-switzerland-stateless\\\/2025\\\/09\\\/20250920-HeimatChur-P1015710-1365x2048.jpg 1365w, https:\\\/\\\/www.greenpeace.ch\\\/static\\\/planet4-switzerland-stateless\\\/2025\\\/09\\\/20250920-HeimatChur-P1015710-911x1366.jpg 911w, https:\\\/\\\/www.greenpeace.ch\\\/static\\\/planet4-switzerland-stateless\\\/2025\\\/09\\\/20250920-HeimatChur-P1015710-227x340.jpg 227w&quot;,&quot;image_sizes&quot;:false,&quot;alt_text&quot;:&quot;&quot;,&quot;caption&quot;:&quot;Heute wird die Sprayerin MOMO ein Graffiti auf das Atomm\\u00fcllfass spr\\u00fchen.&quot;,&quot;focus_image&quot;:&quot;&quot;,&quot;credits&quot;:&quot;\\u00a9 Emanuel B\\u00fcchler \\\/ Greenpeace&quot;},{&quot;image_src&quot;:&quot;https:\\\/\\\/www.greenpeace.ch\\\/static\\\/planet4-switzerland-stateless\\\/2025\\\/09\\\/20250920-HeimatChur-P1015669-scaled.jpg&quot;,&quot;image_srcset&quot;:&quot;https:\\\/\\\/www.greenpeace.ch\\\/static\\\/planet4-switzerland-stateless\\\/2025\\\/09\\\/20250920-HeimatChur-P1015669-scaled.jpg 1707w, https:\\\/\\\/www.greenpeace.ch\\\/static\\\/planet4-switzerland-stateless\\\/2025\\\/09\\\/20250920-HeimatChur-P1015669-200x300.jpg 200w, https:\\\/\\\/www.greenpeace.ch\\\/static\\\/planet4-switzerland-stateless\\\/2025\\\/09\\\/20250920-HeimatChur-P1015669-683x1024.jpg 683w, https:\\\/\\\/www.greenpeace.ch\\\/static\\\/planet4-switzerland-stateless\\\/2025\\\/09\\\/20250920-HeimatChur-P1015669-768x1152.jpg 768w, https:\\\/\\\/www.greenpeace.ch\\\/static\\\/planet4-switzerland-stateless\\\/2025\\\/09\\\/20250920-HeimatChur-P1015669-1024x1536.jpg 1024w, https:\\\/\\\/www.greenpeace.ch\\\/static\\\/planet4-switzerland-stateless\\\/2025\\\/09\\\/20250920-HeimatChur-P1015669-1365x2048.jpg 1365w, https:\\\/\\\/www.greenpeace.ch\\\/static\\\/planet4-switzerland-stateless\\\/2025\\\/09\\\/20250920-HeimatChur-P1015669-911x1366.jpg 911w, https:\\\/\\\/www.greenpeace.ch\\\/static\\\/planet4-switzerland-stateless\\\/2025\\\/09\\\/20250920-HeimatChur-P1015669-227x340.jpg 227w&quot;,&quot;image_sizes&quot;:false,&quot;alt_text&quot;:&quot;&quot;,&quot;caption&quot;:&quot;Freiwillige laden Passanten zum Gespr\\u00e4ch ein.&quot;,&quot;focus_image&quot;:&quot;&quot;,&quot;credits&quot;:&quot;\\u00a9 Emanuel B\\u00fcchler \\\/ Greenpeace&quot;},{&quot;image_src&quot;:&quot;https:\\\/\\\/www.greenpeace.ch\\\/static\\\/planet4-switzerland-stateless\\\/2025\\\/09\\\/20250920-HeimatChur-P1015687-scaled.jpg&quot;,&quot;image_srcset&quot;:&quot;https:\\\/\\\/www.greenpeace.ch\\\/static\\\/planet4-switzerland-stateless\\\/2025\\\/09\\\/20250920-HeimatChur-P1015687-scaled.jpg 1707w, https:\\\/\\\/www.greenpeace.ch\\\/static\\\/planet4-switzerland-stateless\\\/2025\\\/09\\\/20250920-HeimatChur-P1015687-200x300.jpg 200w, https:\\\/\\\/www.greenpeace.ch\\\/static\\\/planet4-switzerland-stateless\\\/2025\\\/09\\\/20250920-HeimatChur-P1015687-683x1024.jpg 683w, https:\\\/\\\/www.greenpeace.ch\\\/static\\\/planet4-switzerland-stateless\\\/2025\\\/09\\\/20250920-HeimatChur-P1015687-768x1152.jpg 768w, https:\\\/\\\/www.greenpeace.ch\\\/static\\\/planet4-switzerland-stateless\\\/2025\\\/09\\\/20250920-HeimatChur-P1015687-1024x1536.jpg 1024w, https:\\\/\\\/www.greenpeace.ch\\\/static\\\/planet4-switzerland-stateless\\\/2025\\\/09\\\/20250920-HeimatChur-P1015687-1365x2048.jpg 1365w, https:\\\/\\\/www.greenpeace.ch\\\/static\\\/planet4-switzerland-stateless\\\/2025\\\/09\\\/20250920-HeimatChur-P1015687-911x1366.jpg 911w, https:\\\/\\\/www.greenpeace.ch\\\/static\\\/planet4-switzerland-stateless\\\/2025\\\/09\\\/20250920-HeimatChur-P1015687-227x340.jpg 227w&quot;,&quot;image_sizes&quot;:false,&quot;alt_text&quot;:&quot;&quot;,&quot;caption&quot;:&quot;Kinder k\\u00f6nnen sich im B\\u00fcchsenwerfen \\u00fcben...&quot;,&quot;focus_image&quot;:&quot;&quot;,&quot;credits&quot;:&quot;\\u00a9 Emanuel B\\u00fcchler \\\/ Greenpeace&quot;},{&quot;image_src&quot;:&quot;https:\\\/\\\/www.greenpeace.ch\\\/static\\\/planet4-switzerland-stateless\\\/2025\\\/09\\\/20250920-HeimatChur-P1015692-scaled.jpg&quot;,&quot;image_srcset&quot;:&quot;https:\\\/\\\/www.greenpeace.ch\\\/static\\\/planet4-switzerland-stateless\\\/2025\\\/09\\\/20250920-HeimatChur-P1015692-scaled.jpg 1707w, https:\\\/\\\/www.greenpeace.ch\\\/static\\\/planet4-switzerland-stateless\\\/2025\\\/09\\\/20250920-HeimatChur-P1015692-200x300.jpg 200w, https:\\\/\\\/www.greenpeace.ch\\\/static\\\/planet4-switzerland-stateless\\\/2025\\\/09\\\/20250920-HeimatChur-P1015692-683x1024.jpg 683w, https:\\\/\\\/www.greenpeace.ch\\\/static\\\/planet4-switzerland-stateless\\\/2025\\\/09\\\/20250920-HeimatChur-P1015692-768x1152.jpg 768w, https:\\\/\\\/www.greenpeace.ch\\\/static\\\/planet4-switzerland-stateless\\\/2025\\\/09\\\/20250920-HeimatChur-P1015692-1024x1536.jpg 1024w, https:\\\/\\\/www.greenpeace.ch\\\/static\\\/planet4-switzerland-stateless\\\/2025\\\/09\\\/20250920-HeimatChur-P1015692-1365x2048.jpg 1365w, https:\\\/\\\/www.greenpeace.ch\\\/static\\\/planet4-switzerland-stateless\\\/2025\\\/09\\\/20250920-HeimatChur-P1015692-911x1366.jpg 911w, https:\\\/\\\/www.greenpeace.ch\\\/static\\\/planet4-switzerland-stateless\\\/2025\\\/09\\\/20250920-HeimatChur-P1015692-227x340.jpg 227w&quot;,&quot;image_sizes&quot;:false,&quot;alt_text&quot;:&quot;&quot;,&quot;caption&quot;:&quot;...und eine Anti-AKW-Fahne gewinnen.&quot;,&quot;focus_image&quot;:&quot;&quot;,&quot;credits&quot;:&quot;\\u00a9 Emanuel B\\u00fcchler \\\/ Greenpeace&quot;}]}}\"><section class=\"block gallery-grid is-style-grid\"><\/section><\/div>\n<p>Als N\u00e4chstes wird das Fass in<strong> <a href=\"https:\/\/www.greenpeace.ch\/de\/event\/die-roadshow-mit-dem-atommuellfass-macht-halt-in-langenthal\/\">Langenthal<\/a> und <a href=\"https:\/\/www.greenpeace.ch\/de\/event\/die-roadshow-mit-dem-atommuellfass-macht-halt-in-aarau\/\">Aarau<\/a><\/strong> zu sehen sein. Alle sind herzlich eingeladen, vorbeizukommen und sich mit der Energiezukunft der Schweiz auseinanderzusetzen.<br><\/p>\n<div aria-hidden=\"true\" class=\"gpch-block-spacer\"><\/div>\t\t\t<section\n\t\t\tclass=\"boxout post-124727 \"\n\t\t\t\n\t\t>\n\t\t\t<a\n\t\t\t\tdata-ga-category=\"Take Action Boxout\"\n\t\t\t\tdata-ga-action=\"Image\"\n\t\t\t\tdata-ga-label=\"n\/a\"\n\t\t\t\tclass=\"cover-card-overlay\"\n\t\t\t\thref=\"https:\/\/www.greenpeace.ch\/de\/atomkraft-nie-wieder\/\" \n\t\t\t><\/a>\n\t\t\t\t\t\t\t<img\n\t\t\t\t\t\tsrc=\"https:\/\/www.greenpeace.ch\/static\/planet4-switzerland-stateless\/2025\/09\/15e48a30-anti-atom_illu_neg_umsetzung_b-1024x686.jpg\"\n\t\t\t\t\t\tsrcset=\"https:\/\/www.greenpeace.ch\/static\/planet4-switzerland-stateless\/2025\/09\/15e48a30-anti-atom_illu_neg_umsetzung_b-300x201.jpg 300w, https:\/\/www.greenpeace.ch\/static\/planet4-switzerland-stateless\/2025\/09\/15e48a30-anti-atom_illu_neg_umsetzung_b-1024x686.jpg 1024w, https:\/\/www.greenpeace.ch\/static\/planet4-switzerland-stateless\/2025\/09\/15e48a30-anti-atom_illu_neg_umsetzung_b-768x514.jpg 768w, https:\/\/www.greenpeace.ch\/static\/planet4-switzerland-stateless\/2025\/09\/15e48a30-anti-atom_illu_neg_umsetzung_b-1536x1028.jpg 1536w, https:\/\/www.greenpeace.ch\/static\/planet4-switzerland-stateless\/2025\/09\/15e48a30-anti-atom_illu_neg_umsetzung_b-2048x1371.jpg 2048w, https:\/\/www.greenpeace.ch\/static\/planet4-switzerland-stateless\/2025\/09\/15e48a30-anti-atom_illu_neg_umsetzung_b-2040x1366.jpg 2040w, https:\/\/www.greenpeace.ch\/static\/planet4-switzerland-stateless\/2025\/09\/15e48a30-anti-atom_illu_neg_umsetzung_b-508x340.jpg 508w\"\n\t\t\t\t\t\tsizes=\"(min-width: 1000px) 358px, (min-width: 780px) 313px, 88px\"\n\t\t\t\t\t\talt=\"\" title=\"\"\n\t\t\t\t\/>\n            \t\t\t<div class=\"boxout-content\">\n\t\t\t\t\t\t\t\t\t<a\n\t\t\t\t\t\tclass=\"boxout-heading medium\"\n\t\t\t\t\t\tdata-ga-category=\"Take Action Boxout\"\n\t\t\t\t\t\tdata-ga-action=\"Title\"\n\t\t\t\t\t\tdata-ga-label=\"n\/a\"\n\t\t\t\t\t\thref=\"https:\/\/www.greenpeace.ch\/de\/atomkraft-nie-wieder\/\"\n\t\t\t\t\t\t\n\t\t\t\t\t>\n\t\t\t\t\t\tAtomkraft? Nie wieder!\n\t\t\t\t\t<\/a>\n\t\t\t\t\t\t\t\t\t\t\t\t\t<p class=\"boxout-excerpt\">Unterzeichne die Petition an das Parlament: Stoppt den Wiedereinstieg<\/p>\n\t\t\t\t                                    <a\n                        class=\"btn btn-primary\"\n                        data-ga-category=\"Take Action Boxout\"\n                        data-ga-action=\"Call to Action\"\n                        data-ga-label=\"n\/a\"\n                        href=\"https:\/\/www.greenpeace.ch\/de\/atomkraft-nie-wieder\/\"\n                        \n                    >\n                        Mitmachen\n                    <\/a>\n                \t\t\t<\/div>\n\t\t\t\t\t<\/section>\n\t","protected":false},"excerpt":{"rendered":"<p>Auch in Chur hat unsere Roadshow \u00abRaum f\u00fcr Heimat\u00bb mit dem \u00fcberdimensionalen Atomm\u00fcllfass f\u00fcr Aufsehen gesorgt. Sieh dir die Bilder an und erfahre mehr \u00fcber die Tour.<\/p>\n","protected":false},"author":48,"featured_media":125707,"comment_status":"closed","ping_status":"open","sticky":false,"template":"","format":"standard","meta":{"_acf_changed":false,"_planet4_optimize_post_is_variant":false,"_planet4_optimize_experiment_name":"","_planet4_optimize_variant_name":"","ep_exclude_from_search":false,"p4_og_title":"","p4_og_description":"","p4_og_image":"https:\/\/www.greenpeace.ch\/static\/planet4-switzerland-stateless\/2025\/09\/20250920-DJI-DroneFotos-ebue_0024-scaled.jpg","p4_og_image_id":"125707","p4_seo_canonical_url":"","p4_campaign_name":"","p4_local_project":"","p4_basket_name":"","p4_department":"","footnotes":""},"categories":[1],"tags":[42,50],"p4-page-type":[75],"gpch-article-type":[],"class_list":["post-125702","post","type-post","status-publish","format-standard","has-post-thumbnail","hentry","category-unkategorisiert","tag-energie","tag-klima","p4-page-type-story"],"acf":[],"_links":{"self":[{"href":"https:\/\/www.greenpeace.ch\/de\/wp-json\/wp\/v2\/posts\/125702","targetHints":{"allow":["GET"]}}],"collection":[{"href":"https:\/\/www.greenpeace.ch\/de\/wp-json\/wp\/v2\/posts"}],"about":[{"href":"https:\/\/www.greenpeace.ch\/de\/wp-json\/wp\/v2\/types\/post"}],"author":[{"embeddable":true,"href":"https:\/\/www.greenpeace.ch\/de\/wp-json\/wp\/v2\/users\/48"}],"replies":[{"embeddable":true,"href":"https:\/\/www.greenpeace.ch\/de\/wp-json\/wp\/v2\/comments?post=125702"}],"version-history":[{"count":6,"href":"https:\/\/www.greenpeace.ch\/de\/wp-json\/wp\/v2\/posts\/125702\/revisions"}],"predecessor-version":[{"id":125732,"href":"https:\/\/www.greenpeace.ch\/de\/wp-json\/wp\/v2\/posts\/125702\/revisions\/125732"}],"wp:featuredmedia":[{"embeddable":true,"href":"https:\/\/www.greenpeace.ch\/de\/wp-json\/wp\/v2\/media\/125707"}],"wp:attachment":[{"href":"https:\/\/www.greenpeace.ch\/de\/wp-json\/wp\/v2\/media?parent=125702"}],"wp:term":[{"taxonomy":"category","embeddable":true,"href":"https:\/\/www.greenpeace.ch\/de\/wp-json\/wp\/v2\/categories?post=125702"},{"taxonomy":"post_tag","embeddable":true,"href":"https:\/\/www.greenpeace.ch\/de\/wp-json\/wp\/v2\/tags?post=125702"},{"taxonomy":"p4-page-type","embeddable":true,"href":"https:\/\/www.greenpeace.ch\/de\/wp-json\/wp\/v2\/p4-page-type?post=125702"},{"taxonomy":"gpch-article-type","embeddable":true,"href":"https:\/\/www.greenpeace.ch\/de\/wp-json\/wp\/v2\/gpch-article-type?post=125702"}],"curies":[{"name":"wp","href":"https:\/\/api.w.org\/{rel}","templated":true}]}}