{"id":12588,"date":"2013-04-24T00:00:00","date_gmt":"2013-04-23T22:00:00","guid":{"rendered":"https:\/\/master.greenpeace.ch\/beitrag\/12588\/die-flotte-gegen-ueberfischung-waechst\/"},"modified":"2019-05-30T11:39:29","modified_gmt":"2019-05-30T09:39:29","slug":"die-flotte-gegen-ueberfischung-waechst","status":"publish","type":"post","link":"https:\/\/www.greenpeace.ch\/de\/story\/12588\/die-flotte-gegen-ueberfischung-waechst\/","title":{"rendered":"Die Flotte gegen \u00dcberfischung w\u00e4chst"},"content":{"rendered":"<p><b><\/b><\/p>\n<div class=\"post-content\">\n<div>\n<div class=\"events-box middle-box left\">\n<div class=\"frame\">\n        <a class=\"open-img EnlargeImage\" href=\"https:\/\/www.greenpeace.ch\/static\/planet4-switzerland-stateless\/2019\/05\/556ff7bb-556ff7bb-gp04i9n.jpg\" title=\"Gefaltete Papierschiffe im Netz als Symbol f\u00fcr ein Umdenken weg von industrieller \u00dcberfischung hin zu einer nachhaltigen Fischerei!\"><br \/>\n            <img decoding=\"async\" id=\"ctl00_cphContentArea_epiEntryContent_ctl00_ctl02_Image1\" title=\"Gefaltete Papierschiffe im Netz als Symbol f\u00fcr ein Umdenken weg von industrieller \u00dcberfischung hin zu einer nachhaltigen Fischerei!\" class=\"Thumbnail\" src=\"https:\/\/www.greenpeace.ch\/static\/planet4-switzerland-stateless\/2019\/05\/556ff7bb-556ff7bb-gp04i9n.jpg\" alt=\"Gefaltete Papierschiffe im Netz als Symbol f\u00fcr ein Umdenken weg von industrieller \u00dcberfischung hin zu einer nachhaltigen Fischerei!\" style=\"border-width:0px;\"><\/p>\n<p>        <\/a>\n    <\/div>\n<div class=\"events-content\">\n        <span class=\"date\"><\/span><br \/>\n        <strong>Gefaltete Papierschiffe im Netz als Symbol f\u00fcr ein Umdenken weg von industrieller \u00dcberfischung hin zu einer nachhaltigen Fischerei!<\/strong><\/p>\n<p>\n            \u00a9 Philip Reynaers \/ Greenpeace\n        <\/p>\n<\/p>\n<\/div>\n<\/div>\n<p>Das letzte selbst gefaltete Papierschiff an das ich mich erinnern kann, habe ich vor Jahren an der Istrischen K\u00fcste zu Wasser gelassen. Vollgepackt mit Kindertr\u00e4umen. Ein paar (Anmerkung: der Redaktion: einige!) Jahre sp\u00e4ter, stehe ich nun rund 90 Kilometer n\u00f6rdlicher hier in Koper und schicke erneut ein <a href=\"https:\/\/myboat.gp\/index.php\/ch\" target=\"_self\" rel=\"noopener noreferrer\">Papierschiff auf die Reise.<\/a> Diesmal weiss ich wo es landen wird und die Botschaft, die darauf zu lesen ist, ist eindeutig: \u00abSave our Oceans, before it\u2019s too late\u00bb. (Rettet unserer Ozeane, bevor es zu sp\u00e4t ist).<\/p>\n<p><a href=\"https:\/\/myboat.gp\/index.php\/ch\" target=\"_self\" rel=\"noopener noreferrer\">Mein Schiff<\/a> segelt diesmal nicht alleine, es ist Teil einer Flotte die mittlerweile fast 30&#8217;000 Schiffe umfasst. Gemeinsam mit der \u00ab<a href=\"http:\/\/www.greenpeace.org\/switzerland\/de\/Uber-uns\/unsere-flotte\/arctic-sunrise\/\" target=\"_self\" rel=\"noopener noreferrer\">Arctic Sunrise<\/a>\u00bb ist die Flotte entlang der europ\u00e4ischen K\u00fcste unterwegs um f\u00fcr R\u00fcckenwind zu sorgen &#8211; f\u00fcr eine nachhaltige Fischerei und f\u00fcr ein Umdenken in der Fischereipolitik.<\/p>\n<p>Am 19. M\u00e4rz 2013 startete das Greenpeace-Schiff Arctic Sunrise in Rum\u00e4nien seine <a href=\"http:\/\/www.greenpeace.org\/switzerland\/de\/Kampagnen\/Meer\/was-wir-tun\/meere-einsatzorte\/Europa\/\" target=\"_self\" rel=\"noopener noreferrer\">Tour entlang der europ\u00e4ischen K\u00fcste<\/a>. Bis Juni 2013 wird das Greenpeace-Team von Hafen zu Hafen fahren, um kleingewerbliche Fischer zu unterst\u00fctzen, deren Lebensgrundlage aufgrund der umweltfeindlichen <a href=\"http:\/\/www.greenpeace.org\/switzerland\/de\/Kampagnen\/Meer\/was-wir-tun\/Fischereipolitik-in-Europa\/\" target=\"_blank\" rel=\"noopener noreferrer\">EU-Fischereipolitik<\/a> gef\u00e4hrdet ist und um Stimmung f\u00fcr die wichtige Kehrtwende in der Gemeinsamen Europ\u00e4ischen Fischereipolitik (GFP) zu machen. \u00dcber deren Reform wird noch bis Juni 2013 zwischen EU-Kommission, EU-Parlament und den Fischereiministern der Mitgliedsstaaten verhandelt.<\/p>\n<p>Das Greenpeace-Schiff hat bereits in <a href=\"http:\/\/www.greenpeace.org\/switzerland\/de\/News_Stories\/Newsblog\/auf-tour-fuer-nachhaltige-fischerei-in-europa\/blog\/44541\/\" target=\"_self\" rel=\"noopener noreferrer\">Rum\u00e4nien<\/a>, Bulgarien, <a href=\"http:\/\/www.greenpeace.org\/switzerland\/de\/News_Stories\/Newsblog\/haben-sies-schon-gehoert\/blog\/44735\/\" target=\"_self\" rel=\"noopener noreferrer\">Griechenland<\/a>, Kroatien und Slowenien Station gemacht. Tausende von Menschen jeglichen Alters haben das Greenpeace-Schiff besucht und sich informiert, sich eine Meinung gebildet und diese auch kundgetan. Darunter auch EU-Fischerei-Kommissarin Maria Damanaki, deren Papierschiff auch Teil der Flotte ist.<\/p>\n<p>Ich habe Sch\u00fcler, Grosseltern, Umweltsch\u00fctzer, Fischer und Politiker beim Schiffe basteln beobachtet &#8211; konzentriert und bedacht. So unterschiedlich ihre Vorstellungen auch sein m\u00f6gen, ob sie gerne Fisch essen oder nicht, am Ende z\u00e4hlt eine Gemeinsamkeit, die uns wohl alle verbindet: der Wunsch auch in Zukunft noch Meere zu haben, in denen pr\u00e4chtiges faszinierendes Leben herrscht. Daf\u00fcr steht jedes einzelne Schiff, das Teil der symbolischen Flotte ist, die Greenpeace in Br\u00fcssel an die Fischereiminister \u00fcbergeben wird. Dort wird sich dann im Juni entscheiden, wie es mit der europ\u00e4ischen Fischerei zuk\u00fcnftig weitergehen wird\u2026<\/p>\n<p><strong>Auch online w\u00e4chst die Flotte, werde Teil davon und hilf uns der Politik den Weg zu weisen:<\/strong><\/p>\n<p><a href=\"https:\/\/myboat.gp\/index.php\/ch\" target=\"_self\" rel=\"noopener noreferrer\"><img decoding=\"async\" style=\"display: block; margin-left: auto; margin-right: auto;\" title=\"Unterst\u00fctzen Sie die nachhaltige Fischerei\" src=\"\/austria\/community_images\/79\/245179\/76035_125573.jpg\" alt=\"Unterst\u00fctzen Sie die nachhaltige Fischerei\"><\/a><\/p>\n<\/div>\n<\/div>\n","protected":false},"excerpt":{"rendered":"<p>Gefaltete Papierschiffe im Netz als Symbol f\u00fcr ein Umdenken weg von industrieller \u00dcberfischung hin zu einer nachhaltigen Fischerei! \u00a9 Philip Reynaers \/ Greenpeace Das letzte selbst gefaltete Papierschiff an das&hellip;<\/p>\n","protected":false},"author":23,"featured_media":12590,"comment_status":"closed","ping_status":"open","sticky":false,"template":"","format":"standard","meta":{"_acf_changed":false,"_planet4_optimize_post_is_variant":false,"_planet4_optimize_experiment_name":"","_planet4_optimize_variant_name":"","ep_exclude_from_search":false,"p4_og_title":"","p4_og_description":"","p4_og_image":"","p4_og_image_id":"","p4_seo_canonical_url":"","p4_campaign_name":"","p4_local_project":"","p4_basket_name":"","p4_department":"","footnotes":""},"categories":[1],"tags":[41],"p4-page-type":[75],"gpch-article-type":[],"class_list":["post-12588","post","type-post","status-publish","format-standard","has-post-thumbnail","hentry","category-unkategorisiert","tag-meer","p4-page-type-story"],"acf":[],"_links":{"self":[{"href":"https:\/\/www.greenpeace.ch\/de\/wp-json\/wp\/v2\/posts\/12588","targetHints":{"allow":["GET"]}}],"collection":[{"href":"https:\/\/www.greenpeace.ch\/de\/wp-json\/wp\/v2\/posts"}],"about":[{"href":"https:\/\/www.greenpeace.ch\/de\/wp-json\/wp\/v2\/types\/post"}],"author":[{"embeddable":true,"href":"https:\/\/www.greenpeace.ch\/de\/wp-json\/wp\/v2\/users\/23"}],"replies":[{"embeddable":true,"href":"https:\/\/www.greenpeace.ch\/de\/wp-json\/wp\/v2\/comments?post=12588"}],"version-history":[{"count":0,"href":"https:\/\/www.greenpeace.ch\/de\/wp-json\/wp\/v2\/posts\/12588\/revisions"}],"wp:featuredmedia":[{"embeddable":true,"href":"https:\/\/www.greenpeace.ch\/de\/wp-json\/wp\/v2\/media\/12590"}],"wp:attachment":[{"href":"https:\/\/www.greenpeace.ch\/de\/wp-json\/wp\/v2\/media?parent=12588"}],"wp:term":[{"taxonomy":"category","embeddable":true,"href":"https:\/\/www.greenpeace.ch\/de\/wp-json\/wp\/v2\/categories?post=12588"},{"taxonomy":"post_tag","embeddable":true,"href":"https:\/\/www.greenpeace.ch\/de\/wp-json\/wp\/v2\/tags?post=12588"},{"taxonomy":"p4-page-type","embeddable":true,"href":"https:\/\/www.greenpeace.ch\/de\/wp-json\/wp\/v2\/p4-page-type?post=12588"},{"taxonomy":"gpch-article-type","embeddable":true,"href":"https:\/\/www.greenpeace.ch\/de\/wp-json\/wp\/v2\/gpch-article-type?post=12588"}],"curies":[{"name":"wp","href":"https:\/\/api.w.org\/{rel}","templated":true}]}}