{"id":126164,"date":"2025-10-06T14:02:12","date_gmt":"2025-10-06T12:02:12","guid":{"rendered":"https:\/\/www.greenpeace.ch\/?p=126164"},"modified":"2025-10-12T11:31:37","modified_gmt":"2025-10-12T09:31:37","slug":"das-riesige-atommuellfass-machte-halt-in-langenthal","status":"publish","type":"post","link":"https:\/\/www.greenpeace.ch\/de\/story\/126164\/das-riesige-atommuellfass-machte-halt-in-langenthal\/","title":{"rendered":"Das riesige Atomm\u00fcllfass  machte Halt in Langenthal"},"content":{"rendered":"\n<p>Unsere Roadshow <a href=\"https:\/\/www.greenpeace.ch\/de\/handeln\/raum-fuer-heimat\/\">\u00abRaum f\u00fcr Heimat\u00bb<\/a> machte Halt in Langenthal \u2013 und auch hier zog das \u00fcberdimensionale Atomm\u00fcllfass viele neugierige Blicke auf sich, l\u00f6ste inspirierende Gespr\u00e4che aus und brachte Menschen miteinander n\u00e4her zueinander.<\/p>\n\n<p>Ein herzliches Dankesch\u00f6n an<strong> Illustrator <a href=\"https:\/\/drue-egg.com\/\">Dominik R\u00fcegg<\/a><\/strong>, der das Fass weiter in ein starkes Symbol der Energiewende ohne Atomstrom verwandelt hat.<\/p>\n\n<p>Ein grosser Dank geht auch an unsere G\u00e4ste: <strong><a href=\"https:\/\/www.instagram.com\/magdalenaerni_\">Magdalena Erni<\/a>, Co-Pr\u00e4sidentin der Jungen Gr\u00fcnen Schweiz und an den Spoken-Word-K\u00fcnstler <a href=\"https:\/\/www.valeriomoser.ch\/\">Valerio Moser<\/a><\/strong> \u2013 die beide mit ihren Reden Leidenschaft f\u00fcr eine saubere und einheimische Energiezukunft zeigten.<\/p>\n<div data-hydrate=\"planet4-blocks\/gallery\" data-attributes=\"{&quot;attributes&quot;:{&quot;multiple_image&quot;:&quot;126173,126184,126169,126187,126172,126181&quot;,&quot;image_data&quot;:[{&quot;url&quot;:&quot;https:\\\/\\\/www.greenpeace.ch\\\/static\\\/planet4-switzerland-stateless\\\/2025\\\/10\\\/dcb97c83-gp0su6zh5_medium-res-with-credit-line-1200px.jpg&quot;,&quot;focalPoint&quot;:{&quot;x&quot;:0.5,&quot;y&quot;:0.5},&quot;id&quot;:126173},{&quot;url&quot;:&quot;https:\\\/\\\/www.greenpeace.ch\\\/static\\\/planet4-switzerland-stateless\\\/2025\\\/10\\\/69b43bc9-gp0su6z4x_medium-res-with-credit-line-1200px.jpg&quot;,&quot;focalPoint&quot;:{&quot;x&quot;:0.5,&quot;y&quot;:0.5},&quot;id&quot;:126184},{&quot;url&quot;:&quot;https:\\\/\\\/www.greenpeace.ch\\\/static\\\/planet4-switzerland-stateless\\\/2025\\\/10\\\/dcb97c83-gp0su6z4w_medium-res-with-credit-line-1200px.jpg&quot;,&quot;focalPoint&quot;:{&quot;x&quot;:0.5,&quot;y&quot;:0.5},&quot;id&quot;:126169},{&quot;url&quot;:&quot;https:\\\/\\\/www.greenpeace.ch\\\/static\\\/planet4-switzerland-stateless\\\/2025\\\/10\\\/5f0126b3-gp0su6zh0_medium-res-with-credit-line-1200px.jpg&quot;,&quot;focalPoint&quot;:{&quot;x&quot;:0.5,&quot;y&quot;:0.5},&quot;id&quot;:126187},{&quot;url&quot;:&quot;https:\\\/\\\/www.greenpeace.ch\\\/static\\\/planet4-switzerland-stateless\\\/2025\\\/10\\\/dcb97c83-gp0su6zh2_medium-res-with-credit-line-1200px.jpg&quot;,&quot;focalPoint&quot;:{&quot;x&quot;:0.5,&quot;y&quot;:0.5},&quot;id&quot;:126172},{&quot;url&quot;:&quot;https:\\\/\\\/www.greenpeace.ch\\\/static\\\/planet4-switzerland-stateless\\\/2025\\\/10\\\/8a2d959d-gp0su6zh6_medium-res-with-credit-line-1200px.jpg&quot;,&quot;focalPoint&quot;:{&quot;x&quot;:0.5,&quot;y&quot;:0.5},&quot;id&quot;:126181}],&quot;className&quot;:&quot;is-style-grid&quot;,&quot;gallery_block_style&quot;:0,&quot;gallery_block_title&quot;:&quot;&quot;,&quot;gallery_block_description&quot;:&quot;&quot;,&quot;gallery_block_focus_points&quot;:&quot;&quot;,&quot;images&quot;:[{&quot;image_src&quot;:&quot;https:\\\/\\\/www.greenpeace.ch\\\/static\\\/planet4-switzerland-stateless\\\/2025\\\/10\\\/dcb97c83-gp0su6zh5_medium-res-with-credit-line-1200px.jpg&quot;,&quot;image_srcset&quot;:&quot;https:\\\/\\\/www.greenpeace.ch\\\/static\\\/planet4-switzerland-stateless\\\/2025\\\/10\\\/dcb97c83-gp0su6zh5_medium-res-with-credit-line-1200px.jpg 900w, https:\\\/\\\/www.greenpeace.ch\\\/static\\\/planet4-switzerland-stateless\\\/2025\\\/10\\\/dcb97c83-gp0su6zh5_medium-res-with-credit-line-1200px-225x300.jpg 225w, https:\\\/\\\/www.greenpeace.ch\\\/static\\\/planet4-switzerland-stateless\\\/2025\\\/10\\\/dcb97c83-gp0su6zh5_medium-res-with-credit-line-1200px-768x1024.jpg 768w, https:\\\/\\\/www.greenpeace.ch\\\/static\\\/planet4-switzerland-stateless\\\/2025\\\/10\\\/dcb97c83-gp0su6zh5_medium-res-with-credit-line-1200px-255x340.jpg 255w&quot;,&quot;image_sizes&quot;:false,&quot;alt_text&quot;:&quot;&quot;,&quot;caption&quot;:&quot;Das riesige Atomm\\u00fcllfass hat auch in Langenthal Blicke auf sich gezogen.&quot;,&quot;focus_image&quot;:&quot;&quot;,&quot;credits&quot;:&quot;\\u00a9 Marc Meier \\\/ Greenpeace&quot;},{&quot;image_src&quot;:&quot;https:\\\/\\\/www.greenpeace.ch\\\/static\\\/planet4-switzerland-stateless\\\/2025\\\/10\\\/69b43bc9-gp0su6z4x_medium-res-with-credit-line-1200px.jpg&quot;,&quot;image_srcset&quot;:&quot;https:\\\/\\\/www.greenpeace.ch\\\/static\\\/planet4-switzerland-stateless\\\/2025\\\/10\\\/69b43bc9-gp0su6z4x_medium-res-with-credit-line-1200px.jpg 1200w, https:\\\/\\\/www.greenpeace.ch\\\/static\\\/planet4-switzerland-stateless\\\/2025\\\/10\\\/69b43bc9-gp0su6z4x_medium-res-with-credit-line-1200px-300x200.jpg 300w, https:\\\/\\\/www.greenpeace.ch\\\/static\\\/planet4-switzerland-stateless\\\/2025\\\/10\\\/69b43bc9-gp0su6z4x_medium-res-with-credit-line-1200px-1024x683.jpg 1024w, https:\\\/\\\/www.greenpeace.ch\\\/static\\\/planet4-switzerland-stateless\\\/2025\\\/10\\\/69b43bc9-gp0su6z4x_medium-res-with-credit-line-1200px-768x512.jpg 768w, https:\\\/\\\/www.greenpeace.ch\\\/static\\\/planet4-switzerland-stateless\\\/2025\\\/10\\\/69b43bc9-gp0su6z4x_medium-res-with-credit-line-1200px-510x340.jpg 510w&quot;,&quot;image_sizes&quot;:false,&quot;alt_text&quot;:&quot;&quot;,&quot;caption&quot;:&quot;Freiwillige von Greenpeace Schweiz suchten das Gespr\\u00e4ch mit Passanten...&quot;,&quot;focus_image&quot;:&quot;&quot;,&quot;credits&quot;:&quot;&quot;},{&quot;image_src&quot;:&quot;https:\\\/\\\/www.greenpeace.ch\\\/static\\\/planet4-switzerland-stateless\\\/2025\\\/10\\\/dcb97c83-gp0su6z4w_medium-res-with-credit-line-1200px.jpg&quot;,&quot;image_srcset&quot;:&quot;https:\\\/\\\/www.greenpeace.ch\\\/static\\\/planet4-switzerland-stateless\\\/2025\\\/10\\\/dcb97c83-gp0su6z4w_medium-res-with-credit-line-1200px.jpg 800w, https:\\\/\\\/www.greenpeace.ch\\\/static\\\/planet4-switzerland-stateless\\\/2025\\\/10\\\/dcb97c83-gp0su6z4w_medium-res-with-credit-line-1200px-200x300.jpg 200w, https:\\\/\\\/www.greenpeace.ch\\\/static\\\/planet4-switzerland-stateless\\\/2025\\\/10\\\/dcb97c83-gp0su6z4w_medium-res-with-credit-line-1200px-683x1024.jpg 683w, https:\\\/\\\/www.greenpeace.ch\\\/static\\\/planet4-switzerland-stateless\\\/2025\\\/10\\\/dcb97c83-gp0su6z4w_medium-res-with-credit-line-1200px-768x1152.jpg 768w, https:\\\/\\\/www.greenpeace.ch\\\/static\\\/planet4-switzerland-stateless\\\/2025\\\/10\\\/dcb97c83-gp0su6z4w_medium-res-with-credit-line-1200px-227x340.jpg 227w&quot;,&quot;image_sizes&quot;:false,&quot;alt_text&quot;:&quot;&quot;,&quot;caption&quot;:&quot;...und sammelten Unterschriften f\\u00fcr die Petition gegen neue AKW.&quot;,&quot;focus_image&quot;:&quot;&quot;,&quot;credits&quot;:&quot;\\u00a9 Marc Meier \\\/ Greenpeace&quot;},{&quot;image_src&quot;:&quot;https:\\\/\\\/www.greenpeace.ch\\\/static\\\/planet4-switzerland-stateless\\\/2025\\\/10\\\/5f0126b3-gp0su6zh0_medium-res-with-credit-line-1200px.jpg&quot;,&quot;image_srcset&quot;:&quot;https:\\\/\\\/www.greenpeace.ch\\\/static\\\/planet4-switzerland-stateless\\\/2025\\\/10\\\/5f0126b3-gp0su6zh0_medium-res-with-credit-line-1200px.jpg 800w, https:\\\/\\\/www.greenpeace.ch\\\/static\\\/planet4-switzerland-stateless\\\/2025\\\/10\\\/5f0126b3-gp0su6zh0_medium-res-with-credit-line-1200px-200x300.jpg 200w, https:\\\/\\\/www.greenpeace.ch\\\/static\\\/planet4-switzerland-stateless\\\/2025\\\/10\\\/5f0126b3-gp0su6zh0_medium-res-with-credit-line-1200px-683x1024.jpg 683w, https:\\\/\\\/www.greenpeace.ch\\\/static\\\/planet4-switzerland-stateless\\\/2025\\\/10\\\/5f0126b3-gp0su6zh0_medium-res-with-credit-line-1200px-768x1152.jpg 768w, https:\\\/\\\/www.greenpeace.ch\\\/static\\\/planet4-switzerland-stateless\\\/2025\\\/10\\\/5f0126b3-gp0su6zh0_medium-res-with-credit-line-1200px-227x340.jpg 227w&quot;,&quot;image_sizes&quot;:false,&quot;alt_text&quot;:&quot;&quot;,&quot;caption&quot;:&quot;Die Co-Pr\\u00e4sidentin der Jungen Gr\\u00fcnen Schweiz, Magdalena Erni war Gastrednerin.&quot;,&quot;focus_image&quot;:&quot;&quot;,&quot;credits&quot;:&quot;\\u00a9 Marc Meier \\\/ Greenpeace&quot;},{&quot;image_src&quot;:&quot;https:\\\/\\\/www.greenpeace.ch\\\/static\\\/planet4-switzerland-stateless\\\/2025\\\/10\\\/dcb97c83-gp0su6zh2_medium-res-with-credit-line-1200px.jpg&quot;,&quot;image_srcset&quot;:&quot;https:\\\/\\\/www.greenpeace.ch\\\/static\\\/planet4-switzerland-stateless\\\/2025\\\/10\\\/dcb97c83-gp0su6zh2_medium-res-with-credit-line-1200px.jpg 1200w, https:\\\/\\\/www.greenpeace.ch\\\/static\\\/planet4-switzerland-stateless\\\/2025\\\/10\\\/dcb97c83-gp0su6zh2_medium-res-with-credit-line-1200px-300x200.jpg 300w, https:\\\/\\\/www.greenpeace.ch\\\/static\\\/planet4-switzerland-stateless\\\/2025\\\/10\\\/dcb97c83-gp0su6zh2_medium-res-with-credit-line-1200px-1024x683.jpg 1024w, https:\\\/\\\/www.greenpeace.ch\\\/static\\\/planet4-switzerland-stateless\\\/2025\\\/10\\\/dcb97c83-gp0su6zh2_medium-res-with-credit-line-1200px-768x512.jpg 768w, https:\\\/\\\/www.greenpeace.ch\\\/static\\\/planet4-switzerland-stateless\\\/2025\\\/10\\\/dcb97c83-gp0su6zh2_medium-res-with-credit-line-1200px-510x340.jpg 510w&quot;,&quot;image_sizes&quot;:false,&quot;alt_text&quot;:&quot;&quot;,&quot;caption&quot;:&quot;Wiederum gab es live Kunst am Fass.&quot;,&quot;focus_image&quot;:&quot;&quot;,&quot;credits&quot;:&quot;\\u00a9 Marc Meier \\\/ Greenpeace&quot;},{&quot;image_src&quot;:&quot;https:\\\/\\\/www.greenpeace.ch\\\/static\\\/planet4-switzerland-stateless\\\/2025\\\/10\\\/8a2d959d-gp0su6zh6_medium-res-with-credit-line-1200px.jpg&quot;,&quot;image_srcset&quot;:&quot;https:\\\/\\\/www.greenpeace.ch\\\/static\\\/planet4-switzerland-stateless\\\/2025\\\/10\\\/8a2d959d-gp0su6zh6_medium-res-with-credit-line-1200px.jpg 800w, https:\\\/\\\/www.greenpeace.ch\\\/static\\\/planet4-switzerland-stateless\\\/2025\\\/10\\\/8a2d959d-gp0su6zh6_medium-res-with-credit-line-1200px-200x300.jpg 200w, https:\\\/\\\/www.greenpeace.ch\\\/static\\\/planet4-switzerland-stateless\\\/2025\\\/10\\\/8a2d959d-gp0su6zh6_medium-res-with-credit-line-1200px-683x1024.jpg 683w, https:\\\/\\\/www.greenpeace.ch\\\/static\\\/planet4-switzerland-stateless\\\/2025\\\/10\\\/8a2d959d-gp0su6zh6_medium-res-with-credit-line-1200px-768x1152.jpg 768w, https:\\\/\\\/www.greenpeace.ch\\\/static\\\/planet4-switzerland-stateless\\\/2025\\\/10\\\/8a2d959d-gp0su6zh6_medium-res-with-credit-line-1200px-227x340.jpg 227w&quot;,&quot;image_sizes&quot;:false,&quot;alt_text&quot;:&quot;&quot;,&quot;caption&quot;:&quot;\\u201cRaum f\\u00fcr Heimat\\u201d (Space for Home) \\u2013 The Swiss roadshow for a clean energy future stops in Langenthal (Switzerland). Greenpeace Switzerland is touring Switzerland with an oversized nuclear waste barrel. In doing so, we are creating a \\u201cspace for home\\u201d and transforming the nuclear barrel into a symbol of the energy transition without nuclear power. On Saturday, September 13, 2025, the drum was on display in Langenthal. From 10:00 a.m. to 5:00 p.m., the people of Langenthal and the surrounding area were invited to come by and talk about their hopes for their home and energy. Visitors could write down their wishes and hang them in the barrel, learn about hydropower, solar energy, and wind power, and take part in the nuclear quiz.\\n\\u00abRaum f\\u00fcr Heimat\\u00bb \\u2013 Die Schweizer Roadshow f\\u00fcr eine saubere Energiezukunft macht Halt in Langenthal (Schweiz). Greenpeace Schweiz tourt mit einem \\u00fcberdimensionalen Atomm\\u00fcllfass durch die Schweiz. Dabei schaffen wir einen \\u00abRaum f\\u00fcr Heimat\\u00bb und verwandeln das Atomfass in ein Symbol der Energiewende ohne Atomstrom. Am Samstag, 13. September 2025, stand das Fass in Langenthal. Von 10:00 bis 17:00 Uhr war die Bev\\u00f6lkerung aus Langenthal und Umgebung eingeladen, vorbeizukommen und \\u00fcber ihre Heimat- und Energiew\\u00fcnsche zu reden. Die Besucher:innen konnten ihre W\\u00fcnsche dazu formulieren und diese im Fass aufh\\u00e4ngen, sich \\u00fcber Wasserkraft, Solarenergie und Windkraft informieren und am Atom-Quiz teilnehmen.&quot;,&quot;focus_image&quot;:&quot;&quot;,&quot;credits&quot;:&quot;\\u00a9 Marc Meier \\\/ Greenpeace&quot;}]}}\"><section class=\"block gallery-grid is-style-grid\"><\/section><\/div>\n<p>Als N\u00e4chstes wird das Fass in<strong> <a href=\"https:\/\/www.greenpeace.ch\/de\/event\/die-roadshow-mit-dem-atommuellfass-macht-halt-in-aarau\/\">Aarau<\/a><\/strong> zu sehen sein. Alle sind herzlich eingeladen, vorbeizukommen und sich mit der Energiezukunft der Schweiz auseinanderzusetzen.<br><\/p>\n<div aria-hidden=\"true\" class=\"gpch-block-spacer\"><\/div>\t\t\t<section\n\t\t\tclass=\"boxout post-124727 \"\n\t\t\t\n\t\t>\n\t\t\t<a\n\t\t\t\tdata-ga-category=\"Take Action Boxout\"\n\t\t\t\tdata-ga-action=\"Image\"\n\t\t\t\tdata-ga-label=\"n\/a\"\n\t\t\t\tclass=\"cover-card-overlay\"\n\t\t\t\thref=\"https:\/\/www.greenpeace.ch\/de\/atomkraft-nie-wieder\/\" \n\t\t\t><\/a>\n\t\t\t\t\t\t\t<img\n\t\t\t\t\t\tsrc=\"https:\/\/www.greenpeace.ch\/static\/planet4-switzerland-stateless\/2025\/09\/15e48a30-anti-atom_illu_neg_umsetzung_b-1024x686.jpg\"\n\t\t\t\t\t\tsrcset=\"https:\/\/www.greenpeace.ch\/static\/planet4-switzerland-stateless\/2025\/09\/15e48a30-anti-atom_illu_neg_umsetzung_b-300x201.jpg 300w, https:\/\/www.greenpeace.ch\/static\/planet4-switzerland-stateless\/2025\/09\/15e48a30-anti-atom_illu_neg_umsetzung_b-1024x686.jpg 1024w, https:\/\/www.greenpeace.ch\/static\/planet4-switzerland-stateless\/2025\/09\/15e48a30-anti-atom_illu_neg_umsetzung_b-768x514.jpg 768w, https:\/\/www.greenpeace.ch\/static\/planet4-switzerland-stateless\/2025\/09\/15e48a30-anti-atom_illu_neg_umsetzung_b-1536x1028.jpg 1536w, https:\/\/www.greenpeace.ch\/static\/planet4-switzerland-stateless\/2025\/09\/15e48a30-anti-atom_illu_neg_umsetzung_b-2048x1371.jpg 2048w, https:\/\/www.greenpeace.ch\/static\/planet4-switzerland-stateless\/2025\/09\/15e48a30-anti-atom_illu_neg_umsetzung_b-2040x1366.jpg 2040w, https:\/\/www.greenpeace.ch\/static\/planet4-switzerland-stateless\/2025\/09\/15e48a30-anti-atom_illu_neg_umsetzung_b-508x340.jpg 508w\"\n\t\t\t\t\t\tsizes=\"(min-width: 1000px) 358px, (min-width: 780px) 313px, 88px\"\n\t\t\t\t\t\talt=\"\" title=\"\"\n\t\t\t\t\/>\n            \t\t\t<div class=\"boxout-content\">\n\t\t\t\t\t\t\t\t\t<a\n\t\t\t\t\t\tclass=\"boxout-heading medium\"\n\t\t\t\t\t\tdata-ga-category=\"Take Action Boxout\"\n\t\t\t\t\t\tdata-ga-action=\"Title\"\n\t\t\t\t\t\tdata-ga-label=\"n\/a\"\n\t\t\t\t\t\thref=\"https:\/\/www.greenpeace.ch\/de\/atomkraft-nie-wieder\/\"\n\t\t\t\t\t\t\n\t\t\t\t\t>\n\t\t\t\t\t\tAtomkraft? Nie wieder!\n\t\t\t\t\t<\/a>\n\t\t\t\t\t\t\t\t\t\t\t\t\t<p class=\"boxout-excerpt\">Unterzeichne die Petition an das Parlament: Stoppt den Wiedereinstieg<\/p>\n\t\t\t\t                                    <a\n                        class=\"btn btn-primary\"\n                        data-ga-category=\"Take Action Boxout\"\n                        data-ga-action=\"Call to Action\"\n                        data-ga-label=\"n\/a\"\n                        href=\"https:\/\/www.greenpeace.ch\/de\/atomkraft-nie-wieder\/\"\n                        \n                    >\n                        Mitmachen\n                    <\/a>\n                \t\t\t<\/div>\n\t\t\t\t\t<\/section>\n\t","protected":false},"excerpt":{"rendered":"<p>Auch in Langenthal hat unsere Roadshow \u00abRaum f\u00fcr Heimat\u00bb mit dem \u00fcberdimensionalen Atomm\u00fcllfass f\u00fcr Aufsehen gesorgt. Sieh dir die Bilder an und erfahre mehr \u00fcber die Tour.<\/p>\n","protected":false},"author":48,"featured_media":126184,"comment_status":"closed","ping_status":"open","sticky":false,"template":"","format":"standard","meta":{"_acf_changed":false,"_planet4_optimize_post_is_variant":false,"_planet4_optimize_experiment_name":"","_planet4_optimize_variant_name":"","ep_exclude_from_search":false,"p4_og_title":"","p4_og_description":"","p4_og_image":"https:\/\/www.greenpeace.ch\/static\/planet4-switzerland-stateless\/2025\/10\/69b43bc9-gp0su6z4x_medium-res-with-credit-line-1200px.jpg","p4_og_image_id":"126184","p4_seo_canonical_url":"","p4_campaign_name":"","p4_local_project":"","p4_basket_name":"","p4_department":"","footnotes":""},"categories":[1],"tags":[42,50],"p4-page-type":[75],"gpch-article-type":[],"class_list":["post-126164","post","type-post","status-publish","format-standard","has-post-thumbnail","hentry","category-unkategorisiert","tag-energie","tag-klima","p4-page-type-story"],"acf":[],"_links":{"self":[{"href":"https:\/\/www.greenpeace.ch\/de\/wp-json\/wp\/v2\/posts\/126164","targetHints":{"allow":["GET"]}}],"collection":[{"href":"https:\/\/www.greenpeace.ch\/de\/wp-json\/wp\/v2\/posts"}],"about":[{"href":"https:\/\/www.greenpeace.ch\/de\/wp-json\/wp\/v2\/types\/post"}],"author":[{"embeddable":true,"href":"https:\/\/www.greenpeace.ch\/de\/wp-json\/wp\/v2\/users\/48"}],"replies":[{"embeddable":true,"href":"https:\/\/www.greenpeace.ch\/de\/wp-json\/wp\/v2\/comments?post=126164"}],"version-history":[{"count":3,"href":"https:\/\/www.greenpeace.ch\/de\/wp-json\/wp\/v2\/posts\/126164\/revisions"}],"predecessor-version":[{"id":126566,"href":"https:\/\/www.greenpeace.ch\/de\/wp-json\/wp\/v2\/posts\/126164\/revisions\/126566"}],"wp:featuredmedia":[{"embeddable":true,"href":"https:\/\/www.greenpeace.ch\/de\/wp-json\/wp\/v2\/media\/126184"}],"wp:attachment":[{"href":"https:\/\/www.greenpeace.ch\/de\/wp-json\/wp\/v2\/media?parent=126164"}],"wp:term":[{"taxonomy":"category","embeddable":true,"href":"https:\/\/www.greenpeace.ch\/de\/wp-json\/wp\/v2\/categories?post=126164"},{"taxonomy":"post_tag","embeddable":true,"href":"https:\/\/www.greenpeace.ch\/de\/wp-json\/wp\/v2\/tags?post=126164"},{"taxonomy":"p4-page-type","embeddable":true,"href":"https:\/\/www.greenpeace.ch\/de\/wp-json\/wp\/v2\/p4-page-type?post=126164"},{"taxonomy":"gpch-article-type","embeddable":true,"href":"https:\/\/www.greenpeace.ch\/de\/wp-json\/wp\/v2\/gpch-article-type?post=126164"}],"curies":[{"name":"wp","href":"https:\/\/api.w.org\/{rel}","templated":true}]}}