{"id":126541,"date":"2025-10-12T11:34:04","date_gmt":"2025-10-12T09:34:04","guid":{"rendered":"https:\/\/www.greenpeace.ch\/?p=126541"},"modified":"2025-10-12T11:38:36","modified_gmt":"2025-10-12T09:38:36","slug":"ein-tag-in-aarau-im-zeichen-der-energiezukunft","status":"publish","type":"post","link":"https:\/\/www.greenpeace.ch\/de\/story\/126541\/ein-tag-in-aarau-im-zeichen-der-energiezukunft\/","title":{"rendered":"Ein Tag in Aarau im Zeichen der Energiezukunft"},"content":{"rendered":"\n<p>Die Energie-Roadshow <a href=\"https:\/\/www.greenpeace.ch\/de\/handeln\/raum-fuer-heimat\/\">\u00abRaum f\u00fcr Heimat\u00bb<\/a> machte Halt in Aarau \u2013 ein Tag voller spannender Inputs, inspirierender Begegnungen und engagierter Diskussionen rund um Energie, Umwelt und Zukunft.<\/p>\n\n<p>Ein herzliches Dankesch\u00f6n an unsere grossartigen G\u00e4ste:<\/p>\n\n<ul class=\"wp-block-list\">\n<li>Dank dem Illustrator <strong>Noah Liechti<\/strong> verwandelte sich das grosse Atomm\u00fcllfass ein weiteres St\u00fcck in ein Symbol der Energiewende ohne Atomstrom.<\/li>\n\n\n\n<li><strong>Peter Scholer <\/strong>(Nie wieder Atomkraftwerke (NWA) Schweiz) mit seinem Vortrag <em>\u00abLieber heute aktiv, als morgen radioaktiv!\u00bb<\/em> <\/li>\n\n\n\n<li><strong>Susanne Hochuli<\/strong>, ehemalige Regierungsr\u00e4tin des Kantons Aargau und Stiftungsratspr\u00e4sidentin von Greenpeace Schweiz, sprach \u00fcber die Anspr\u00fcche an die Schweizer Energiezukunft<\/li>\n\n\n\n<li><strong>Peter Maurer<\/strong>, Fotograf und Kunstschaffender, stellte seinen neuen Bildband <em>\u00abTerra Deposita\u00bb<\/em> vor \u2013 eine eindrucksvolle Auseinandersetzung mit den Altlasten ehemaliger Deponiestandorte in der Schweiz.<\/li>\n\n\n\n<li>Es folgte <strong>C\u00e9dric Wermuth<\/strong>, Co-Pr\u00e4sident der SP Schweiz, mit einem engagierten Beitrag zu aktuellen energiepolitischen Fragen.<\/li>\n\n\n\n<li>Ein besonderes musikalisches Highlight bildete das Geigenkonzert von <strong>Kateryna Timokhina<\/strong>, das den Tag stimmungsvoll abrundete.<\/li>\n<\/ul>\n\n<p>Ein herzliches Dankesch\u00f6n an alle Mitwirkenden, G\u00e4ste und Besucherinnen und Besucher \u2013 gemeinsam setzen wir ein Zeichen f\u00fcr eine nachhaltige und verantwortungsvolle Energiezukunft!<\/p>\n\n<p>Dies war der vorl\u00e4ufig letzte Halt der Tour. Weitere Tourstationen sind jedoch in Planung.<\/p>\n<div data-hydrate=\"planet4-blocks\/gallery\" data-attributes=\"{&quot;attributes&quot;:{&quot;multiple_image&quot;:&quot;126560,126557,126546,126554,126563,126547&quot;,&quot;image_data&quot;:[{&quot;url&quot;:&quot;https:\\\/\\\/www.greenpeace.ch\\\/static\\\/planet4-switzerland-stateless\\\/2025\\\/10\\\/7de26186-gp0su7234_medium-res-with-credit-line-1200px.jpg&quot;,&quot;focalPoint&quot;:{&quot;x&quot;:0.5,&quot;y&quot;:0.5},&quot;id&quot;:126560},{&quot;url&quot;:&quot;https:\\\/\\\/www.greenpeace.ch\\\/static\\\/planet4-switzerland-stateless\\\/2025\\\/10\\\/eddac5c0-gp0su722t_medium-res-with-credit-line-1200px.jpg&quot;,&quot;focalPoint&quot;:{&quot;x&quot;:0.5,&quot;y&quot;:0.5},&quot;id&quot;:126557},{&quot;url&quot;:&quot;https:\\\/\\\/www.greenpeace.ch\\\/static\\\/planet4-switzerland-stateless\\\/2025\\\/10\\\/7f20934d-gp0su722n_medium-res-with-credit-line-1200px.jpg&quot;,&quot;focalPoint&quot;:{&quot;x&quot;:0.5,&quot;y&quot;:0.5},&quot;id&quot;:126546},{&quot;url&quot;:&quot;https:\\\/\\\/www.greenpeace.ch\\\/static\\\/planet4-switzerland-stateless\\\/2025\\\/10\\\/b8ed6bd9-gp0su722q_medium-res-with-credit-line-1200px.jpg&quot;,&quot;focalPoint&quot;:{&quot;x&quot;:0.5,&quot;y&quot;:0.5},&quot;id&quot;:126554},{&quot;url&quot;:&quot;https:\\\/\\\/www.greenpeace.ch\\\/static\\\/planet4-switzerland-stateless\\\/2025\\\/10\\\/46d08907-gp0su7233_medium-res-with-credit-line-1200px.jpg&quot;,&quot;focalPoint&quot;:{&quot;x&quot;:0.5,&quot;y&quot;:0.5},&quot;id&quot;:126563},{&quot;url&quot;:&quot;https:\\\/\\\/www.greenpeace.ch\\\/static\\\/planet4-switzerland-stateless\\\/2025\\\/10\\\/7f20934d-gp0su7230_medium-res-with-credit-line-1200px.jpg&quot;,&quot;focalPoint&quot;:{&quot;x&quot;:0.5,&quot;y&quot;:0.5},&quot;id&quot;:126547}],&quot;className&quot;:&quot;is-style-grid&quot;,&quot;gallery_block_style&quot;:0,&quot;gallery_block_title&quot;:&quot;&quot;,&quot;gallery_block_description&quot;:&quot;&quot;,&quot;gallery_block_focus_points&quot;:&quot;&quot;,&quot;images&quot;:[{&quot;image_src&quot;:&quot;https:\\\/\\\/www.greenpeace.ch\\\/static\\\/planet4-switzerland-stateless\\\/2025\\\/10\\\/7de26186-gp0su7234_medium-res-with-credit-line-1200px.jpg&quot;,&quot;image_srcset&quot;:&quot;https:\\\/\\\/www.greenpeace.ch\\\/static\\\/planet4-switzerland-stateless\\\/2025\\\/10\\\/7de26186-gp0su7234_medium-res-with-credit-line-1200px.jpg 900w, https:\\\/\\\/www.greenpeace.ch\\\/static\\\/planet4-switzerland-stateless\\\/2025\\\/10\\\/7de26186-gp0su7234_medium-res-with-credit-line-1200px-225x300.jpg 225w, https:\\\/\\\/www.greenpeace.ch\\\/static\\\/planet4-switzerland-stateless\\\/2025\\\/10\\\/7de26186-gp0su7234_medium-res-with-credit-line-1200px-768x1024.jpg 768w, https:\\\/\\\/www.greenpeace.ch\\\/static\\\/planet4-switzerland-stateless\\\/2025\\\/10\\\/7de26186-gp0su7234_medium-res-with-credit-line-1200px-255x340.jpg 255w&quot;,&quot;image_sizes&quot;:false,&quot;alt_text&quot;:&quot;&quot;,&quot;caption&quot;:&quot;Das riesige Atomm\\u00fcllfass zu Gast in Aarau.&quot;,&quot;focus_image&quot;:&quot;&quot;,&quot;credits&quot;:&quot;\\u00a9 Marc Meier \\\/ Greenpeace&quot;},{&quot;image_src&quot;:&quot;https:\\\/\\\/www.greenpeace.ch\\\/static\\\/planet4-switzerland-stateless\\\/2025\\\/10\\\/eddac5c0-gp0su722t_medium-res-with-credit-line-1200px.jpg&quot;,&quot;image_srcset&quot;:&quot;https:\\\/\\\/www.greenpeace.ch\\\/static\\\/planet4-switzerland-stateless\\\/2025\\\/10\\\/eddac5c0-gp0su722t_medium-res-with-credit-line-1200px.jpg 1200w, https:\\\/\\\/www.greenpeace.ch\\\/static\\\/planet4-switzerland-stateless\\\/2025\\\/10\\\/eddac5c0-gp0su722t_medium-res-with-credit-line-1200px-300x200.jpg 300w, https:\\\/\\\/www.greenpeace.ch\\\/static\\\/planet4-switzerland-stateless\\\/2025\\\/10\\\/eddac5c0-gp0su722t_medium-res-with-credit-line-1200px-1024x683.jpg 1024w, https:\\\/\\\/www.greenpeace.ch\\\/static\\\/planet4-switzerland-stateless\\\/2025\\\/10\\\/eddac5c0-gp0su722t_medium-res-with-credit-line-1200px-768x512.jpg 768w, https:\\\/\\\/www.greenpeace.ch\\\/static\\\/planet4-switzerland-stateless\\\/2025\\\/10\\\/eddac5c0-gp0su722t_medium-res-with-credit-line-1200px-510x340.jpg 510w&quot;,&quot;image_sizes&quot;:false,&quot;alt_text&quot;:&quot;&quot;,&quot;caption&quot;:&quot;W\\u00fcnsche malen, basteln, aufschreiben f\\u00fcr Gross und Klein.&quot;,&quot;focus_image&quot;:&quot;&quot;,&quot;credits&quot;:&quot;\\u00a9 Marc Meier \\\/ Greenpeace&quot;},{&quot;image_src&quot;:&quot;https:\\\/\\\/www.greenpeace.ch\\\/static\\\/planet4-switzerland-stateless\\\/2025\\\/10\\\/7f20934d-gp0su722n_medium-res-with-credit-line-1200px.jpg&quot;,&quot;image_srcset&quot;:&quot;https:\\\/\\\/www.greenpeace.ch\\\/static\\\/planet4-switzerland-stateless\\\/2025\\\/10\\\/7f20934d-gp0su722n_medium-res-with-credit-line-1200px.jpg 1200w, https:\\\/\\\/www.greenpeace.ch\\\/static\\\/planet4-switzerland-stateless\\\/2025\\\/10\\\/7f20934d-gp0su722n_medium-res-with-credit-line-1200px-300x200.jpg 300w, https:\\\/\\\/www.greenpeace.ch\\\/static\\\/planet4-switzerland-stateless\\\/2025\\\/10\\\/7f20934d-gp0su722n_medium-res-with-credit-line-1200px-1024x683.jpg 1024w, https:\\\/\\\/www.greenpeace.ch\\\/static\\\/planet4-switzerland-stateless\\\/2025\\\/10\\\/7f20934d-gp0su722n_medium-res-with-credit-line-1200px-768x512.jpg 768w, https:\\\/\\\/www.greenpeace.ch\\\/static\\\/planet4-switzerland-stateless\\\/2025\\\/10\\\/7f20934d-gp0su722n_medium-res-with-credit-line-1200px-510x340.jpg 510w&quot;,&quot;image_sizes&quot;:false,&quot;alt_text&quot;:&quot;&quot;,&quot;caption&quot;:&quot;Ein engagiertes Team machte den Tag m\\u00f6glich.&quot;,&quot;focus_image&quot;:&quot;&quot;,&quot;credits&quot;:&quot;&quot;},{&quot;image_src&quot;:&quot;https:\\\/\\\/www.greenpeace.ch\\\/static\\\/planet4-switzerland-stateless\\\/2025\\\/10\\\/b8ed6bd9-gp0su722q_medium-res-with-credit-line-1200px.jpg&quot;,&quot;image_srcset&quot;:&quot;https:\\\/\\\/www.greenpeace.ch\\\/static\\\/planet4-switzerland-stateless\\\/2025\\\/10\\\/b8ed6bd9-gp0su722q_medium-res-with-credit-line-1200px.jpg 1200w, https:\\\/\\\/www.greenpeace.ch\\\/static\\\/planet4-switzerland-stateless\\\/2025\\\/10\\\/b8ed6bd9-gp0su722q_medium-res-with-credit-line-1200px-300x200.jpg 300w, https:\\\/\\\/www.greenpeace.ch\\\/static\\\/planet4-switzerland-stateless\\\/2025\\\/10\\\/b8ed6bd9-gp0su722q_medium-res-with-credit-line-1200px-1024x683.jpg 1024w, https:\\\/\\\/www.greenpeace.ch\\\/static\\\/planet4-switzerland-stateless\\\/2025\\\/10\\\/b8ed6bd9-gp0su722q_medium-res-with-credit-line-1200px-768x512.jpg 768w, https:\\\/\\\/www.greenpeace.ch\\\/static\\\/planet4-switzerland-stateless\\\/2025\\\/10\\\/b8ed6bd9-gp0su722q_medium-res-with-credit-line-1200px-510x340.jpg 510w&quot;,&quot;image_sizes&quot;:false,&quot;alt_text&quot;:&quot;&quot;,&quot;caption&quot;:&quot;Und Noah Liechti bringt satirische Erfrischung auf das Atomfass.&quot;,&quot;focus_image&quot;:&quot;&quot;,&quot;credits&quot;:&quot;\\u00a9 Marc Meier \\\/ Greenpeace&quot;},{&quot;image_src&quot;:&quot;https:\\\/\\\/www.greenpeace.ch\\\/static\\\/planet4-switzerland-stateless\\\/2025\\\/10\\\/46d08907-gp0su7233_medium-res-with-credit-line-1200px.jpg&quot;,&quot;image_srcset&quot;:&quot;https:\\\/\\\/www.greenpeace.ch\\\/static\\\/planet4-switzerland-stateless\\\/2025\\\/10\\\/46d08907-gp0su7233_medium-res-with-credit-line-1200px.jpg 1200w, https:\\\/\\\/www.greenpeace.ch\\\/static\\\/planet4-switzerland-stateless\\\/2025\\\/10\\\/46d08907-gp0su7233_medium-res-with-credit-line-1200px-300x200.jpg 300w, https:\\\/\\\/www.greenpeace.ch\\\/static\\\/planet4-switzerland-stateless\\\/2025\\\/10\\\/46d08907-gp0su7233_medium-res-with-credit-line-1200px-1024x683.jpg 1024w, https:\\\/\\\/www.greenpeace.ch\\\/static\\\/planet4-switzerland-stateless\\\/2025\\\/10\\\/46d08907-gp0su7233_medium-res-with-credit-line-1200px-768x512.jpg 768w, https:\\\/\\\/www.greenpeace.ch\\\/static\\\/planet4-switzerland-stateless\\\/2025\\\/10\\\/46d08907-gp0su7233_medium-res-with-credit-line-1200px-510x340.jpg 510w&quot;,&quot;image_sizes&quot;:false,&quot;alt_text&quot;:&quot;&quot;,&quot;caption&quot;:&quot;Freiwillige sammeln Unterschriften f\\u00fcr die Petition \\u00abAtomkraft? Nie wieder!\\u00bb&quot;,&quot;focus_image&quot;:&quot;&quot;,&quot;credits&quot;:&quot;\\u00a9 Marc Meier \\\/ Greenpeace&quot;},{&quot;image_src&quot;:&quot;https:\\\/\\\/www.greenpeace.ch\\\/static\\\/planet4-switzerland-stateless\\\/2025\\\/10\\\/7f20934d-gp0su7230_medium-res-with-credit-line-1200px.jpg&quot;,&quot;image_srcset&quot;:&quot;https:\\\/\\\/www.greenpeace.ch\\\/static\\\/planet4-switzerland-stateless\\\/2025\\\/10\\\/7f20934d-gp0su7230_medium-res-with-credit-line-1200px.jpg 1200w, https:\\\/\\\/www.greenpeace.ch\\\/static\\\/planet4-switzerland-stateless\\\/2025\\\/10\\\/7f20934d-gp0su7230_medium-res-with-credit-line-1200px-300x200.jpg 300w, https:\\\/\\\/www.greenpeace.ch\\\/static\\\/planet4-switzerland-stateless\\\/2025\\\/10\\\/7f20934d-gp0su7230_medium-res-with-credit-line-1200px-1024x683.jpg 1024w, https:\\\/\\\/www.greenpeace.ch\\\/static\\\/planet4-switzerland-stateless\\\/2025\\\/10\\\/7f20934d-gp0su7230_medium-res-with-credit-line-1200px-768x512.jpg 768w, https:\\\/\\\/www.greenpeace.ch\\\/static\\\/planet4-switzerland-stateless\\\/2025\\\/10\\\/7f20934d-gp0su7230_medium-res-with-credit-line-1200px-510x340.jpg 510w&quot;,&quot;image_sizes&quot;:false,&quot;alt_text&quot;:&quot;&quot;,&quot;caption&quot;:&quot;Eine grosse Anziehung \\u00fcbt das Geigenspiel von Katharyna Timokhina aus.&quot;,&quot;focus_image&quot;:&quot;&quot;,&quot;credits&quot;:&quot;\\u00a9 Marc Meier \\\/ Greenpeace&quot;}]}}\"><section class=\"block gallery-grid is-style-grid\"><\/section><\/div>\n<p><br><\/p>\n<div aria-hidden=\"true\" class=\"gpch-block-spacer\"><\/div>\t\t\t<section\n\t\t\tclass=\"boxout post-124727 \"\n\t\t\t\n\t\t>\n\t\t\t<a\n\t\t\t\tdata-ga-category=\"Take Action Boxout\"\n\t\t\t\tdata-ga-action=\"Image\"\n\t\t\t\tdata-ga-label=\"n\/a\"\n\t\t\t\tclass=\"cover-card-overlay\"\n\t\t\t\thref=\"https:\/\/www.greenpeace.ch\/de\/atomkraft-nie-wieder\/\" \n\t\t\t><\/a>\n\t\t\t\t\t\t\t<img\n\t\t\t\t\t\tsrc=\"https:\/\/www.greenpeace.ch\/static\/planet4-switzerland-stateless\/2025\/09\/15e48a30-anti-atom_illu_neg_umsetzung_b-1024x686.jpg\"\n\t\t\t\t\t\tsrcset=\"https:\/\/www.greenpeace.ch\/static\/planet4-switzerland-stateless\/2025\/09\/15e48a30-anti-atom_illu_neg_umsetzung_b-300x201.jpg 300w, https:\/\/www.greenpeace.ch\/static\/planet4-switzerland-stateless\/2025\/09\/15e48a30-anti-atom_illu_neg_umsetzung_b-1024x686.jpg 1024w, https:\/\/www.greenpeace.ch\/static\/planet4-switzerland-stateless\/2025\/09\/15e48a30-anti-atom_illu_neg_umsetzung_b-768x514.jpg 768w, https:\/\/www.greenpeace.ch\/static\/planet4-switzerland-stateless\/2025\/09\/15e48a30-anti-atom_illu_neg_umsetzung_b-1536x1028.jpg 1536w, https:\/\/www.greenpeace.ch\/static\/planet4-switzerland-stateless\/2025\/09\/15e48a30-anti-atom_illu_neg_umsetzung_b-2048x1371.jpg 2048w, https:\/\/www.greenpeace.ch\/static\/planet4-switzerland-stateless\/2025\/09\/15e48a30-anti-atom_illu_neg_umsetzung_b-2040x1366.jpg 2040w, https:\/\/www.greenpeace.ch\/static\/planet4-switzerland-stateless\/2025\/09\/15e48a30-anti-atom_illu_neg_umsetzung_b-508x340.jpg 508w\"\n\t\t\t\t\t\tsizes=\"(min-width: 1000px) 358px, (min-width: 780px) 313px, 88px\"\n\t\t\t\t\t\talt=\"\" title=\"\"\n\t\t\t\t\/>\n            \t\t\t<div class=\"boxout-content\">\n\t\t\t\t\t\t\t\t\t<a\n\t\t\t\t\t\tclass=\"boxout-heading medium\"\n\t\t\t\t\t\tdata-ga-category=\"Take Action Boxout\"\n\t\t\t\t\t\tdata-ga-action=\"Title\"\n\t\t\t\t\t\tdata-ga-label=\"n\/a\"\n\t\t\t\t\t\thref=\"https:\/\/www.greenpeace.ch\/de\/atomkraft-nie-wieder\/\"\n\t\t\t\t\t\t\n\t\t\t\t\t>\n\t\t\t\t\t\tAtomkraft? Nie wieder!\n\t\t\t\t\t<\/a>\n\t\t\t\t\t\t\t\t\t\t\t\t\t<p class=\"boxout-excerpt\">Unterzeichne die Petition an das Parlament: Stoppt den Wiedereinstieg<\/p>\n\t\t\t\t                                    <a\n                        class=\"btn btn-primary\"\n                        data-ga-category=\"Take Action Boxout\"\n                        data-ga-action=\"Call to Action\"\n                        data-ga-label=\"n\/a\"\n                        href=\"https:\/\/www.greenpeace.ch\/de\/atomkraft-nie-wieder\/\"\n                        \n                    >\n                        Mitmachen\n                    <\/a>\n                \t\t\t<\/div>\n\t\t\t\t\t<\/section>\n\t","protected":false},"excerpt":{"rendered":"<p>Die Energie-Roadshow machte Halt in Aarau \u2013 ein Tag voller spannender Inputs von diversen G\u00e4sten, inspirierender Begegnungen und engagierter Diskussionen rund um Energie, Umwelt und Zukunft.<\/p>\n","protected":false},"author":48,"featured_media":126546,"comment_status":"closed","ping_status":"open","sticky":false,"template":"","format":"standard","meta":{"_acf_changed":false,"_planet4_optimize_post_is_variant":false,"_planet4_optimize_experiment_name":"","_planet4_optimize_variant_name":"","ep_exclude_from_search":false,"p4_og_title":"","p4_og_description":"","p4_og_image":"https:\/\/www.greenpeace.ch\/static\/planet4-switzerland-stateless\/2025\/10\/7f20934d-gp0su722n_medium-res-with-credit-line-1200px.jpg","p4_og_image_id":"126546","p4_seo_canonical_url":"","p4_campaign_name":"","p4_local_project":"","p4_basket_name":"","p4_department":"","footnotes":""},"categories":[1],"tags":[42,50],"p4-page-type":[75],"gpch-article-type":[],"class_list":["post-126541","post","type-post","status-publish","format-standard","has-post-thumbnail","hentry","category-unkategorisiert","tag-energie","tag-klima","p4-page-type-story"],"acf":[],"_links":{"self":[{"href":"https:\/\/www.greenpeace.ch\/de\/wp-json\/wp\/v2\/posts\/126541","targetHints":{"allow":["GET"]}}],"collection":[{"href":"https:\/\/www.greenpeace.ch\/de\/wp-json\/wp\/v2\/posts"}],"about":[{"href":"https:\/\/www.greenpeace.ch\/de\/wp-json\/wp\/v2\/types\/post"}],"author":[{"embeddable":true,"href":"https:\/\/www.greenpeace.ch\/de\/wp-json\/wp\/v2\/users\/48"}],"replies":[{"embeddable":true,"href":"https:\/\/www.greenpeace.ch\/de\/wp-json\/wp\/v2\/comments?post=126541"}],"version-history":[{"count":2,"href":"https:\/\/www.greenpeace.ch\/de\/wp-json\/wp\/v2\/posts\/126541\/revisions"}],"predecessor-version":[{"id":126569,"href":"https:\/\/www.greenpeace.ch\/de\/wp-json\/wp\/v2\/posts\/126541\/revisions\/126569"}],"wp:featuredmedia":[{"embeddable":true,"href":"https:\/\/www.greenpeace.ch\/de\/wp-json\/wp\/v2\/media\/126546"}],"wp:attachment":[{"href":"https:\/\/www.greenpeace.ch\/de\/wp-json\/wp\/v2\/media?parent=126541"}],"wp:term":[{"taxonomy":"category","embeddable":true,"href":"https:\/\/www.greenpeace.ch\/de\/wp-json\/wp\/v2\/categories?post=126541"},{"taxonomy":"post_tag","embeddable":true,"href":"https:\/\/www.greenpeace.ch\/de\/wp-json\/wp\/v2\/tags?post=126541"},{"taxonomy":"p4-page-type","embeddable":true,"href":"https:\/\/www.greenpeace.ch\/de\/wp-json\/wp\/v2\/p4-page-type?post=126541"},{"taxonomy":"gpch-article-type","embeddable":true,"href":"https:\/\/www.greenpeace.ch\/de\/wp-json\/wp\/v2\/gpch-article-type?post=126541"}],"curies":[{"name":"wp","href":"https:\/\/api.w.org\/{rel}","templated":true}]}}