{"id":12672,"date":"2013-04-19T00:00:00","date_gmt":"2013-04-18T22:00:00","guid":{"rendered":"https:\/\/master.greenpeace.ch\/beitrag\/12672\/haben-sies-schon-gehoert\/"},"modified":"2019-05-30T11:41:24","modified_gmt":"2019-05-30T09:41:24","slug":"haben-sies-schon-gehoert","status":"publish","type":"post","link":"https:\/\/www.greenpeace.ch\/de\/story\/12672\/haben-sies-schon-gehoert\/","title":{"rendered":"Haben Sie\u2019s schon geh\u00f6rt?"},"content":{"rendered":"<p><b><\/b><\/p>\n<div class=\"post-content\">\n<div>\n<div>\n<div class=\"events-box big-box left\">\n<div class=\"frame\">\n        <a class=\"open-img EnlargeImage\" href=\"\/switzerland\/Global\/switzerland\/images\/2013\/OpenSpace\/Flotte\/meere_cfp-tour_griechenland_GP04J4K.jpeg\" title=\"Die \u00abArctic Sunrise\u00bb im Kanal von Korinth\"><br \/>\n            <img decoding=\"async\" id=\"ctl00_cphContentArea_epiEntryContent_ctl00_ctl02_Image1\" title=\"Die \u00abArctic Sunrise\u00bb im Kanal von Korinth\" class=\"Thumbnail\" src=\"https:\/\/www.greenpeace.ch\/static\/planet4-switzerland-stateless\/2019\/05\/00688dc3-00688dc3-meere_cfp-tour_griechenland_gp04j4k.jpg\" alt=\"Die \u00abArctic Sunrise\u00bb im Kanal von Korinth\" style=\"border-width:0px;\"><\/p>\n<p>        <\/a>\n    <\/div>\n<div class=\"events-content\">\n        <span class=\"date\"><\/span><br \/>\n        <strong>Die \u00abArctic Sunrise\u00bb im Kanal von Korinth<\/strong><\/p>\n<p>\n            \u00a9 Philip Reynaers \/ Greenpeace\n        <\/p>\n<\/p>\n<\/div>\n<\/div>\n<p>\u00a0<\/p>\n<p>\u00abDie Politiker h\u00f6ren sowieso nicht zu\u2026\u00bb. Dies scheint die allgemeine Reaktion der Fischer hier in Griechenland zu sein, wenn man mit ihnen \u00fcber ein gemeinsames Vorgehen f\u00fcr eine bessere Zukunft f\u00fcr kleingewerbliche Fischer und Ozeane spricht. Und diejenigen die zuh\u00f6ren, w\u00fcrden nichts zur Verbesserung der Situation kleingewerblicher Fischer unternehmen.<\/p>\n<p>Es ist eine Tatsache, dass die aktuelle Gemeinsame Europ\u00e4ische Fischereipolitik (GFP) nicht f\u00fcr kleingewerbliche Fischerei ausgelegt ist. Schon seit Jahrzehnten werden die industriellen Fischereikonzerne beg\u00fcnstigt &#8211; Unternehmen, deren Schiffe bis zu 140 Metern lang sind und die <a href=\"http:\/\/www.greenpeace.org\/switzerland\/de\/Kampagnen\/Meer\/hintergrund-info\/fangmethoden\/\" target=\"_self\" rel=\"noopener noreferrer\">Fangmethoden<\/a> anwenden, die im wahrsten Sinne des Wortes jeden einzelnen Fisch vom Meeresboden kratzen. Auf diese Unternehmen kann zuerst gezeigt werden, wenn nach den Verantwortlichen f\u00fcr unsere \u00fcberfischten Meere gesucht wird. Diese Flotten fangen 2-3 Mal so viel Fisch, wie es f\u00fcr eine gesunde Regeneration der Best\u00e4nde verantwortungsvoll w\u00e4re. Viele von ihnen k\u00f6nnten kaum fischen, wenn sie nicht Millionen von Euros an Subventionen kassiert h\u00e4tten. Gelder, die konstant die Kapazit\u00e4ten der europ\u00e4ischen Industriefischerei in die H\u00f6he treiben, und somit den Fischbestand Jahr um Jahr weiter abnehmen lassen und gleichzeitig den kleingewerblichen Fischern ihre Lebensgrundlage nimmt.<\/p>\n<p>\u00a0<\/p>\n<div class=\"events-box middle-box right\">\n<div class=\"frame\"><a class=\"open-img EnlargeImage\" title=\"\" href=\"\/austria\/Global\/austria\/fotos\/allgemein\/Meere\/EU-Fisheries\/meere_cfp-tour_griechenland_GP04J0T.jpg\"> <img decoding=\"async\" id=\"ctl00_cphContentArea_epiEntryContent_ctl00_ctl04_Image1\" class=\"Thumbnail\" style=\"border-width: 0px;\" src=\"\/austria\/ReSizes\/Medium\/Global\/austria\/fotos\/allgemein\/Meere\/EU-Fisheries\/meere_cfp-tour_griechenland_GP04J0T.jpg\" alt=\"\">  <\/a><\/div>\n<div class=\"events-content no-title\">\n<p>Greenpeace Volunteers bauten das weltgr\u00f6sste Papierschiff der Welt in Athen<br \/>\u00a9 Philip Reynaers \/ Greenpeace<\/p>\n<\/div>\n<\/div>\n<p>Warum steht den industriellen Fischern ein so viel gr\u00f6sserer Teil der Fischfangquote zu, als Europas kleingewerblichen Fischereien? Die griechischen Fischer haben Recht, es liegt daran, dass die Politiker den kleingewerblichen Fischern kein Geh\u00f6r schenken. Die industriellen Fischereiunternehmen haben im Gegenzug gute poltische Kontakte aufgebaut. Einige der Unternehmen sind sogar in nationalen oder europ\u00e4ischen Delegationen bei wichtigen europ\u00e4ischen und internationalen Versammlungen vertreten.<\/p>\n<p>Als die Fischereiminister noch die einzigen Entscheidungstreffer in der Europ\u00e4ischen Fischereipolitik darstellten, waren diese Abl\u00e4ufe noch in Ordnung, mit einer unerheblichen Zahl an Gegnern. Doch die Dinge haben sich, im Prozess der EU Fischereireformbildung, ge\u00e4ndert.<\/p>\n<p>Mit dem Lissabon-Abkommen wurde dem Europ\u00e4ischen Parlament die Entscheidungsmacht \u00fcber Fischereiangelegenheiten \u00fcbertragen. Dies hat das Spiel grundlegen ver\u00e4ndert. Im Februar dieses Jahres hat das europ\u00e4ische Parlament eine sehr progressive Fischerei Reform mit 75% Mehrheit verabschiedet. Ginge es nach den Parlamentariern \u2013 welche direkt von der europ\u00e4ischen Bev\u00f6lkerung gew\u00e4hlt wurden \u2013 w\u00fcrde den kleingewerblichen Fischer der Grossteil der Fangquote und ein erweitertes Fischereigebiet zustehen. In den letzten Jahren ist in Br\u00fcssel viel passiert: Kleingewerbliche Fischer haben von ihren Problemen berichtet und ihre Meinungen dazu ge\u00e4ussert, was sich in der EU-Fischerei \u00e4ndern m\u00fcsse damit ihnen eine Zukunft als Fischer gew\u00e4hrleistet werden k\u00f6nne. Die Parlamentarier scheinen endlich zugeh\u00f6rt zu haben.<\/p>\n<p>W\u00e4hrend unserer <a href=\"http:\/\/www.greenpeace.org\/switzerland\/de\/Kampagnen\/Meer\/was-wir-tun\/meere-einsatzorte\/Europa\/\" target=\"_self\" rel=\"noopener noreferrer\">Tour mit der \u00abArctic Sunrise\u00bb<\/a>, haben wir in jedem besuchten Land, Fischereiminister auf unser Schiff eingeladen damit sie den kleingewerblichen Fischern Geh\u00f6r schenken. Soweit hat sich uns der rum\u00e4nische Minister angeschlossen, in Bulgarien hat uns der Vorsitzende der Fischereibeh\u00f6rde besucht. Hier in Griechenland, sowie in zahlreichen weiteren europ\u00e4ischen L\u00e4ndern, wo den kleingewerblichen Fischern bisher nicht viel Aufmerksamkeit geschenkt wurde, haben wir nicht einmal eine Antwort auf unsere Einladung erhalten.<br \/>Liebe Fischereiminister &#8211; Herr Tsaftaris, hier in Griechenland, Herr Canete in Spanien, Herr Cuvillier in Frankreich, haben Sie\u2019s geh\u00f6rt? Wenn Sie nicht zuh\u00f6ren und entsprechend handeln, werden kleingewerbliche Fischereien in Europa keine Zukunft haben \u2026<\/p>\n<p><strong>Die \u00abArctic Sunrise<em>\u00bb<\/em> und ihre Crew ist derzeit\u00a0<a href=\"http:\/\/www.greenpeace.org\/switzerland\/de\/Kampagnen\/Meer\/was-wir-tun\/meere-einsatzorte\/Europa\/\">entlang der europ\u00e4ischen K\u00fcsten<\/a>\u00a0unterwegs um kleingewerbliche Fischer zu unterst\u00fctzen und mit Politikern und der Fischereiindustrie in Dialog zu treten &#8211; f\u00fcr eine nachhaltige gemeinsame Fischereipolitik.<\/strong><\/p>\n<\/div>\n<\/div>\n<\/div>\n","protected":false},"excerpt":{"rendered":"<p>Die \u00abArctic Sunrise\u00bb im Kanal von Korinth \u00a9 Philip Reynaers \/ Greenpeace \u00a0 \u00abDie Politiker h\u00f6ren sowieso nicht zu\u2026\u00bb. Dies scheint die allgemeine Reaktion der Fischer hier in Griechenland zu&hellip;<\/p>\n","protected":false},"author":23,"featured_media":12675,"comment_status":"closed","ping_status":"open","sticky":false,"template":"","format":"standard","meta":{"_acf_changed":false,"_planet4_optimize_post_is_variant":false,"_planet4_optimize_experiment_name":"","_planet4_optimize_variant_name":"","ep_exclude_from_search":false,"p4_og_title":"","p4_og_description":"","p4_og_image":"","p4_og_image_id":"","p4_seo_canonical_url":"","p4_campaign_name":"","p4_local_project":"","p4_basket_name":"","p4_department":"","footnotes":""},"categories":[1],"tags":[41],"p4-page-type":[75],"gpch-article-type":[],"class_list":["post-12672","post","type-post","status-publish","format-standard","has-post-thumbnail","hentry","category-unkategorisiert","tag-meer","p4-page-type-story"],"acf":[],"_links":{"self":[{"href":"https:\/\/www.greenpeace.ch\/de\/wp-json\/wp\/v2\/posts\/12672","targetHints":{"allow":["GET"]}}],"collection":[{"href":"https:\/\/www.greenpeace.ch\/de\/wp-json\/wp\/v2\/posts"}],"about":[{"href":"https:\/\/www.greenpeace.ch\/de\/wp-json\/wp\/v2\/types\/post"}],"author":[{"embeddable":true,"href":"https:\/\/www.greenpeace.ch\/de\/wp-json\/wp\/v2\/users\/23"}],"replies":[{"embeddable":true,"href":"https:\/\/www.greenpeace.ch\/de\/wp-json\/wp\/v2\/comments?post=12672"}],"version-history":[{"count":0,"href":"https:\/\/www.greenpeace.ch\/de\/wp-json\/wp\/v2\/posts\/12672\/revisions"}],"wp:featuredmedia":[{"embeddable":true,"href":"https:\/\/www.greenpeace.ch\/de\/wp-json\/wp\/v2\/media\/12675"}],"wp:attachment":[{"href":"https:\/\/www.greenpeace.ch\/de\/wp-json\/wp\/v2\/media?parent=12672"}],"wp:term":[{"taxonomy":"category","embeddable":true,"href":"https:\/\/www.greenpeace.ch\/de\/wp-json\/wp\/v2\/categories?post=12672"},{"taxonomy":"post_tag","embeddable":true,"href":"https:\/\/www.greenpeace.ch\/de\/wp-json\/wp\/v2\/tags?post=12672"},{"taxonomy":"p4-page-type","embeddable":true,"href":"https:\/\/www.greenpeace.ch\/de\/wp-json\/wp\/v2\/p4-page-type?post=12672"},{"taxonomy":"gpch-article-type","embeddable":true,"href":"https:\/\/www.greenpeace.ch\/de\/wp-json\/wp\/v2\/gpch-article-type?post=12672"}],"curies":[{"name":"wp","href":"https:\/\/api.w.org\/{rel}","templated":true}]}}