{"id":12688,"date":"2013-04-23T00:00:00","date_gmt":"2013-04-22T22:00:00","guid":{"rendered":"https:\/\/master.greenpeace.ch\/beitrag\/12688\/bienensterben-wie-lange-ignoriert-syngenta-die-wissenschaft\/"},"modified":"2019-05-30T11:41:46","modified_gmt":"2019-05-30T09:41:46","slug":"bienensterben-wie-lange-ignoriert-syngenta-die-wissenschaft","status":"publish","type":"post","link":"https:\/\/www.greenpeace.ch\/de\/story\/12688\/bienensterben-wie-lange-ignoriert-syngenta-die-wissenschaft\/","title":{"rendered":"Bienensterben: Wie lange ignoriert Syngenta die Wissenschaft?"},"content":{"rendered":"<p>&nbsp;<\/p>\n<div class=\"post-content\">\n<div>\n<div class=\"events-box middle-box left\">\n<div class=\"frame\"><a class=\"open-img EnlargeImage\" title=\"\" href=\"https:\/\/www.greenpeace.ch\/static\/planet4-switzerland-stateless\/2019\/05\/d60ca8fe-d60ca8fe-bienensyngenta.jpg\"><br \/>\n<img decoding=\"async\" id=\"ctl00_cphContentArea_epiEntryContent_ctl00_ctl02_Image1\" class=\"Thumbnail\" style=\"border-width: 0px;\" src=\"https:\/\/www.greenpeace.ch\/static\/planet4-switzerland-stateless\/2019\/05\/d60ca8fe-d60ca8fe-bienensyngenta.jpg\" alt=\"\" \/><\/a>&nbsp;<\/p>\n<\/div>\n<div class=\"events-content\"><span class=\"date\">Mittwoch, 24. April 2013<\/span><br \/>\nBasel, 23. April 2013. An der heutigen Generalversammlung von Syngenta prangert Francesco Panella, Pr\u00e4sident der italienischen Imkervereinigung UNAAPI und Sprecher der European Beekeeping Coordination, den weltweit f\u00fchrenden Pestizidkonzern wegen seinem M<\/p>\n<\/div>\n<\/div>\n<p>Sechs Tage vor der EU-Abstimmung \u00fcber ein Verbot von Bienenkiller-Pestiziden hat Greenpeace heute zusammen mit Imkerinnen und Imkern die j\u00e4hrliche Generalversammlung des Basler Agrochemiekonzerns Syngenta besucht.<\/p>\n<p>Francesco Panella, Pr\u00e4sident der italienischen Imkervereinigung <a href=\"http:\/\/www.mieliditalia.it\/index.php\/en-fr-es-de\/english\">UNAAPI<\/a> und Sprecher der <a href=\"http:\/\/bee-life.eu\/en\/who\/\">European Beekeeping Coordination<\/a>, prangert in seiner Rede den weltweit f\u00fchrenden Pestizidkonzern wegen seinem Milliardengesch\u00e4ft mit dem Bienenkiller-Pestizid Thiamethoxam an. Er und Greenpeace fordern die EU- und Schweizer Politik auf, Thiamethoxam sofort zu verbieten.<\/p>\n<p><a href=\"http:\/\/bienensterben.ch\/\">Verschiedene Ursachen sind bekannt:<\/a> Neben Parasiten und Krankheiten, Klimawandel und einem R\u00fcckgang nat\u00fcrlicher Lebensr\u00e4ume sind Pestizide f\u00fcr das verheerende Bienensterben mitverantwortlich. Greenpeace-Landwirtschaftsexpertin Marianne K\u00fcnzle richtete ebenfalls das Wort an das Management und die Aktion\u00e4rinnen und Akion\u00e4re von Syngenta: \u00abEine wichtige und sofort umsetzbare Massnahme zum Schutz der Bienen ist ein Verbot der bienensch\u00e4dlichsten Pestizide. Diese f\u00fcr Bienen unzumutbare Gefahr muss sofort gebannt werden.\u00bb Sie sagte weiter: \u00abDas Bienensterben ist multifaktoriell. Und so muss es auch angegangen werden. Aus reiner Profitgier einen Faktor trotz wissenschaftlich eindeutiger Faktenlage nicht zu ber\u00fccksichtigen ist grobfahrl\u00e4ssig. Nichts weniger als die Vielfalt der globalen Nahrungsvielfalt steht auf dem Spiel!\u00bb Greenpeace fordert das Syngenta-Management zudem auf, <a href=\"http:\/\/corporateeurope.org\/pressreleases\/2013\/private-letters-reveal-syngenta-and-bayers-furious-lobbying-against-bee-pesticide\">sein aggressives Lobbying gegen den Schutz der Bienen <\/a>zu stoppen.<\/p>\n<p>Unterst\u00fctzung kriegten Panella und K\u00fcnzle von Imkerinnen und Imker sowie Umwelt-Aktivistinnen und -Aktivisten: Diese machten vor der St. Jakobshalle darauf aufmerksam, dass die Bienenkiller-Pestizide von Syngenta die Bienen und andere Best\u00e4ubertiere t\u00f6ten.<\/p>\n<p>Umfassende <a href=\"http:\/\/www.greenpeace.org\/switzerland\/de\/News_Stories\/Newsblog\/eu-studie-pestizide-bedrohen-die-existenz-der\/blog\/43686\/\">Studien der Europ\u00e4ischen Beh\u00f6rde f\u00fcr Lebensmittelsicherheit (EFSA)<\/a> sowie eine Mitte April ver\u00f6ffentlichte <a href=\"http:\/\/bienensterben.ch\/\">Greenpeace-Studie<\/a> belegen neben akuten Vergiftungserscheinungen, dass schon eine geringe Dosis bei Bienen zu Flug- und Navigationsproblemen f\u00fchrt, die Fortpflanzungsf\u00e4higkeit und die F\u00e4higkeit f\u00fcr eine effiziente Nahrungssuche reduziert sowie Bienenv\u00f6lker krankheits- oder parasitenanf\u00e4lliger machen kann. Weltweit sterben Bienen in besorgniserregendem Ausmass. Je nach Jahr und Region betr\u00e4gt die Sterblichkeit der Bienenv\u00f6lker bis zu 53 Prozent.<\/p>\n<p>Greenpeace nimmt das nicht hin und <a href=\"http:\/\/www.greenpeace.org\/switzerland\/de\/News_Stories\/Newsblog\/bienenschuetzerinnen-und-bienenschuetzer-klag\/blog\/44760\/\">schreitet aktiv gegen das Bienensterben ein<\/a>. \u00dcber <a href=\"http:\/\/www.greenpeace.org\/switzerland\/de\/News_Stories\/Newsblog\/ueber-80000-menschen-verlangen-vom-bundesrat-\/blog\/44067\/\">80&#8217;000 Menschen unterst\u00fctzen uns<\/a> dabei.<\/p>\n<\/div>\n<\/div>\n","protected":false},"excerpt":{"rendered":"<p>&nbsp; &nbsp; Mittwoch, 24. April 2013 Basel, 23. April 2013. An der heutigen Generalversammlung von Syngenta prangert Francesco Panella, Pr\u00e4sident der italienischen Imkervereinigung UNAAPI und Sprecher der European Beekeeping Coordination,&hellip;<\/p>\n","protected":false},"author":23,"featured_media":12690,"comment_status":"closed","ping_status":"open","sticky":false,"template":"","format":"standard","meta":{"_acf_changed":false,"_planet4_optimize_post_is_variant":false,"_planet4_optimize_experiment_name":"","_planet4_optimize_variant_name":"","ep_exclude_from_search":false,"p4_og_title":"","p4_og_description":"","p4_og_image":"","p4_og_image_id":"","p4_seo_canonical_url":"","p4_campaign_name":"","p4_local_project":"","p4_basket_name":"","p4_department":"","footnotes":""},"categories":[1],"tags":[33],"p4-page-type":[75],"gpch-article-type":[],"class_list":["post-12688","post","type-post","status-publish","format-standard","has-post-thumbnail","hentry","category-unkategorisiert","tag-ernaehrung","p4-page-type-story"],"acf":[],"_links":{"self":[{"href":"https:\/\/www.greenpeace.ch\/de\/wp-json\/wp\/v2\/posts\/12688","targetHints":{"allow":["GET"]}}],"collection":[{"href":"https:\/\/www.greenpeace.ch\/de\/wp-json\/wp\/v2\/posts"}],"about":[{"href":"https:\/\/www.greenpeace.ch\/de\/wp-json\/wp\/v2\/types\/post"}],"author":[{"embeddable":true,"href":"https:\/\/www.greenpeace.ch\/de\/wp-json\/wp\/v2\/users\/23"}],"replies":[{"embeddable":true,"href":"https:\/\/www.greenpeace.ch\/de\/wp-json\/wp\/v2\/comments?post=12688"}],"version-history":[{"count":0,"href":"https:\/\/www.greenpeace.ch\/de\/wp-json\/wp\/v2\/posts\/12688\/revisions"}],"wp:featuredmedia":[{"embeddable":true,"href":"https:\/\/www.greenpeace.ch\/de\/wp-json\/wp\/v2\/media\/12690"}],"wp:attachment":[{"href":"https:\/\/www.greenpeace.ch\/de\/wp-json\/wp\/v2\/media?parent=12688"}],"wp:term":[{"taxonomy":"category","embeddable":true,"href":"https:\/\/www.greenpeace.ch\/de\/wp-json\/wp\/v2\/categories?post=12688"},{"taxonomy":"post_tag","embeddable":true,"href":"https:\/\/www.greenpeace.ch\/de\/wp-json\/wp\/v2\/tags?post=12688"},{"taxonomy":"p4-page-type","embeddable":true,"href":"https:\/\/www.greenpeace.ch\/de\/wp-json\/wp\/v2\/p4-page-type?post=12688"},{"taxonomy":"gpch-article-type","embeddable":true,"href":"https:\/\/www.greenpeace.ch\/de\/wp-json\/wp\/v2\/gpch-article-type?post=12688"}],"curies":[{"name":"wp","href":"https:\/\/api.w.org\/{rel}","templated":true}]}}