{"id":12717,"date":"2013-04-04T00:00:00","date_gmt":"2013-04-03T22:00:00","guid":{"rendered":"https:\/\/master.greenpeace.ch\/beitrag\/12717\/aufwaermen-fuer-den-nordpol-wir-halten-unser-versprechen\/"},"modified":"2019-05-30T11:42:37","modified_gmt":"2019-05-30T09:42:37","slug":"aufwaermen-fuer-den-nordpol-wir-halten-unser-versprechen","status":"publish","type":"post","link":"https:\/\/www.greenpeace.ch\/de\/story\/12717\/aufwaermen-fuer-den-nordpol-wir-halten-unser-versprechen\/","title":{"rendered":"Aufw\u00e4rmen f\u00fcr den Nordpol &#8211; Wir halten unser Versprechen"},"content":{"rendered":"<p><b>Letzten Juni, als wir die Sch\u00fctzt die Arktis &#8211; Kampagne gestartet haben, gaben wir ein Versprechen ab: schliessen sich eine Million Menschen unserer Bewegung an, nehmen wir alle Namen mit zum Nordpol und verewigen sie in einer Kapsel unter dem Eis in 4000 Meter Tiefe. Als Zeichen unseres gemeinsamen Einsatzes f\u00fcr den Schutz der Arktis und als Zeichen, dass die Arktis allen Menschen geh\u00f6rt und nicht der Profitgier einzelner Staaten und \u00d6lkonzerne zum Opfer fallen darf.<\/b><\/p>\n<div class=\"post-content\">\n<div>\n<p>Letzten Juni, als wir die <a class=\"zoom\" href=\"http:\/\/www.savethearctic.org\/\" target=\"_blank\" rel=\"noopener noreferrer\"><em>Sch\u00fctzt die Arktis<\/em><\/a> &#8211; Kampagne gestartet haben, gaben wir ein Versprechen ab: schliessen sich eine Million Menschen unserer Bewegung an, nehmen wir alle Namen mit zum Nordpol und verewigen sie in einer Kapsel unter dem Eis in 4000 Meter Tiefe. Als Zeichen unseres gemeinsamen Einsatzes f\u00fcr den Schutz der Arktis und als Zeichen, dass die Arktis allen Menschen geh\u00f6rt und nicht der Profitgier einzelner Staaten und \u00d6lkonzerne zum Opfer fallen darf.<\/p>\n<p>Nach weniger als einem Monat war die Million erreicht. Und in den neun vergangenen Monaten hat sich die Zahl der Arktissch\u00fctzer und Arktisch\u00fctzerinnen verdreifacht.<\/p>\n<p>In ein paar Tagen macht sich nun eine <a title=\"Das Team\" href=\"http:\/\/www.greenpeace.org\/switzerland\/de\/Kampagnen\/Arktis\/Save-the-Arctic\/nordpol-expedition\/das-nordpol-expeditionsteam\/\">Gruppe von mutigen Abenteurern<\/a> auf den strapazi\u00f6sen Weg, den gefrorenen arktischen Ozean zu \u00fcberqueren, um das Versprechen in die Tat umzusetzen &#8211; ein Versprechen an die bereits auf fast drei Millionen Menschen angewachsene Bewegung und ein Versprechen an die Arktis.<\/p>\n<p>Lernen Sie in diesem Video &#8211; gedreht von einer Oscar-nominierten Agentur aus Los Angeles, den Arktis-Sch\u00fctzerInnen und <a class=\"zoom\" href=\"http:\/\/dirtyrobber.com\/\" target=\"_blank\" rel=\"noopener noreferrer\">Dirty Robber<\/a> &#8211; die jungen Abenteurer kennen und erfahren Sie mehr \u00fcber ihre ungew\u00f6hnliche Mission.<\/p>\n<p><iframe loading=\"lazy\" width=\"600\" height=\"338\" src=\"https:\/\/www.youtube.com\/embed\/sGi0a9PBLeo?rel=0\" frameborder=\"0\" allowfullscreen=\"\"><\/iframe>\u00a0<\/p>\n<p>Begleiten Sie <a title=\"Kiera\" href=\"http:\/\/www.greenpeace.org\/switzerland\/de\/Kampagnen\/Arktis\/Save-the-Arctic\/nordpol-expedition\/das-nordpol-expeditionsteam\/#a3\" target=\"_blank\" rel=\"noopener noreferrer\">Kiera<\/a>, <a title=\"josephina\" href=\"http:\/\/www.greenpeace.org\/switzerland\/de\/Kampagnen\/Arktis\/Save-the-Arctic\/nordpol-expedition\/das-nordpol-expeditionsteam\/#a2\" target=\"_blank\" rel=\"noopener noreferrer\">Josephina<\/a>, <a title=\"renny\" href=\"http:\/\/www.greenpeace.org\/switzerland\/de\/Kampagnen\/Arktis\/Save-the-Arctic\/nordpol-expedition\/das-nordpol-expeditionsteam\/#a1\" target=\"_blank\" rel=\"noopener noreferrer\">Renny<\/a> und <a title=\"ezra\" href=\"http:\/\/www.greenpeace.org\/switzerland\/de\/Kampagnen\/Arktis\/Save-the-Arctic\/nordpol-expedition\/das-nordpol-expeditionsteam\/#a0\" target=\"_blank\" rel=\"noopener noreferrer\">Ezra<\/a> auf ihrer Reise auf <a class=\"zoom\" href=\"http:\/\/www.savethearctic.org\/\" target=\"_blank\" rel=\"noopener noreferrer\">savethearctic.org<\/a><span class=\"zoom\"> <\/span><span class=\"zoom\">und werden auch Sie zum Arktissch\u00fctzer oder zur Arktissch\u00fczterin.<\/span><\/p>\n<p><strong>Bitte teilen Sie die Expedition auch mit m\u00f6glichst vielen Freunden und ihrer Familie!<\/strong><\/p>\n<p><strong>\u00a0<a target=\"_blank\" href=\"http:\/\/www.facebook.com\/sharer.php?u=%20http:\/\/www.greenpeace.org\/switzerland\/de\/News_Stories\/Newsblog\/aufwaermen-fuer-den-nordpol-um-unser-versprec\/blog\/44577\/\" title=\"Share this webpage on Facebook\" rel=\"noopener noreferrer\"><img decoding=\"async\" src=\"%E2%80%9Dhttp:\/\/www.greenpeace.orghttps:\/\/www.greenpeace.ch\/wp-content\/uploads\/2017\/01\/fbbutton.png%E2%80%9D\">Auf Facebook teilen<\/a>\u00a0<\/strong><\/p>\n<\/div>\n<\/div>\n","protected":false},"excerpt":{"rendered":"<p>Letzten Juni, als wir die Sch\u00fctzt die Arktis &#8211; Kampagne gestartet haben, gaben wir ein Versprechen ab: schliessen sich eine Million Menschen unserer Bewegung an, nehmen wir alle Namen mit&hellip;<\/p>\n","protected":false},"author":23,"featured_media":0,"comment_status":"closed","ping_status":"open","sticky":false,"template":"","format":"standard","meta":{"_acf_changed":false,"_planet4_optimize_post_is_variant":false,"_planet4_optimize_experiment_name":"","_planet4_optimize_variant_name":"","ep_exclude_from_search":false,"p4_og_title":"","p4_og_description":"","p4_og_image":"","p4_og_image_id":"","p4_seo_canonical_url":"","p4_campaign_name":"","p4_local_project":"","p4_basket_name":"","p4_department":"","footnotes":""},"categories":[1],"tags":[41],"p4-page-type":[75],"gpch-article-type":[],"class_list":["post-12717","post","type-post","status-publish","format-standard","hentry","category-unkategorisiert","tag-meer","p4-page-type-story"],"acf":[],"_links":{"self":[{"href":"https:\/\/www.greenpeace.ch\/de\/wp-json\/wp\/v2\/posts\/12717","targetHints":{"allow":["GET"]}}],"collection":[{"href":"https:\/\/www.greenpeace.ch\/de\/wp-json\/wp\/v2\/posts"}],"about":[{"href":"https:\/\/www.greenpeace.ch\/de\/wp-json\/wp\/v2\/types\/post"}],"author":[{"embeddable":true,"href":"https:\/\/www.greenpeace.ch\/de\/wp-json\/wp\/v2\/users\/23"}],"replies":[{"embeddable":true,"href":"https:\/\/www.greenpeace.ch\/de\/wp-json\/wp\/v2\/comments?post=12717"}],"version-history":[{"count":0,"href":"https:\/\/www.greenpeace.ch\/de\/wp-json\/wp\/v2\/posts\/12717\/revisions"}],"wp:attachment":[{"href":"https:\/\/www.greenpeace.ch\/de\/wp-json\/wp\/v2\/media?parent=12717"}],"wp:term":[{"taxonomy":"category","embeddable":true,"href":"https:\/\/www.greenpeace.ch\/de\/wp-json\/wp\/v2\/categories?post=12717"},{"taxonomy":"post_tag","embeddable":true,"href":"https:\/\/www.greenpeace.ch\/de\/wp-json\/wp\/v2\/tags?post=12717"},{"taxonomy":"p4-page-type","embeddable":true,"href":"https:\/\/www.greenpeace.ch\/de\/wp-json\/wp\/v2\/p4-page-type?post=12717"},{"taxonomy":"gpch-article-type","embeddable":true,"href":"https:\/\/www.greenpeace.ch\/de\/wp-json\/wp\/v2\/gpch-article-type?post=12717"}],"curies":[{"name":"wp","href":"https:\/\/api.w.org\/{rel}","templated":true}]}}