{"id":12736,"date":"2013-04-02T00:00:00","date_gmt":"2013-04-01T22:00:00","guid":{"rendered":"https:\/\/master.greenpeace.ch\/beitrag\/12736\/energieautarke-abendbeleuchtung-auf-der-stadionbrache\/"},"modified":"2019-05-30T11:43:18","modified_gmt":"2019-05-30T09:43:18","slug":"energieautarke-abendbeleuchtung-auf-der-stadionbrache","status":"publish","type":"post","link":"https:\/\/www.greenpeace.ch\/de\/story\/12736\/energieautarke-abendbeleuchtung-auf-der-stadionbrache\/","title":{"rendered":"Energieautarke Abendbeleuchtung auf der Stadionbrache"},"content":{"rendered":"<p><b><\/b><\/p>\n<div class=\"post-content\">\n<div>\n<div class=\"events-box middle-box left\">\n<div class=\"frame\">\n        <a class=\"open-img EnlargeImage\" href=\"\/switzerland\/Global\/switzerland\/photos\/jugendsolar\/2013\/Maerz_Stadionbrache\/IMG_0566.JPG\" title=\"\"><br \/>\n            <img decoding=\"async\" id=\"ctl00_cphContentArea_epiEntryContent_ctl00_ctl02_Image1\" class=\"Thumbnail\" src=\"https:\/\/www.greenpeace.ch\/static\/planet4-switzerland-stateless\/2019\/05\/f4e03254-f4e03254-img_0566.jpg\" alt=\"\" style=\"border-width:0px;\"><\/p>\n<p>        <\/a>\n    <\/div>\n<div class=\"events-content\">\n        <span class=\"date\">Donnerstag, 28. M\u00e4rz 2013<\/span><br \/>\n        <strong><\/strong><\/p>\n<p>\n            Pfadikinder beim Bau der Anlage\n        <\/p>\n<\/p>\n<\/div>\n<\/div>\n<p>Kurz vor Ostern hat Jugendsolar by Greenpeace eine kleine Inselanlage auf der <a href=\"http:\/\/www.stadionbrache.ch\/\">Stadionbrache<\/a> in Z\u00fcrich realisiert. An einem nicht allzu sonnigen Samstag waren ca. 30 Jugendliche aus drei lokalen Pfadigruppen auf dem Areal des ehemaligen Stadions beim Hardturm zu Besuch und setzten sich mit Sonnenenergie auseinander.<\/p>\n<p>Mit viel Energie bauten die Jugendlichen zwei Holzger\u00fcste f\u00fcr Solarpanels, die anschliessend auf dem Container des Stadiongartens montiert wurden. Im Container wurde eine selbstgezimmerte Kiste installiert, in der sich zwei grosse Batterien befinden. Diese werden an sonnigen Tagen aufgeladen und sorgen abends f\u00fcr Beleuchtung auf dem Gartenareal und beim Skatepark.<\/p>\n<p>Neben den Holzarbeiten besch\u00e4ftigten sich die Pfadis mit dem Vergraben des Verl\u00e4ngerungskabels zum Skatepark, dem Basteln von Taschen-Sonnenuhren, dem Bemalen von Tont\u00f6pfen f\u00fcr Sonnenblumen oder mit dem Zubereiten von Milkshakes mit Muskelkraft \u2013 auf einem Velo-Home-Trainer mit Generator und Bechermixer.<\/p>\n<p>Mit der Anlage k\u00f6nnen Mitglieder des Vereins Brotoloco nun auch abends Teig kneten und Brot backen. Auch die Skater k\u00f6nnen am Wochenende mittels effizienter LED-Lichttechnik ihren Skatepark zum Leuchten bringen. Da auf der Brache kein Stromanschluss vorhanden ist, war das vorher nicht m\u00f6glich.<\/p>\n<p>Zur Anlage:<\/p>\n<ul>\n<li>Leistung: max. 380 W<\/li>\n<li>Kapazit\u00e4t: 3.1 kWh<\/li>\n<li>Autarkie: min. 1 Woche<\/li>\n<\/ul>\n<div class=\"events-box middle-box left\">\n<div class=\"frame\">\n        <a class=\"open-img EnlargeImage\" href=\"\/switzerland\/Global\/switzerland\/photos\/jugendsolar\/2013\/Maerz_Stadionbrache\/IMG_0526.JPG\" title=\"\"><br \/>\n            <img decoding=\"async\" id=\"ctl00_cphContentArea_epiEntryContent_ctl00_ctl04_Image1\" class=\"Thumbnail\" src=\"https:\/\/www.greenpeace.ch\/static\/planet4-switzerland-stateless\/2019\/05\/d682b362-d682b362-img_0526.jpg\" alt=\"\" style=\"border-width:0px;\"><\/p>\n<p>        <\/a>\n    <\/div>\n<div class=\"events-content\">\n        <span class=\"date\">Donnerstag, 28. M\u00e4rz 2013<\/span><br \/>\n        <strong><\/strong><\/p>\n<p>\n            Taschen-Sonnenuhr im Eigenbau\n        <\/p>\n<\/p>\n<\/div>\n<\/div>\n<p>\u00a0<\/p>\n<div class=\"events-box middle-box left\">\n<div class=\"frame\">\n        <a class=\"open-img EnlargeImage\" href=\"\/switzerland\/Global\/switzerland\/photos\/jugendsolar\/2013\/Maerz_Stadionbrache\/IMG_0585.JPG\" title=\"\"><br \/>\n            <img decoding=\"async\" id=\"ctl00_cphContentArea_epiEntryContent_ctl00_ctl06_Image1\" class=\"Thumbnail\" src=\"https:\/\/www.greenpeace.ch\/static\/planet4-switzerland-stateless\/2019\/05\/6387d706-6387d706-img_0585.jpg\" alt=\"\" style=\"border-width:0px;\"><\/p>\n<p>        <\/a>\n    <\/div>\n<div class=\"events-content\">\n        <span class=\"date\">Donnerstag, 28. M\u00e4rz 2013<\/span><br \/>\n        <strong><\/strong><\/p>\n<p>\n            Panels auf dem Container-Dach\n        <\/p>\n<\/p>\n<\/div>\n<\/div>\n<p>\u00a0\n<\/p>\n<\/div>\n<\/div>\n","protected":false},"excerpt":{"rendered":"<p>Donnerstag, 28. M\u00e4rz 2013 Pfadikinder beim Bau der Anlage Kurz vor Ostern hat Jugendsolar by Greenpeace eine kleine Inselanlage auf der Stadionbrache in Z\u00fcrich realisiert. An einem nicht allzu sonnigen&hellip;<\/p>\n","protected":false},"author":23,"featured_media":12738,"comment_status":"closed","ping_status":"open","sticky":false,"template":"","format":"standard","meta":{"_acf_changed":false,"_planet4_optimize_post_is_variant":false,"_planet4_optimize_experiment_name":"","_planet4_optimize_variant_name":"","ep_exclude_from_search":false,"p4_og_title":"","p4_og_description":"","p4_og_image":"","p4_og_image_id":"","p4_seo_canonical_url":"","p4_campaign_name":"","p4_local_project":"","p4_basket_name":"","p4_department":"","footnotes":""},"categories":[1],"tags":[50],"p4-page-type":[75],"gpch-article-type":[],"class_list":["post-12736","post","type-post","status-publish","format-standard","has-post-thumbnail","hentry","category-unkategorisiert","tag-klima","p4-page-type-story"],"acf":[],"_links":{"self":[{"href":"https:\/\/www.greenpeace.ch\/de\/wp-json\/wp\/v2\/posts\/12736","targetHints":{"allow":["GET"]}}],"collection":[{"href":"https:\/\/www.greenpeace.ch\/de\/wp-json\/wp\/v2\/posts"}],"about":[{"href":"https:\/\/www.greenpeace.ch\/de\/wp-json\/wp\/v2\/types\/post"}],"author":[{"embeddable":true,"href":"https:\/\/www.greenpeace.ch\/de\/wp-json\/wp\/v2\/users\/23"}],"replies":[{"embeddable":true,"href":"https:\/\/www.greenpeace.ch\/de\/wp-json\/wp\/v2\/comments?post=12736"}],"version-history":[{"count":0,"href":"https:\/\/www.greenpeace.ch\/de\/wp-json\/wp\/v2\/posts\/12736\/revisions"}],"wp:featuredmedia":[{"embeddable":true,"href":"https:\/\/www.greenpeace.ch\/de\/wp-json\/wp\/v2\/media\/12738"}],"wp:attachment":[{"href":"https:\/\/www.greenpeace.ch\/de\/wp-json\/wp\/v2\/media?parent=12736"}],"wp:term":[{"taxonomy":"category","embeddable":true,"href":"https:\/\/www.greenpeace.ch\/de\/wp-json\/wp\/v2\/categories?post=12736"},{"taxonomy":"post_tag","embeddable":true,"href":"https:\/\/www.greenpeace.ch\/de\/wp-json\/wp\/v2\/tags?post=12736"},{"taxonomy":"p4-page-type","embeddable":true,"href":"https:\/\/www.greenpeace.ch\/de\/wp-json\/wp\/v2\/p4-page-type?post=12736"},{"taxonomy":"gpch-article-type","embeddable":true,"href":"https:\/\/www.greenpeace.ch\/de\/wp-json\/wp\/v2\/gpch-article-type?post=12736"}],"curies":[{"name":"wp","href":"https:\/\/api.w.org\/{rel}","templated":true}]}}