{"id":12752,"date":"2013-03-20T00:00:00","date_gmt":"2013-03-19T22:00:00","guid":{"rendered":"https:\/\/master.greenpeace.ch\/beitrag\/12752\/schutz-der-arktis-flagge-der-zukunft-nimmt-gestalt-an\/"},"modified":"2022-03-31T13:19:09","modified_gmt":"2022-03-31T11:19:09","slug":"schutz-der-arktis-flagge-der-zukunft-nimmt-gestalt-an","status":"publish","type":"post","link":"https:\/\/www.greenpeace.ch\/de\/story\/12752\/schutz-der-arktis-flagge-der-zukunft-nimmt-gestalt-an\/","title":{"rendered":"Schutz der Arktis: \u00abFlagge der Zukunft\u00bb nimmt Gestalt an"},"content":{"rendered":"<p><b>Die Jurorinnen Vivienne Westwood, Hilary Tam und Aishah Morshed, eine Pfadfinderin aus Irland, pr\u00e4sentieren das Gewinner-Design. \u00a9 Vicki Couchman \/ Greenpeac<\/b><\/p>\n<div class=\"post-content\">\n<div class=\"leader\">\n<p>Zusammen mit dem Weltverband der Pfadfinderinnen rief Greenpeace im November den Design-Wettbewerb ins Leben, mit dem ein Symbol f\u00fcr die Jugend der Welt geschaffen werden sollte. Unter den insgesamt 800 Einsendungen hat eine Jury &#8211; der Modeikone Vivienne Westwood angeh\u00f6rt &#8211; jetzt den Entwurf von Sarah Batrisya, einer 13-j\u00e4hrigen Pfadfinderin aus Malaysia, als Siegermotiv ausgezeichnet.<\/p>\n<p>Mit den besten achtzehn Beitr\u00e4gen wird Greenpeace im April zu einer Expedition in die Arktis aufbrechen, wo diese im Rahmen eines besonderen Zeremoniells nochmals pr\u00e4sentiert werden. Der Siegerentwurf wird anschliessend zusammen mit den Namen von fast drei Millionen Unterst\u00fctzerinnen und Unterst\u00fctzern, die auf der Petitionsseite <a class=\"zoom\" href=\"http:\/\/www.savethearctic.org\/\" target=\"_blank\" rel=\"noopener noreferrer\">savethearctic.org<\/a> f\u00fcr den Schutz der Arktis unterzeichnet haben, am Meeresgrund befestigt.<\/p>\n<h4>Die Arktis ist bedroht von Klimawandel und industrieller Ausbeutung<\/h4>\n<p>Viele Anrainerstaaten machen territoriale Anspr\u00fcche auf die Arktis geltend, um sich die dort vermuteten Rohstoffe zu sichern. \u00d6lkonzerne wie Shell planen im grossen Massstab die Ausbeutung der Erd\u00f6lvorkommen in diesem einzigartigen und besonders sensiblen \u00d6kosystem. Gewinnerin Sarah hat in ihrem Entwurf ein pr\u00e4gnantes Bild daf\u00fcr gefunden, dass die Arktis allen Menschen auf der Welt geh\u00f6rt &#8211; und nicht einzelnen Staaten oder Unternehmen: Sieben Tauben in ihrem Entwurf stehen f\u00fcr die sieben Kontinente, in ihren Schn\u00e4beln halten sie einen Loorbeerkranz, der den Schutz der Arktis repr\u00e4sentiert.<\/p>\n<div class=\"events-box middle-box right\">\n<div class=\"frame\"><a class=\"open-img EnlargeImage\" title=\"\" href=\"http:\/\/www.greenpeace.org\/austria\/Global\/austria\/fotos\/allgemein\/klima\/arktis\/flagge-der-zukunft.jpg\"> <img decoding=\"async\" id=\"ctl00_cphContentArea_Property3_ctl00_ctl04_Image1\" class=\"Thumbnail\" style=\"border-width: 0px;\" src=\"http:\/\/www.greenpeace.org\/austria\/ReSizes\/Medium\/Global\/austria\/fotos\/allgemein\/klima\/arktis\/flagge-der-zukunft.jpg\" alt=\"\" \/><\/a>Sarah Batrisyias Siegerentwurf beim Wettbewerb \u00abFlagge der Zukunft\u00bb<\/p>\n<\/div>\n<\/div>\n<p><em>\u00abDie Kreativit\u00e4t der Jugend ist eines der m\u00e4chtigsten Instrumente, die wir haben um eine bessere Welt zu schaffen\u00bb<\/em>, so Jurorin Vivienne Westwood. <em><em>\u00ab<\/em>Der Siegerentwurf f\u00fcr die Flagge der Zukunft ist ein fantastisches Symbol f\u00fcr Frieden, Hoffnung und globaler Gemeinschaft. Ich bin stolz, dass sie nun mit zum Nordpol kommt.\u00bb<\/em><\/p>\n<p>Aus Sarahs Entwurf wird eine Flagge aus Titan angefertigt, die zusammen mit den Unterschriften der Arktissch\u00fctzerinnen und Arktissch\u00fctzer vier Kilometer unter der Wasseroberfl\u00e4che befestigt wird &#8211; vielleicht ja nicht unweit der Flagge, die Russland im Jahr 2007 in der Arktis versenkt hat, um Besitzanspr\u00fcche anzumelden.<\/p>\n<p>Das Interesse der Konzerne und Staaten an der Arktis ist durch die globale Erw\u00e4rmung noch verst\u00e4rkt worden. Durch das Abschmelzen des arktischen Meereis entstehen neue Seefahrtsrouten und die Bodensch\u00e4tze vormals unerreichbarer Regionen werden pl\u00f6tzlich zug\u00e4nglich.<\/p>\n<\/div>\n<\/div>\n","protected":false},"excerpt":{"rendered":"<p>Die Jurorinnen Vivienne Westwood, Hilary Tam und Aishah Morshed, eine Pfadfinderin aus Irland, pr\u00e4sentieren das Gewinner-Design. \u00a9 Vicki Couchman \/ Greenpeace Mittwoch, 20. M\u00e4rz 2013 Die Jurorinnen Vivienne Westwood, Hilary&hellip;<\/p>\n","protected":false},"author":23,"featured_media":12754,"comment_status":"closed","ping_status":"open","sticky":false,"template":"","format":"standard","meta":{"_acf_changed":false,"_planet4_optimize_post_is_variant":false,"_planet4_optimize_experiment_name":"","_planet4_optimize_variant_name":"","ep_exclude_from_search":false,"p4_og_title":"","p4_og_description":"","p4_og_image":"","p4_og_image_id":"","p4_seo_canonical_url":"","p4_campaign_name":"not set","p4_local_project":"not set","p4_basket_name":"not set","p4_department":"","footnotes":""},"categories":[1],"tags":[41],"p4-page-type":[75],"gpch-article-type":[],"class_list":["post-12752","post","type-post","status-publish","format-standard","has-post-thumbnail","hentry","category-unkategorisiert","tag-meer","p4-page-type-story"],"acf":[],"_links":{"self":[{"href":"https:\/\/www.greenpeace.ch\/de\/wp-json\/wp\/v2\/posts\/12752","targetHints":{"allow":["GET"]}}],"collection":[{"href":"https:\/\/www.greenpeace.ch\/de\/wp-json\/wp\/v2\/posts"}],"about":[{"href":"https:\/\/www.greenpeace.ch\/de\/wp-json\/wp\/v2\/types\/post"}],"author":[{"embeddable":true,"href":"https:\/\/www.greenpeace.ch\/de\/wp-json\/wp\/v2\/users\/23"}],"replies":[{"embeddable":true,"href":"https:\/\/www.greenpeace.ch\/de\/wp-json\/wp\/v2\/comments?post=12752"}],"version-history":[{"count":0,"href":"https:\/\/www.greenpeace.ch\/de\/wp-json\/wp\/v2\/posts\/12752\/revisions"}],"wp:featuredmedia":[{"embeddable":true,"href":"https:\/\/www.greenpeace.ch\/de\/wp-json\/wp\/v2\/media\/12754"}],"wp:attachment":[{"href":"https:\/\/www.greenpeace.ch\/de\/wp-json\/wp\/v2\/media?parent=12752"}],"wp:term":[{"taxonomy":"category","embeddable":true,"href":"https:\/\/www.greenpeace.ch\/de\/wp-json\/wp\/v2\/categories?post=12752"},{"taxonomy":"post_tag","embeddable":true,"href":"https:\/\/www.greenpeace.ch\/de\/wp-json\/wp\/v2\/tags?post=12752"},{"taxonomy":"p4-page-type","embeddable":true,"href":"https:\/\/www.greenpeace.ch\/de\/wp-json\/wp\/v2\/p4-page-type?post=12752"},{"taxonomy":"gpch-article-type","embeddable":true,"href":"https:\/\/www.greenpeace.ch\/de\/wp-json\/wp\/v2\/gpch-article-type?post=12752"}],"curies":[{"name":"wp","href":"https:\/\/api.w.org\/{rel}","templated":true}]}}