{"id":12761,"date":"2013-03-19T00:00:00","date_gmt":"2013-03-18T22:00:00","guid":{"rendered":"https:\/\/master.greenpeace.ch\/beitrag\/12761\/us-behoerden-kritisieren-shells-arktis-projekt\/"},"modified":"2019-05-30T11:44:02","modified_gmt":"2019-05-30T09:44:02","slug":"us-behoerden-kritisieren-shells-arktis-projekt","status":"publish","type":"post","link":"https:\/\/www.greenpeace.ch\/de\/story\/12761\/us-behoerden-kritisieren-shells-arktis-projekt\/","title":{"rendered":"US-Beh\u00f6rden kritisieren Shells Arktis-Projekt"},"content":{"rendered":"<p><b><\/b><\/p>\n<div class=\"post-content\">\n<div>\n<div class=\"events-box middle-box left\">\n<div class=\"frame\">\n        <a class=\"open-img EnlargeImage\" href=\"https:\/\/www.greenpeace.ch\/static\/planet4-switzerland-stateless\/2019\/05\/0d0c3e7e-0d0c3e7e-130319_shell_davos.jpg\" title=\"\"><br \/>\n            <img decoding=\"async\" id=\"ctl00_cphContentArea_epiEntryContent_ctl00_ctl02_Image1\" class=\"Thumbnail\" src=\"https:\/\/www.greenpeace.ch\/static\/planet4-switzerland-stateless\/2019\/05\/0d0c3e7e-0d0c3e7e-130319_shell_davos.jpg\" alt=\"\" style=\"border-width:0px;\"><\/p>\n<p>        <\/a>\n    <\/div>\n<div class=\"events-content\">\n        <span class=\"date\">Dienstag, 19. M\u00e4rz 2013<\/span><br \/>\n        <strong><\/strong><\/p>\n<p>\n            Davos, 25. Januar 2013: Greenpeace-Aktivistinnen und Aktivisten besetzen Shell-Tankstelle. \u00a9 Greenpeace \/ Jacob Balzani L\u00f6\u00f6v\n        <\/p>\n<\/p>\n<\/div>\n<\/div>\n<p>Das <abbr title=\"United States of America\" lang=\"en\">US<\/abbr>-Innenministerium stellt dem Arktis-Projekt des \u00d6lkonzerns Shell ein mieses Zeugnis aus. <a href=\"http:\/\/www.greenpeace.org\/switzerland\/de\/News_Stories\/Newsblog\/safety-last-shells-notfall-haube-zerquetscht-\/blog\/43356\/\">Eine nach einer Serie von Pannen <\/a>notwendig gewordene sechzigt\u00e4gige Untersuchung offenbart: Shell ist nicht dazu in der Lage, in der Arktis sichere \u00d6lbohrungen durchzuf\u00fchren.<\/p>\n<p><a href=\"http:\/\/www.doi.gov\/news\/pressreleases\/upload\/Shell-report-3-8-13-Final.pdf\">Der Bericht<\/a> deckt auf, dass der \u00d6lkonzern sein Arktis-Projekt trotz Kenntnissen \u00fcber technische M\u00e4ngel vorangetrieben hat. Das US-Innenministerium stellt fest, dass Shell<dfn title=\"\u00d6lkonzern\"><\/dfn> sein Bohrprogramm in der Arktis im letzten Jahr \u00abmit substantiellen Unsicherheiten \u00fcber entscheidende Systeme wie das ACS (Sicherheitsbeh\u00e4lter zum Auffangen von \u00d6l nach einem Unfall) und die Kontrolle der Luftschadstoffemissionen\u00bb aufgenommen hat. Shell<dfn title=\"\u00d6lkonzern\"><\/dfn> ist den Planungsm\u00e4ngeln demnach mit improvisierten Massnahmen begegnet.<\/p>\n<p>Der Bericht findet zun\u00e4chst zwar lobende Worte f\u00fcr Shells Wettervorhersagesystem, f\u00fcgt aber einschr\u00e4nkend hinzu, dass das System die Havarie der Bohrplattform Kulluk nicht verhindern konnte. Dadurch ist die Frage aufgeworfen, ob es \u00fcberhaupt ein Wettervorhersagesystem gibt, das das Risiko f\u00fcr Arbeiten im Arktischen Ozean effektiv verringern k\u00f6nnte &#8211; geschweige denn vermeiden.<\/p>\n<p>Die <abbr title=\"United States of America\" lang=\"en\">US<\/abbr>-Regierung hatte sich zu einer <a href=\"http:\/\/blog.greenpeace.de\/blog\/2013\/01\/09\/us-innenministerium-uberpruft-shells-arktis-projekt\/\">erneuten \u00dcberpr\u00fcfung des Arktis-Projekts<\/a> von Shell<dfn title=\"\u00d6lkonzern\"><\/dfn> entschieden, <a href=\"http:\/\/www.greenpeace.org\/switzerland\/de\/News_Stories\/Newsblog\/erneuter-shell-unfall-in-der-arktis\/blog\/43541\/\">nachdem sich die Bohrinsel Kulluk am Silvesterabend 2012 bei schwerer See von ihrem Schlepper losgerissen hatte und auf Grund gelaufen war. <\/a>Bereits im Juli hatte sich auch das Bohrschiff Noble Discoverer von seinem Ankerplatz gel\u00f6st und war vor der K\u00fcste Alaskas gestrandet. Eine beh\u00f6rdliche Inspektion des Schiffes im November f\u00f6rderte mehr als ein Dutzend M\u00e4ngel zutage. Beide Bohreinheiten sollen nun in Werften in Asien repariert werden.<\/p>\n<p>2012 konnte Shell<dfn title=\"\u00d6lkonzern\"><\/dfn> in der Arktis nur oberfl\u00e4chliche Bohrungen durchf\u00fchren, da die zust\u00e4ndigen <abbr title=\"United States of America\" lang=\"en\">US<\/abbr>-Beh\u00f6rden die Genehmigung f\u00fcr Bohrungen in \u00f6lf\u00fchrende Schichten nicht erteilt hatten. Nach dem f\u00fcr ihn v\u00f6llig missratenen Jahr 2012 hat der Konzern k\u00fcrzlich erkl\u00e4rt, 2013 auf <a href=\"http:\/\/www.greenpeace.org\/switzerland\/de\/News_Stories\/Newsblog\/shell-verzichtet-2013-auf-das-bohren-in-der-a\/blog\/44133\/\">weitere Bohrungen in der Arktis zu verzichten<\/a>. Das Unternehmen will jedoch zu einem sp\u00e4teren Zeitpunkt wieder zu Bohrungen in die Arktis zur\u00fcckkehren. <span lang=\"en\">Greenpeace<\/span> verlangt von <abbr title=\"United States of America\" lang=\"en\">US<\/abbr>-Pr\u00e4sident Obama, endlich ein Machtwort zu sprechen und Shells Arktis-Projekt endg\u00fcltig zu stoppen. Mit einer <a href=\"http:\/\/www.greenpeace.org\/switzerland\/de\/Kampagnen\/Arktis\/Save-the-Arctic\/save-the-arctic\/forderung-an-us-praesident-obama\/\">Protestmail an Obama<\/a> k\u00f6nnen Sie diese Forderung unterst\u00fctzen.<\/p>\n<p>Die Faktenlage nach der Bewertung durch das <abbr title=\"United States of America\" lang=\"en\">US<\/abbr>-Innenministerium l\u00e4sst Pr\u00e4sident Obama eigentlich keine andere Wahl: Er muss jetzt ein Verbot gegen \u00d6lbohrungen in der Arktis aussprechen. \u00abDurch das ganze Shell-Bohrprogramm zieht sich eine Serie schwerwiegender Fehler und Unf\u00e4lle. <abbr title=\"United States of America\" lang=\"en\">US<\/abbr>-Pr\u00e4sident Barack Obama muss jetzt daraus die Konsequenzen ziehen und jegliche \u00d6lbohrungen in der Arktis verbieten. Nur so kann dieses sensible \u00d6kosystem dauerhaft gesch\u00fctzt werden\u00bb, sagt Greenpeace-\u00d6lexperte J\u00f6rg Feddern.<\/p>\n<p>\u00a0<\/p>\n<\/div>\n<\/div>\n","protected":false},"excerpt":{"rendered":"<p>Dienstag, 19. M\u00e4rz 2013 Davos, 25. Januar 2013: Greenpeace-Aktivistinnen und Aktivisten besetzen Shell-Tankstelle. \u00a9 Greenpeace \/ Jacob Balzani L\u00f6\u00f6v Das US-Innenministerium stellt dem Arktis-Projekt des \u00d6lkonzerns Shell ein mieses Zeugnis&hellip;<\/p>\n","protected":false},"author":23,"featured_media":12763,"comment_status":"closed","ping_status":"open","sticky":false,"template":"","format":"standard","meta":{"_acf_changed":false,"_planet4_optimize_post_is_variant":false,"_planet4_optimize_experiment_name":"","_planet4_optimize_variant_name":"","ep_exclude_from_search":false,"p4_og_title":"","p4_og_description":"","p4_og_image":"","p4_og_image_id":"","p4_seo_canonical_url":"","p4_campaign_name":"","p4_local_project":"","p4_basket_name":"","p4_department":"","footnotes":""},"categories":[1],"tags":[41],"p4-page-type":[75],"gpch-article-type":[],"class_list":["post-12761","post","type-post","status-publish","format-standard","has-post-thumbnail","hentry","category-unkategorisiert","tag-meer","p4-page-type-story"],"acf":[],"_links":{"self":[{"href":"https:\/\/www.greenpeace.ch\/de\/wp-json\/wp\/v2\/posts\/12761","targetHints":{"allow":["GET"]}}],"collection":[{"href":"https:\/\/www.greenpeace.ch\/de\/wp-json\/wp\/v2\/posts"}],"about":[{"href":"https:\/\/www.greenpeace.ch\/de\/wp-json\/wp\/v2\/types\/post"}],"author":[{"embeddable":true,"href":"https:\/\/www.greenpeace.ch\/de\/wp-json\/wp\/v2\/users\/23"}],"replies":[{"embeddable":true,"href":"https:\/\/www.greenpeace.ch\/de\/wp-json\/wp\/v2\/comments?post=12761"}],"version-history":[{"count":0,"href":"https:\/\/www.greenpeace.ch\/de\/wp-json\/wp\/v2\/posts\/12761\/revisions"}],"wp:featuredmedia":[{"embeddable":true,"href":"https:\/\/www.greenpeace.ch\/de\/wp-json\/wp\/v2\/media\/12763"}],"wp:attachment":[{"href":"https:\/\/www.greenpeace.ch\/de\/wp-json\/wp\/v2\/media?parent=12761"}],"wp:term":[{"taxonomy":"category","embeddable":true,"href":"https:\/\/www.greenpeace.ch\/de\/wp-json\/wp\/v2\/categories?post=12761"},{"taxonomy":"post_tag","embeddable":true,"href":"https:\/\/www.greenpeace.ch\/de\/wp-json\/wp\/v2\/tags?post=12761"},{"taxonomy":"p4-page-type","embeddable":true,"href":"https:\/\/www.greenpeace.ch\/de\/wp-json\/wp\/v2\/p4-page-type?post=12761"},{"taxonomy":"gpch-article-type","embeddable":true,"href":"https:\/\/www.greenpeace.ch\/de\/wp-json\/wp\/v2\/gpch-article-type?post=12761"}],"curies":[{"name":"wp","href":"https:\/\/api.w.org\/{rel}","templated":true}]}}