{"id":12782,"date":"2013-03-08T00:00:00","date_gmt":"2013-03-07T22:00:00","guid":{"rendered":"https:\/\/master.greenpeace.ch\/beitrag\/12782\/geeinte-linke-gespaltenes-buergerliches-lager\/"},"modified":"2019-05-30T11:44:34","modified_gmt":"2019-05-30T09:44:34","slug":"geeinte-linke-gespaltenes-buergerliches-lager","status":"publish","type":"post","link":"https:\/\/www.greenpeace.ch\/de\/story\/12782\/geeinte-linke-gespaltenes-buergerliches-lager\/","title":{"rendered":"Geeinte Linke \u2013 Gespaltenes b\u00fcrgerliches Lager"},"content":{"rendered":"<p><b>Diese Woche haben die Umweltverb\u00e4nde das aktuelle Umweltrating ver\u00f6ffentlicht. Im Hinblick auf die Wahlen 2011 haben sie das Profil der National- und der St\u00e4nder\u00e4te bewertet. Damit k\u00f6nnen sich die Wahlberechtigten auf www.umweltrating.ch ab sofort ein detailliertes Bild dar\u00fcber machen, welche der Kandidatinnen und Kandidaten ihre Stimme verdienen. Die Befragung der kandidierenden Politikerinnen und Politiker zeigt eine grosse Zustimmung zu Atomausstieg und Energiewende.<\/b><\/p>\n<div class=\"post-content\">\n<div>\n<p><strong>Diese Woche haben die Umweltverb\u00e4nde das aktuelle Umweltrating ver\u00f6ffentlicht. Im Hinblick auf die Wahlen 2011 haben sie das Profil der National- und der St\u00e4nder\u00e4te bewertet. Damit k\u00f6nnen sich die Wahlberechtigten auf www.umweltrating.ch ab sofort ein detailliertes Bild dar\u00fcber machen, welche der Kandidatinnen und Kandidaten ihre Stimme verdienen. Die Befragung der kandidierenden Politikerinnen und Politiker zeigt eine grosse Zustimmung zu Atomausstieg und Energiewende.<\/strong><\/p>\n<\/p>\n<div class=\"events-box middle-box left\">\n<div class=\"frame\">\n        <a class=\"open-img EnlargeImage\" href=\"https:\/\/www.greenpeace.ch\/static\/planet4-switzerland-stateless\/2019\/05\/76b1f157-76b1f157-nationalratssaal-20-g.jpg\" title=\"Wie schneiden die ParlamentarierInnen beim Umweltrating ab?\"><br \/>\n            <img decoding=\"async\" id=\"ctl00_cphContentArea_epiEntryContent_ctl00_ctl02_Image1\" title=\"Wie schneiden die ParlamentarierInnen beim Umweltrating ab?\" class=\"Thumbnail\" src=\"https:\/\/www.greenpeace.ch\/static\/planet4-switzerland-stateless\/2019\/05\/76b1f157-76b1f157-nationalratssaal-20-g.jpg\" alt=\"Wie schneiden die ParlamentarierInnen beim Umweltrating ab?\" style=\"border-width:0px;\"><\/p>\n<p>        <\/a>\n    <\/div>\n<div class=\"events-content\">\n        <span class=\"date\"><\/span><br \/>\n        <strong>Wie schneiden die ParlamentarierInnen beim Umweltrating ab?<\/strong><\/p>\n<p>\n            \u00a9 2011 B\u00e9atrice Dev\u00e8ne\n        <\/p>\n<\/p>\n<\/div>\n<\/div>\n<p>\u00a0<\/p>\n<p>Greenpeace, Pro Natura, Verkehrs-Club Schweiz, WWF Schweiz, die Schweizerische Energiestiftung und SVS\/BirdLife Schweiz haben das Abstimmungsverhalten der amtierenden Politikerinnen und Politiker analysiert und zudem eine Befragung der Kandidierenden zu den grossen Themen der Umweltpolitik der neuen Legislatur durchgef\u00fchrt.<\/p>\n<p><span>An der Befragung hat rund 1\/3 der Kandidierenden teilgenommen \u2013 rund 1000 ausgef\u00fcllte Frageb\u00f6gen sind bei den Umweltverb\u00e4nden eingegangen. Darunter \u00fcber 100 von wieder kandidierenden Nationalr\u00e4tInnen. D<\/span>ie Antworten auf die 25 Fragen sehen die Umweltorganisationen als umweltpolitisches Wahlversprechen f\u00fcr die n\u00e4chste Legislatur.<\/p>\n<p>Das Umweltrating zeigt: Das links-gr\u00fcne Lager aus SP, \u00a0Gr\u00fcne und PdA setzt sich weiterhin uneingeschr\u00e4nkt f\u00fcr die Umwelt ein. Das b\u00fcrgerliche Lager hingegen ist in der Umweltfrage gespalten. Auf der einen Seite stimmen SVP, EDU und Lega konsequent umweltfeindlich. Auch die FDP bewegt sich wie vor vier Jahren bei tiefen 30 Prozent herum. Auf der anderen Seite des b\u00fcrgerlichen Lagers stehen diejenigen Parteien, die mehrheitlich im Sinne des Umweltschutzes entschieden haben: CVP, \u00a0BDP, \u00a0CSP, glp und EVP. \u00abNoch deutlicher hat sich der Graben zwischen links und rechts in der einst so ideologisch aufgeladenen Energiefrage in die Mitte des b\u00fcrgerlichen Blocks verschoben\u00bb, so Markus Allemann, Co-Gesch\u00e4ftsleiter von Greenpeace.<\/p>\n<p>Die Fakten im Detail finden Sie auf <a href=\"http:\/\/www.umweltrating.ch\/\" target=\"_self\" rel=\"noopener noreferrer\">www.umweltrating.ch<\/a><\/p>\n<\/div>\n<\/div>\n","protected":false},"excerpt":{"rendered":"<p>Diese Woche haben die Umweltverb\u00e4nde das aktuelle Umweltrating ver\u00f6ffentlicht. Im Hinblick auf die Wahlen 2011 haben sie das Profil der National- und der St\u00e4nder\u00e4te bewertet. Damit k\u00f6nnen sich die Wahlberechtigten&hellip;<\/p>\n","protected":false},"author":23,"featured_media":12784,"comment_status":"closed","ping_status":"open","sticky":false,"template":"","format":"standard","meta":{"_acf_changed":false,"_planet4_optimize_post_is_variant":false,"_planet4_optimize_experiment_name":"","_planet4_optimize_variant_name":"","ep_exclude_from_search":false,"p4_og_title":"","p4_og_description":"","p4_og_image":"","p4_og_image_id":"","p4_seo_canonical_url":"","p4_campaign_name":"","p4_local_project":"","p4_basket_name":"","p4_department":"","footnotes":""},"categories":[1],"tags":[50],"p4-page-type":[75],"gpch-article-type":[],"class_list":["post-12782","post","type-post","status-publish","format-standard","has-post-thumbnail","hentry","category-unkategorisiert","tag-klima","p4-page-type-story"],"acf":[],"_links":{"self":[{"href":"https:\/\/www.greenpeace.ch\/de\/wp-json\/wp\/v2\/posts\/12782","targetHints":{"allow":["GET"]}}],"collection":[{"href":"https:\/\/www.greenpeace.ch\/de\/wp-json\/wp\/v2\/posts"}],"about":[{"href":"https:\/\/www.greenpeace.ch\/de\/wp-json\/wp\/v2\/types\/post"}],"author":[{"embeddable":true,"href":"https:\/\/www.greenpeace.ch\/de\/wp-json\/wp\/v2\/users\/23"}],"replies":[{"embeddable":true,"href":"https:\/\/www.greenpeace.ch\/de\/wp-json\/wp\/v2\/comments?post=12782"}],"version-history":[{"count":0,"href":"https:\/\/www.greenpeace.ch\/de\/wp-json\/wp\/v2\/posts\/12782\/revisions"}],"wp:featuredmedia":[{"embeddable":true,"href":"https:\/\/www.greenpeace.ch\/de\/wp-json\/wp\/v2\/media\/12784"}],"wp:attachment":[{"href":"https:\/\/www.greenpeace.ch\/de\/wp-json\/wp\/v2\/media?parent=12782"}],"wp:term":[{"taxonomy":"category","embeddable":true,"href":"https:\/\/www.greenpeace.ch\/de\/wp-json\/wp\/v2\/categories?post=12782"},{"taxonomy":"post_tag","embeddable":true,"href":"https:\/\/www.greenpeace.ch\/de\/wp-json\/wp\/v2\/tags?post=12782"},{"taxonomy":"p4-page-type","embeddable":true,"href":"https:\/\/www.greenpeace.ch\/de\/wp-json\/wp\/v2\/p4-page-type?post=12782"},{"taxonomy":"gpch-article-type","embeddable":true,"href":"https:\/\/www.greenpeace.ch\/de\/wp-json\/wp\/v2\/gpch-article-type?post=12782"}],"curies":[{"name":"wp","href":"https:\/\/api.w.org\/{rel}","templated":true}]}}