{"id":12795,"date":"2013-02-28T00:00:00","date_gmt":"2013-02-27T22:00:00","guid":{"rendered":"https:\/\/master.greenpeace.ch\/beitrag\/12795\/japanischer-nuklearingenieur-in-der-schweiz-fukushima-kann-ueberall-passieren\/"},"modified":"2019-05-30T11:45:05","modified_gmt":"2019-05-30T09:45:05","slug":"japanischer-nuklearingenieur-in-der-schweiz-fukushima-kann-ueberall-passieren","status":"publish","type":"post","link":"https:\/\/www.greenpeace.ch\/de\/story\/12795\/japanischer-nuklearingenieur-in-der-schweiz-fukushima-kann-ueberall-passieren\/","title":{"rendered":"Japanischer Nuklearingenieur in der Schweiz: \u00abFukushima kann \u00fcberall passieren\u00bb"},"content":{"rendered":"<p><b>Der japanische Nuklearingenieur Masashi Goto war in den letzten Tagen in der Schweiz, um \u00fcber die Ursachen und Folgen der Atomkatastrophe in Fukushima zu berichten. Seine Botschaft: Bei Reaktoren gibt es nur eine Sicherheit: Sie k\u00f6nnen explodieren.\u00a0<\/b><\/p>\n<div class=\"post-content\">\n<div>\n<h3>Der japanische Nuklearingenieur Masashi Goto war in den letzten Tagen in der Schweiz, um \u00fcber die Ursachen und Folgen der Atomkatastrophe in Fukushima zu berichten. Seine Botschaft: Bei Reaktoren gibt es nur eine Sicherheit: Sie k\u00f6nnen explodieren.\u00a0<\/h3>\n<\/p>\n<div class=\"events-box big-box left\">\n<div class=\"frame\">\n        <a class=\"open-img EnlargeImage\" href=\"https:\/\/www.greenpeace.ch\/static\/planet4-switzerland-stateless\/2019\/05\/87e79f62-87e79f62-goto2_2898.jpg\" title=\"Der Nuklearingenieur Masashi Goto\"><br \/>\n            <img decoding=\"async\" id=\"ctl00_cphContentArea_epiEntryContent_ctl00_ctl02_Image1\" title=\"Der Nuklearingenieur Masashi Goto\" class=\"Thumbnail\" src=\"https:\/\/www.greenpeace.ch\/static\/planet4-switzerland-stateless\/2019\/05\/87e79f62-87e79f62-goto2_2898.jpg\" alt=\"Der Nuklearingenieur Masashi Goto\" style=\"border-width:0px;\"><\/p>\n<p>        <\/a>\n    <\/div>\n<div class=\"events-content\">\n        <span class=\"date\"><\/span><br \/>\n        <strong>Der Nuklearingenieur Masashi Goto<\/strong><\/p>\n<p>\n            Greenpeace \/ Nicolas Fojtu\n        <\/p>\n<\/p>\n<\/div>\n<\/div>\n<p>\u00a0<\/p>\n<p>Goto hat 20 Jahre lang bei Toshiba gearbeitet und sich als Planer und Forscher vertieft mit Siedewasserreaktoren befasst,\u00a0 wie sie es in Fukushima und M\u00fchleberg gibt.\u00a0 Nun ist er einer der prominentesten Atomkritiker in seinem Land und doziert an verschiedenen Universit\u00e4ten. Gestern hat er in Z\u00fcrich einen \u00f6ffentlichen Vortrag gehalten und minuti\u00f6s dargestellt, dass es bei AKWs keine vollst\u00e4ndige Sicherheit geben kann.<\/p>\n<p>&#171;Externe Faktoren wie Erdbeben, technische Fehler bei Maschinen und das menschliche Versagen k\u00f6nnen jederzeit und \u00fcberall dazu f\u00fchren, dass wir die Nukleartechnologie nicht mehr im Griff haben&#187;, sagte der Ingenieur, der mit wenig Emotionen und viel Fachkompetenz dem Sicherheitsmythos der Atomindustrie widersprach.<\/p>\n<p>Diese Lehre aus Fukushima hat in der Schweiz noch nicht das n\u00f6tige Echo gefunden. Am Vortrag dabei f\u00fcr eine anschliessende Podiumsdiskussion war auch Stefan M\u00fcller-Altermatt, CVP-Nationalrat aus dem Atomkanton Solothurn. Der Energiepolitiker versucht zurzeit einen Kompromissvorschlag einzuf\u00e4deln, damit die Betreiber der AKWs selber die Laufzeiten der Anlagen beschr\u00e4nken k\u00f6nnen. \u201eWir m\u00fcssen schauen, dass die Ausstiegsallianz nicht zerbr\u00f6ckelt\u201c, begr\u00fcndet er seine Salami-Taktik. In der Zwischenzeit k\u00f6nne man dem ENSI vertrauen, dass es die Sicherheit der Anlagen garantiere.<\/p>\n<p>Nichts gelernt aus Fukushima? Wie eine unabh\u00e4ngige Untersuchungskommission aufzeigte (<a title=\"Link\" href=\"http:\/\/www.greenpeace.org\/switzerland\/de\/Uber-uns\/Medienstelle\/Medienmitteilungen\/Viele-Erkenntnisse-aus-Japan--\/\" target=\"_blank\" rel=\"noopener noreferrer\">siehe hier<\/a>), hatte man auch in Japan ein blindes Vertrauen in die Aufsichtsbeh\u00f6rde; zwei Jahre nach dem GAU haben die japanischen Atombef\u00fcrworter sogar wieder Wind in den Segeln. Masashi Goto will trotzdem (oder gerade deswegen) seine Aufkl\u00e4rungsarbeit beharrlich weiterf\u00fchren. Ein zweites Fukushima d\u00fcrfe es nicht geben. Niemals. Nirgendwo.<\/p>\n<\/p>\n<div class=\"events-box big-box left\">\n<div class=\"frame\">\n        <a class=\"open-img EnlargeImage\" href=\"https:\/\/www.greenpeace.ch\/static\/planet4-switzerland-stateless\/2019\/05\/50c1e090-50c1e090-goto_2831.jpg\" title=\"Masashi Goto vor dem zahlreich erschienenen Publikum\"><br \/>\n            <img decoding=\"async\" id=\"ctl00_cphContentArea_epiEntryContent_ctl00_ctl04_Image1\" title=\"Masashi Goto vor dem zahlreich erschienenen Publikum\" class=\"Thumbnail\" src=\"https:\/\/www.greenpeace.ch\/static\/planet4-switzerland-stateless\/2019\/05\/50c1e090-50c1e090-goto_2831.jpg\" alt=\"Masashi Goto vor dem zahlreich erschienenen Publikum\" style=\"border-width:0px;\"><\/p>\n<p>        <\/a>\n    <\/div>\n<div class=\"events-content\">\n        <span class=\"date\"><\/span><br \/>\n        <strong>Masashi Goto vor dem zahlreich erschienenen Publikum<\/strong><\/p>\n<p>\n            Greenpeace \/ Nicolas Fojtu\n        <\/p>\n<\/p>\n<\/div>\n<\/div>\n<p>\u00a0\n<\/p>\n<\/div>\n<\/div>\n","protected":false},"excerpt":{"rendered":"<p>Der japanische Nuklearingenieur Masashi Goto war in den letzten Tagen in der Schweiz, um \u00fcber die Ursachen und Folgen der Atomkatastrophe in Fukushima zu berichten. Seine Botschaft: Bei Reaktoren gibt&hellip;<\/p>\n","protected":false},"author":23,"featured_media":0,"comment_status":"closed","ping_status":"open","sticky":false,"template":"","format":"standard","meta":{"_acf_changed":false,"_planet4_optimize_post_is_variant":false,"_planet4_optimize_experiment_name":"","_planet4_optimize_variant_name":"","ep_exclude_from_search":false,"p4_og_title":"","p4_og_description":"","p4_og_image":"","p4_og_image_id":"","p4_seo_canonical_url":"","p4_campaign_name":"","p4_local_project":"","p4_basket_name":"","p4_department":"","footnotes":""},"categories":[1],"tags":[50],"p4-page-type":[75],"gpch-article-type":[],"class_list":["post-12795","post","type-post","status-publish","format-standard","hentry","category-unkategorisiert","tag-klima","p4-page-type-story"],"acf":[],"_links":{"self":[{"href":"https:\/\/www.greenpeace.ch\/de\/wp-json\/wp\/v2\/posts\/12795","targetHints":{"allow":["GET"]}}],"collection":[{"href":"https:\/\/www.greenpeace.ch\/de\/wp-json\/wp\/v2\/posts"}],"about":[{"href":"https:\/\/www.greenpeace.ch\/de\/wp-json\/wp\/v2\/types\/post"}],"author":[{"embeddable":true,"href":"https:\/\/www.greenpeace.ch\/de\/wp-json\/wp\/v2\/users\/23"}],"replies":[{"embeddable":true,"href":"https:\/\/www.greenpeace.ch\/de\/wp-json\/wp\/v2\/comments?post=12795"}],"version-history":[{"count":0,"href":"https:\/\/www.greenpeace.ch\/de\/wp-json\/wp\/v2\/posts\/12795\/revisions"}],"wp:attachment":[{"href":"https:\/\/www.greenpeace.ch\/de\/wp-json\/wp\/v2\/media?parent=12795"}],"wp:term":[{"taxonomy":"category","embeddable":true,"href":"https:\/\/www.greenpeace.ch\/de\/wp-json\/wp\/v2\/categories?post=12795"},{"taxonomy":"post_tag","embeddable":true,"href":"https:\/\/www.greenpeace.ch\/de\/wp-json\/wp\/v2\/tags?post=12795"},{"taxonomy":"p4-page-type","embeddable":true,"href":"https:\/\/www.greenpeace.ch\/de\/wp-json\/wp\/v2\/p4-page-type?post=12795"},{"taxonomy":"gpch-article-type","embeddable":true,"href":"https:\/\/www.greenpeace.ch\/de\/wp-json\/wp\/v2\/gpch-article-type?post=12795"}],"curies":[{"name":"wp","href":"https:\/\/api.w.org\/{rel}","templated":true}]}}