{"id":12870,"date":"2013-02-07T00:00:00","date_gmt":"2013-02-06T22:00:00","guid":{"rendered":"https:\/\/master.greenpeace.ch\/beitrag\/12870\/bespitzelungsaffaere-edf-der-strafe-entwischt\/"},"modified":"2019-05-30T11:47:12","modified_gmt":"2019-05-30T09:47:12","slug":"bespitzelungsaffaere-edf-der-strafe-entwischt","status":"publish","type":"post","link":"https:\/\/www.greenpeace.ch\/de\/story\/12870\/bespitzelungsaffaere-edf-der-strafe-entwischt\/","title":{"rendered":"Bespitzelungsaff\u00e4re: EDF der Strafe entwischt"},"content":{"rendered":"<p><b>Zoom<\/p>\n<p>        Greenpeace-Aktivisten protestieren gegen EDF<\/p>\n<p>Der Verdacht einer illegalen \u00dcberwachung von Greenpeace-Aktivisten in Frankreich hat sich zwar erneut best\u00e4tigt, die ganze Veranwortung wird nun aber einem einzigen \u201eS\u00fcndenbock\u201c zur Last gelegt. Das Berufungsgericht von Versailles hat am Mittwoch den franz\u00f6sischen Stromriesen\u00a0EDF\u00a0(Electricit\u00e9 de France) in zweiter Instanz freigesprochen \u2013 und nur einen fr\u00fcheren Sicherheitsverantwortlichen zu sechs Monaten Haft verurteilt.<\/b><\/p>\n<div class=\"post-content\">\n<div>\n<p><strong><\/p>\n<div class=\"events-box middle-box left\">\n<div class=\"frame\">\n        <a class=\"open-img EnlargeImage\" href=\"https:\/\/www.greenpeace.ch\/static\/planet4-switzerland-stateless\/2018\/05\/41d044e6-background_colour_v17_f4dedf.jpg\" title=\"Greenpeace-Aktivisten protestieren gegen EDF\"><br \/>\n            <img decoding=\"async\" id=\"ctl00_cphContentArea_epiEntryContent_ctl00_ctl02_Image1\" title=\"Greenpeace-Aktivisten protestieren gegen EDF\" class=\"Thumbnail\" src=\"https:\/\/www.greenpeace.ch\/static\/planet4-switzerland-stateless\/2018\/05\/41d044e6-background_colour_v17_f4dedf.jpg\" alt=\"Greenpeace-Aktivisten protestieren gegen EDF\" style=\"border-width:0px;\"><\/p>\n<p>        <\/a>\n    <\/div>\n<div class=\"events-content hidden-paragraph\">\n        <span class=\"date\"><\/span><br \/>\n        <strong>Greenpeace-Aktivisten protestieren gegen EDF<\/strong><\/p>\n<\/p>\n<\/div>\n<\/div>\n<p>Der Verdacht einer illegalen \u00dcberwachung von Greenpeace-Aktivisten in Frankreich hat sich zwar erneut best\u00e4tigt, die ganze Veranwortung wird nun aber einem einzigen \u201eS\u00fcndenbock\u201c zur Last gelegt. <\/strong><strong>Das Berufungsgericht von Versailles hat am Mittwoch den franz\u00f6sischen Stromriesen\u00a0EDF\u00a0(Electricit\u00e9 de France) in zweiter Instanz freigesprochen \u2013 und nur einen fr\u00fcheren Sicherheitsverantwortlichen zu sechs Monaten Haft verurteilt.<\/strong><\/p>\n<p>\u201eDiese Entscheidung k\u00f6nnte schwerwiegende Konsequenzen zeitigen. Atomstromproduzenten wie EDF haben die Erlaubnis erhalten, das Gesetz und die Privatsph\u00e4re willk\u00fcrlich zu verletzen\u201c, sagte der Gesch\u00e4ftsleiter von Greenpeace Frankreich, Jean-Fran\u00e7ois Julliard, nach der Urteilsverk\u00fcndung. \u201eDie Beweise gegen EDF waren zahlreich und sie hatten dazu gef\u00fchrt, dass ein erstinstanzliches Gericht in Nanterre die f\u00fcr solche Tatbest\u00e4nde h\u00f6chstm\u00f6gliche Strafe verh\u00e4ngte\u201c.<\/p>\n<p>EDF warb im Jahr 2006\u00a0einen Hacker und eine Privatdetektei an. In einer Nacht-und Nebel-Aktion drangen die Auftragsspione ins franz\u00f6sische\u00a0Greenpeace-B\u00fcro ein. Sie hackten PC, sahen die E-Mailkorrespondenz ein und stahlen mehr als 1.400 Dokumente vom Rechner des damaligen Gesch\u00e4ftsf\u00fchrers. Nun fordert Greenpeace Frankreich von der Staatsanwaltschaft, dass sie das skandal\u00f6se Urteil weiterzieht. Sonst geniesse EDF eine allgemeine Straffreiheit, die eine demokratische und transparente Debatte \u00fcber die Atomenergie torpediere.<\/p>\n<p>Eine solche Diskussion sollte auch im atomfreundlichen Frankreich mit sachlichen Argumenten gef\u00fchrt werden. Ebenfalls am Mittwoch hat eine Studie des franz\u00f6sischen Instituts f\u00fcr Strahlenschutz und nukleare Sicherheit die Kosten eines Atom-Gaus vom Ausmass der Fukushima-Katastrophe berechnet: etwa 430 Milliarden Euro. Fukushima in Frankreich w\u00fcrde zudem etwa 100\u2019000 Atomfl\u00fcchtlinge zur Folge haben. Betroffen w\u00e4ren etwa vier <em>D\u00e9partements<\/em> sowie unter Umst\u00e4nden auch Nachbarl\u00e4nder Frankreichs wie die Schweiz.<\/p>\n<\/div>\n<\/div>\n","protected":false},"excerpt":{"rendered":"<p>Zoom Greenpeace-Aktivisten protestieren gegen EDF Der Verdacht einer illegalen \u00dcberwachung von Greenpeace-Aktivisten in Frankreich hat sich zwar erneut best\u00e4tigt, die ganze Veranwortung wird nun aber einem einzigen \u201eS\u00fcndenbock\u201c zur Last&hellip;<\/p>\n","protected":false},"author":23,"featured_media":12872,"comment_status":"closed","ping_status":"open","sticky":false,"template":"","format":"standard","meta":{"_acf_changed":false,"_planet4_optimize_post_is_variant":false,"_planet4_optimize_experiment_name":"","_planet4_optimize_variant_name":"","ep_exclude_from_search":false,"p4_og_title":"","p4_og_description":"","p4_og_image":"","p4_og_image_id":"","p4_seo_canonical_url":"","p4_campaign_name":"","p4_local_project":"","p4_basket_name":"","p4_department":"","footnotes":""},"categories":[1],"tags":[50],"p4-page-type":[75],"gpch-article-type":[],"class_list":["post-12870","post","type-post","status-publish","format-standard","has-post-thumbnail","hentry","category-unkategorisiert","tag-klima","p4-page-type-story"],"acf":[],"_links":{"self":[{"href":"https:\/\/www.greenpeace.ch\/de\/wp-json\/wp\/v2\/posts\/12870","targetHints":{"allow":["GET"]}}],"collection":[{"href":"https:\/\/www.greenpeace.ch\/de\/wp-json\/wp\/v2\/posts"}],"about":[{"href":"https:\/\/www.greenpeace.ch\/de\/wp-json\/wp\/v2\/types\/post"}],"author":[{"embeddable":true,"href":"https:\/\/www.greenpeace.ch\/de\/wp-json\/wp\/v2\/users\/23"}],"replies":[{"embeddable":true,"href":"https:\/\/www.greenpeace.ch\/de\/wp-json\/wp\/v2\/comments?post=12870"}],"version-history":[{"count":0,"href":"https:\/\/www.greenpeace.ch\/de\/wp-json\/wp\/v2\/posts\/12870\/revisions"}],"wp:featuredmedia":[{"embeddable":true,"href":"https:\/\/www.greenpeace.ch\/de\/wp-json\/wp\/v2\/media\/12872"}],"wp:attachment":[{"href":"https:\/\/www.greenpeace.ch\/de\/wp-json\/wp\/v2\/media?parent=12870"}],"wp:term":[{"taxonomy":"category","embeddable":true,"href":"https:\/\/www.greenpeace.ch\/de\/wp-json\/wp\/v2\/categories?post=12870"},{"taxonomy":"post_tag","embeddable":true,"href":"https:\/\/www.greenpeace.ch\/de\/wp-json\/wp\/v2\/tags?post=12870"},{"taxonomy":"p4-page-type","embeddable":true,"href":"https:\/\/www.greenpeace.ch\/de\/wp-json\/wp\/v2\/p4-page-type?post=12870"},{"taxonomy":"gpch-article-type","embeddable":true,"href":"https:\/\/www.greenpeace.ch\/de\/wp-json\/wp\/v2\/gpch-article-type?post=12870"}],"curies":[{"name":"wp","href":"https:\/\/api.w.org\/{rel}","templated":true}]}}