{"id":12901,"date":"2013-02-10T00:00:00","date_gmt":"2013-02-09T22:00:00","guid":{"rendered":"https:\/\/master.greenpeace.ch\/beitrag\/12901\/augenblicke\/"},"modified":"2019-05-30T11:48:08","modified_gmt":"2019-05-30T09:48:08","slug":"augenblicke","status":"publish","type":"post","link":"https:\/\/www.greenpeace.ch\/de\/story\/12901\/augenblicke\/","title":{"rendered":"Augenblicke"},"content":{"rendered":"<p><b>Unsere Fotografen dokumentieren schonungslos. Beeindruckend. Atemberaubend &#8211; und sch\u00f6n. Und manchmal auch ganz leise.<\/b><\/p>\n<div>\n<p><em>Bilderr\u00fcckschau von Hina Str\u00fcver, Text Inga Laas und Rachel Huber<\/em><\/p>\n<p>Ohne unsere Aktivisten im Vordergrund w\u00e4re Greenpeace nicht dass was es ist. Ohne die Menschen hinter der Kamera aber auch nicht! Und so zeigen wir diesen Monat einmal die Bilder, die ohne eindr\u00fcckliche Aktionen auskommen. Die \u201eleisen\u201c Bilder, welche durch schonungslose Dokumentation bestechen.<\/p>\n<p>Sei es der Hirte mit seinen Schafen, dessen Idylle durch ein riesiges Kohlekraftwerk \u00fcberschattet wird oder Shells gigantisches auf den Grund gelaufenes Bohrschiff nach seiner Bergung. Oder eine junge Designerin die auf der Berliner Fashion Week beweist: Echter Einsatz hat Stil. Gleichzeitig streunern heimatlose Eisb\u00e4ren durch Davos und machen auf Shells Gier aufmerksam.\u00a0 Indessen zeugen Bilder vom katastrophalen Ausmass, das Australiens Buschfeuer im Zuge der Klimaerw\u00e4rmung mittlerweile erreicht haben.<\/p>\n<p>Jedes einzelne Bild zeigt uns dabei, wof\u00fcr es sich einzusetzen lohnt.<\/p>\n<p>\u2028\u2028Wir wollen euch an diesen Augenblicken teilhaben lassen und stellen hier aus diesem Grund Bilder bereit, die von den weltweiten Greenpeace Geschehnissen berichten. Die monatliche R\u00fcckschau soll f\u00fcr euch das Auge in die Welt von Greenpeace sein, sie bringt euch an die Ufer des verschmutzten Yangtse-Flusses oder an Board der Greenpeace Flotte; sie visualisiert mit eindr\u00fccklichen Bildern, wof\u00fcr Greenpeace sich einsetzt.<\/p>\n<p>\u00a0<\/p>\n<\/p>\n<div class=\"embedded-image-gallery promo general-form\">\n<h2>Der Monat Januar in Bildern<\/h2>\n<div class=\"gallery\">\n<div class=\"img-nav\">\n<div class=\"carousel\">\n<ul class=\"img-list galleria\">\n<li class=\"active\">\n                            <a title=\"Klimawandel: Herausforderungen und L\u00f6sungen in S\u00fcdostasien\" href=\"\/switzerland\/de\/News_Stories\/Multimedia\/Fotos\/Der-Monat-Januar-in-Bildern\/Herder-and-Sheep-in-Indonesia\/\" rel='S\u00fcdostasien, Januar 2013: Dieses Foto ist Teil der Greenpeace Ausstellung \"Klimawandel: Herausforderungen und L\u00f6sungen in S\u00fcdostasien\",  die uns durch die drei L\u00e4nder Philippinen, Indonesien und Thailand f\u00fchrt. Sie erz\u00e4hlt uns exemplarisch anhand der L\u00e4nder  die Auswirkungen des Klimawandels, seine Ursachen - und L\u00f6sungswege aus der Krise. Hier: Ein indonesischer Schafhirt mit seiner Herde vor einem Kohlekraftwerk. ~^Kemal Jufri \/ Greenpeace~^\/switzerland\/ReSizes\/ImageGalleryLarge\/Global\/switzerland\/photos\/monthly pictures\/1301_monthly_pictures\/01_GP04FYK.jpg~^346155'><br \/>\n                                <img decoding=\"async\" id=\"ctl00_cphContentArea_Property3_ctl00_ctl02_ctl00_repImages_ctl00_thumbImg\" title=\"Klimawandel: Herausforderungen und L\u00f6sungen in S\u00fcdostasien\" src=\"https:\/\/www.greenpeace.ch\/static\/planet4-switzerland-stateless\/2019\/05\/550555f9-550555f9-01_gp04fyk.jpg\" alt=\"Klimawandel: Herausforderungen und L\u00f6sungen in S\u00fcdostasien\" style=\"border-width:0px;\"><br \/>\n                            <\/a>\n                        <\/li>\n<li>\n                            <a title=\"Shell: Wir haben alles im Griff -oder doch nicht?\" href=\"\/switzerland\/de\/News_Stories\/Multimedia\/Fotos\/Der-Monat-Januar-in-Bildern\/Shells-Kulluk-Assessment-in-Kiliuda-Bay\/\" rel=\"Alaska, Kiliuda Bay, 10. Januar 2013: Bergungsteams f\u00fchren eine Begutachtung des \u00d6lbohrschiffes Kulluk von Shell durch. Die Kulluk, ein rundes Bohrschiff ohne eigenen Antrieb, ist am Neujahrsabend w\u00e4hrend eines extremen Sturmes vor der K\u00fcste der Sitkalidak Inseln auf Grund gelaufen. Greenpeace beobachtet die Bergungsaktion des Schiffes aufmerksam.~^Greenpeace \/ Tim Aubry~^\/switzerland\/ReSizes\/ImageGalleryLarge\/Global\/switzerland\/photos\/monthly pictures\/1301_monthly_pictures\/02_GP04FH3.jpg~^346156\"><br \/>\n                                <img decoding=\"async\" id=\"ctl00_cphContentArea_Property3_ctl00_ctl02_ctl00_repImages_ctl01_thumbImg\" title=\"Shell: Wir haben alles im Griff -oder doch nicht?\" src=\"https:\/\/www.greenpeace.ch\/static\/planet4-switzerland-stateless\/2019\/05\/9bb9616b-9bb9616b-02_gp04fh3.jpg\" alt=\"Shell: Wir haben alles im Griff -oder doch nicht?\" style=\"border-width:0px;\"><br \/>\n                            <\/a>\n                        <\/li>\n<li>\n                            <a title=\"Dokumentation Abholzung alter Buchen\" href=\"\/switzerland\/de\/News_Stories\/Multimedia\/Fotos\/Der-Monat-Januar-in-Bildern\/Spessart-Rothenbuch-Logging-DocumentationDokumentation-Abholzung-\/\" rel=\"Spessart, Bayern, Deutschland, 08. Januar 2013: Greenpeace dokumentiert das Abholzen alter Buchen im R\u00f6hrweg bei Rothenbuch, wo es \u00fcber 180 Jahre alte B\u00e4ume gibt. Auch alte Buchen, die Greenpeace  den Staatsministern in Bayern als Patenb\u00e4ume zugewiesen hatte, wurden gef\u00e4llt.~^Fred Dott \/ Greenpeace~^\/switzerland\/ReSizes\/ImageGalleryLarge\/Global\/switzerland\/photos\/monthly pictures\/1301_monthly_pictures\/03_GP04FE2.jpg~^346157\"><br \/>\n                                <img decoding=\"async\" id=\"ctl00_cphContentArea_Property3_ctl00_ctl02_ctl00_repImages_ctl02_thumbImg\" title=\"Dokumentation Abholzung alter Buchen\" src=\"https:\/\/www.greenpeace.ch\/static\/planet4-switzerland-stateless\/2019\/05\/13cde526-13cde526-03_gp04fe2.jpg\" alt=\"Dokumentation Abholzung alter Buchen\" style=\"border-width:0px;\"><br \/>\n                            <\/a>\n                        <\/li>\n<li>\n                            <a title=\"Zu Besuch bei den Ahnen\" href=\"\/switzerland\/de\/News_Stories\/Multimedia\/Fotos\/Der-Monat-Januar-in-Bildern\/The-Rainbow-Warrior-in-New-Zealand\/\" rel=\"Neuseeland, Northland, Mataury Bucht, 09. Januar 2013: Die Rainbow Warrior III auf ihrer Einfahrt in die Mataury Bucht. Sie ist das erste mal zu Besuch am Ruheplatz der durch franz\u00f6sische Geheimdienste 1985 vor Auckland versenkten Rainbow Warrior.~^Nigel Marple \/ Greenpeace~^\/switzerland\/ReSizes\/ImageGalleryLarge\/Global\/switzerland\/photos\/monthly pictures\/1301_monthly_pictures\/04_GP04FC1.jpg~^346158\"><br \/>\n                                <img decoding=\"async\" id=\"ctl00_cphContentArea_Property3_ctl00_ctl02_ctl00_repImages_ctl03_thumbImg\" title=\"Zu Besuch bei den Ahnen\" src=\"https:\/\/www.greenpeace.ch\/static\/planet4-switzerland-stateless\/2019\/05\/7055da7f-7055da7f-04_gp04fc1.jpg\" alt=\"Zu Besuch bei den Ahnen\" style=\"border-width:0px;\"><br \/>\n                            <\/a>\n                        <\/li>\n<li>\n                            <a title=\"Die Rainbow Warrior in Neuseeland\" href=\"\/switzerland\/de\/News_Stories\/Multimedia\/Fotos\/Der-Monat-Januar-in-Bildern\/The-Rainbow-Warrior-in-New-Zealand1\/\" rel=\"Neuseeland, Northland, Mataury Bucht, 09. Januar 2013: Die Schauspielerin Lucy Lawless an Bord der Rainbow Warrior III. Das neue Schiff ist das erste mal zu Besuch in Neuseeland, an der Mataury Bay. Hier liegt der Ruheplatz der ersten Rainbow Warrior, die 1985 vom franz\u00f6sischen Geheimdienst vor Auckland versenkt wurde.~^Nigel Marple \/ Greenpeace~^\/switzerland\/ReSizes\/ImageGalleryLarge\/Global\/switzerland\/photos\/monthly pictures\/1301_monthly_pictures\/05_GP04FBS.jpg~^346159\"><br \/>\n                                <img decoding=\"async\" id=\"ctl00_cphContentArea_Property3_ctl00_ctl02_ctl00_repImages_ctl04_thumbImg\" title=\"Die Rainbow Warrior in Neuseeland\" src=\"https:\/\/www.greenpeace.ch\/static\/planet4-switzerland-stateless\/2019\/05\/76057ab8-76057ab8-05_gp04fbs.jpg\" alt=\"Die Rainbow Warrior in Neuseeland\" style=\"border-width:0px;\"><br \/>\n                            <\/a>\n                        <\/li>\n<li>\n                            <a title=\"Die Rainbow Warrior bei den W\u00e4chtern des Wassers\" href=\"\/switzerland\/de\/News_Stories\/Multimedia\/Fotos\/Der-Monat-Januar-in-Bildern\/The-Rainbow-Warrior-in-New-Zealand2\/\" rel=\"Neuseeland, Northland, Mataury Bucht, 09. Januar 2013: Kapit\u00e4n Joel Stewart (links) und Ngati Kura's Mori Pera begr\u00fcssen sich auf Maori Art. Das Maorivolk der Ngati Kura, die &quot;W\u00e4chter&quot; des Gew\u00e4ssers in denen das Wrack der ersten Rainbow Warrior liegt, heisst die Rainbow Warrior mit einer traditionellen Zeremonie willkommen.~^Nigel Marple \/ Greenpeace~^\/switzerland\/ReSizes\/ImageGalleryLarge\/Global\/switzerland\/photos\/monthly pictures\/1301_monthly_pictures\/06_GP04FBY.jpg~^346160\"><br \/>\n                                <img decoding=\"async\" id=\"ctl00_cphContentArea_Property3_ctl00_ctl02_ctl00_repImages_ctl05_thumbImg\" title=\"Die Rainbow Warrior bei den W\u00e4chtern des Wassers\" src=\"https:\/\/www.greenpeace.ch\/static\/planet4-switzerland-stateless\/2019\/05\/8b915b76-8b915b76-06_gp04fby.jpg\" alt=\"Die Rainbow Warrior bei den W\u00e4chtern des Wassers\" style=\"border-width:0px;\"><br \/>\n                            <\/a>\n                        <\/li>\n<li>\n                            <a title=\"DIe Folgen des Feuers\" href=\"\/switzerland\/de\/News_Stories\/Multimedia\/Fotos\/Der-Monat-Januar-in-Bildern\/Bushfire-Aftermath-in-Australia\/\" rel=\"Australien, New South Wales, Yass, 15. Januar 2013: Hier gab es keine Rettung mehr. Nach einem Verheerenden Feuer in der Region haben bis zu 10.000 Schafe ihr Leben verloren. Die Buschbrand Saison 2013 in Australien hat mit \u00fcber 50 Grad Celsius einen neuen Temperaturrekord aufgestellt sowie ein neues Rating f\u00fcr Brandgefahr gesetzt: katastrophal.~^Tom  Jefferson \/ Greenpeace~^\/switzerland\/ReSizes\/ImageGalleryLarge\/Global\/switzerland\/photos\/monthly pictures\/1301_monthly_pictures\/07_GP04FLB.jpg~^346161\"><br \/>\n                                <img decoding=\"async\" id=\"ctl00_cphContentArea_Property3_ctl00_ctl02_ctl00_repImages_ctl06_thumbImg\" title=\"DIe Folgen des Feuers\" src=\"https:\/\/www.greenpeace.ch\/static\/planet4-switzerland-stateless\/2019\/05\/6823479a-6823479a-07_gp04flb.jpg\" alt=\"DIe Folgen des Feuers\" style=\"border-width:0px;\"><br \/>\n                            <\/a>\n                        <\/li>\n<li>\n                            <a title=\"Ada Zanditon auf der Berlin Fashion Week\" href=\"\/switzerland\/de\/News_Stories\/Multimedia\/Fotos\/Der-Monat-Januar-in-Bildern\/Ada-Zanditon-at-Berlin-Fashion-WeekAda-Zanditon-auf-der-Berlin-Fa\/\" rel=\"Deutschland, Berlin, 17. Januar 2013: Die britische Designerin Ada Zanditon setzt sich f\u00fcr eine Entgiftung der Textilindustrie ein und unterst\u00fctzt die Greenpeace Setox Kmpagne. Sie pr\u00e4sentiert auf dem Lavera Showfloor, auf der Berlin Fashion Week, ihre Kollektion ECOVER.  ~^Gordon Welters \/ Greenpeace~^\/switzerland\/ReSizes\/ImageGalleryLarge\/Global\/switzerland\/photos\/monthly pictures\/1301_monthly_pictures\/08_GP04FN0.jpg~^346162\"><br \/>\n                                <img decoding=\"async\" id=\"ctl00_cphContentArea_Property3_ctl00_ctl02_ctl00_repImages_ctl07_thumbImg\" title=\"Ada Zanditon auf der Berlin Fashion Week\" src=\"https:\/\/www.greenpeace.ch\/static\/planet4-switzerland-stateless\/2019\/05\/6b207527-6b207527-08_gp04fn0.jpg\" alt=\"Ada Zanditon auf der Berlin Fashion Week\" style=\"border-width:0px;\"><br \/>\n                            <\/a>\n                        <\/li>\n<li>\n                            <a title=\"Public Eye in Davos\" href=\"\/switzerland\/de\/News_Stories\/Multimedia\/Fotos\/Der-Monat-Januar-in-Bildern\/Public-Eye-Awards-2013-in-DavosSchmhpreise-des-Public-Eye-gehen-\/\" rel=\"Davos, 24. Januar 2013: In Sichtweite des Weltwirtschaftsforums (WEF) haben Greenpeace Schweiz und die Erkl\u00e4rung von Bern (EvB) heute mit der Vergabe der Public Eye Awards besonders krasse Menschenrechtsverst\u00f6sse und Umwelts\u00fcnden von Unternehmen gebrandmarkt. Den diesj\u00e4hrigen Jurypreis erhielt die US-Bank Goldman Sachs. Der Publikumspreis geht mit grossem Vorsprung an den \u00d6lkonzern Shell. ~^Greenpeace \/ Ex-Press \/ Flurin Bertschinger~^\/switzerland\/ReSizes\/ImageGalleryLarge\/Global\/switzerland\/photos\/monthly pictures\/1301_monthly_pictures\/09_GP04FZ3.jpg~^346163\"><br \/>\n                                <img decoding=\"async\" id=\"ctl00_cphContentArea_Property3_ctl00_ctl02_ctl00_repImages_ctl08_thumbImg\" title=\"Public Eye in Davos\" src=\"https:\/\/www.greenpeace.ch\/static\/planet4-switzerland-stateless\/2019\/05\/0d7e78bc-0d7e78bc-09_gp04fz3.jpg\" alt=\"Public Eye in Davos\" style=\"border-width:0px;\"><br \/>\n                            <\/a>\n                        <\/li>\n<li>\n                            <a title=\"Greenpeace-AktivistInnen besetzen Shell-Tankstelle\" href=\"\/switzerland\/de\/News_Stories\/Multimedia\/Fotos\/Der-Monat-Januar-in-Bildern\/Shell-Petrol-Station-Action-in-DavosGreenpeace-AktivistInnen-bese\/\" rel=\"Schweiz, Davos, 25. Januar 2013: 25 Aktivisten aus ganz Europa haben eine Shell- Tankstelle unweit des Weltwirtschaftsforums in Davos geschlossen. Sie protestieren damit gegen das arktische \u00d6lbohrprogramm der Firma Shell in Alaska. ~^Magazin, Greenpeace \/ Ex-Press \/ Flurin Bertschinger~^\/switzerland\/ReSizes\/ImageGalleryLarge\/Global\/switzerland\/photos\/monthly pictures\/1301_monthly_pictures\/10_GP04G0J_layout.jpg~^346164\"><br \/>\n                                <img decoding=\"async\" id=\"ctl00_cphContentArea_Property3_ctl00_ctl02_ctl00_repImages_ctl09_thumbImg\" title=\"Greenpeace-AktivistInnen besetzen Shell-Tankstelle\" src=\"https:\/\/www.greenpeace.ch\/static\/planet4-switzerland-stateless\/2019\/05\/b527060c-b527060c-10_gp04g0j_layout.jpg\" alt=\"Greenpeace-AktivistInnen besetzen Shell-Tankstelle\" style=\"border-width:0px;\"><br \/>\n                            <\/a>\n                        <\/li>\n<\/ul>\n<\/div>\n<\/div>\n<\/div>\n<div class=\"text\">\n<p class=\"description\">\n<p class=\"copyright\">\n<\/div>\n<\/div>\n<p>\u00a0<\/p>\n<\/div>\n","protected":false},"excerpt":{"rendered":"<p>Unsere Fotografen dokumentieren schonungslos. Beeindruckend. Atemberaubend &#8211; und sch\u00f6n. Und manchmal auch ganz leise. Bilderr\u00fcckschau von Hina Str\u00fcver, Text Inga Laas und Rachel Huber Ohne unsere Aktivisten im Vordergrund w\u00e4re&hellip;<\/p>\n","protected":false},"author":23,"featured_media":12903,"comment_status":"closed","ping_status":"open","sticky":false,"template":"","format":"standard","meta":{"_acf_changed":false,"_planet4_optimize_post_is_variant":false,"_planet4_optimize_experiment_name":"","_planet4_optimize_variant_name":"","ep_exclude_from_search":false,"p4_og_title":"","p4_og_description":"","p4_og_image":"","p4_og_image_id":"","p4_seo_canonical_url":"","p4_campaign_name":"","p4_local_project":"","p4_basket_name":"","p4_department":"","footnotes":""},"categories":[1],"tags":[],"p4-page-type":[75],"gpch-article-type":[],"class_list":["post-12901","post","type-post","status-publish","format-standard","has-post-thumbnail","hentry","category-unkategorisiert","p4-page-type-story"],"acf":[],"_links":{"self":[{"href":"https:\/\/www.greenpeace.ch\/de\/wp-json\/wp\/v2\/posts\/12901","targetHints":{"allow":["GET"]}}],"collection":[{"href":"https:\/\/www.greenpeace.ch\/de\/wp-json\/wp\/v2\/posts"}],"about":[{"href":"https:\/\/www.greenpeace.ch\/de\/wp-json\/wp\/v2\/types\/post"}],"author":[{"embeddable":true,"href":"https:\/\/www.greenpeace.ch\/de\/wp-json\/wp\/v2\/users\/23"}],"replies":[{"embeddable":true,"href":"https:\/\/www.greenpeace.ch\/de\/wp-json\/wp\/v2\/comments?post=12901"}],"version-history":[{"count":0,"href":"https:\/\/www.greenpeace.ch\/de\/wp-json\/wp\/v2\/posts\/12901\/revisions"}],"wp:featuredmedia":[{"embeddable":true,"href":"https:\/\/www.greenpeace.ch\/de\/wp-json\/wp\/v2\/media\/12903"}],"wp:attachment":[{"href":"https:\/\/www.greenpeace.ch\/de\/wp-json\/wp\/v2\/media?parent=12901"}],"wp:term":[{"taxonomy":"category","embeddable":true,"href":"https:\/\/www.greenpeace.ch\/de\/wp-json\/wp\/v2\/categories?post=12901"},{"taxonomy":"post_tag","embeddable":true,"href":"https:\/\/www.greenpeace.ch\/de\/wp-json\/wp\/v2\/tags?post=12901"},{"taxonomy":"p4-page-type","embeddable":true,"href":"https:\/\/www.greenpeace.ch\/de\/wp-json\/wp\/v2\/p4-page-type?post=12901"},{"taxonomy":"gpch-article-type","embeddable":true,"href":"https:\/\/www.greenpeace.ch\/de\/wp-json\/wp\/v2\/gpch-article-type?post=12901"}],"curies":[{"name":"wp","href":"https:\/\/api.w.org\/{rel}","templated":true}]}}