{"id":12930,"date":"2013-02-06T00:00:00","date_gmt":"2013-02-05T22:00:00","guid":{"rendered":"https:\/\/master.greenpeace.ch\/beitrag\/12930\/historische-abstimmung-im-eu-parlament-europa-kuendigt-der-ueberfischung-den-kampf-an\/"},"modified":"2019-05-30T11:48:39","modified_gmt":"2019-05-30T09:48:39","slug":"historische-abstimmung-im-eu-parlament-europa-kuendigt-der-ueberfischung-den-kampf-an","status":"publish","type":"post","link":"https:\/\/www.greenpeace.ch\/de\/story\/12930\/historische-abstimmung-im-eu-parlament-europa-kuendigt-der-ueberfischung-den-kampf-an\/","title":{"rendered":"Historische Abstimmung im EU-Parlament: Europa k\u00fcndigt der \u00dcberfischung den Kampf an!"},"content":{"rendered":"<p><b>Das EU-Parlament hat heute \u00fcber das Herzst\u00fcck der Reform der gemeinsamen EU-Fischereipolitik abgestimmt. Es hat der \u00dcberfischung sowie dem Beifang erfreulicherweise den Kampf angesagt. Meeresexperte Thilo Maack von Greenpeace Deutschland kommentiert diesen wichtigen Schritt in eine nachhaltigere europ\u00e4ische Fischerei:<\/b><\/p>\n<div class=\"post-content\">\n<div>\n<p>Das EU-Parlament hat heute \u00fcber das Herzst\u00fcck der Reform der gemeinsamen EU-Fischereipolitik abgestimmt. Es hat der \u00dcberfischung sowie dem Beifang erfreulicherweise den Kampf angesagt. Meeresexperte Thilo Maack von Greenpeace Deutschland kommentiert diesen wichtigen Schritt in eine nachhaltigere europ\u00e4ische Fischerei:<\/p>\n<p>Mit Spannung haben wir und die ganze Meeresschutzszene die Abstimmung erwartet <a title=\"Twitter #CFPreform\" href=\"https:\/\/twitter.com\/search\/realtime?q=%23CFPreform&amp;src=hash\" target=\"_blank\" rel=\"noopener noreferrer\">(auf Twitter nachlesen),<\/a> und bis zuletzt hatte die Gegenseite alle Hebel in Bewegung gesetzt. Aushebeln liess sich dieser dringend notwendige Paradigmenwechsel jedoch nicht.<\/p>\n<p><strong>Die Ergebnisse im Einzelnen: <\/strong><\/p>\n<ul>\n<li>Es wurde f\u00fcr Massnahmen gestimmt, die den Fischereidruck auf die Fischbest\u00e4nde verringern und sie bis zum Jahr 2015 zu einer nachhaltig nutzbaren Gr\u00f6sse aufbauen sollen.<\/li>\n<li>R\u00fcckw\u00fcrfe sollen schrittweise verboten werden.<\/li>\n<li>F\u00fcr europ\u00e4ische Schiffe, die in aussereurop\u00e4ischen Gew\u00e4ssern unterwegs sind, sollen die gleichen Regeln gelten wie f\u00fcr die Schiffe in EU-Gew\u00e4ssern.<\/li>\n<li>Die EU-Staaten sollen ihre zu grossen Flotten abbauen und in Einklang mit den Fangm\u00f6glichkeiten bringen.<\/li>\n<li>Die nachhaltige, kleinskalige und handwerkliche Fischerei soll bevorzugte Zugangsrechte zu den Fangm\u00f6glichkeiten erhalten. (<a title=\"Zur Pressemitteilung des EU-Parlaments\" href=\"http:\/\/www.europarl.europa.eu\/news\/de\/pressroom\/content\/20130201IPR05571\/html\/Reform-der-EU-Fischereipolitik-Parlament-fordert-Ende-der-%C3%9Cberfischung\" target=\"_blank\" rel=\"noopener noreferrer\">Mehr Informationen auf der Seite des EU-Parlaments<\/a>)<\/li>\n<\/ul>\n<p>Bisher hat besonders die \u00dcberfischungsindustrie von der EU-Fischereipolitik profitiert \u2013 und ohne R\u00fccksicht auf den Schutz der Ozeane oder kleine Fischereibetriebe die Meere gepl\u00fcndert. Gerade haben meine Kollegen von Greenpeace UK einen <a title=\"Greenpeace-Nachricht: Gr\u00f6\u00dfter britischer Fischereiverband unterwandert\" href=\"http:\/\/www.greenpeace.de\/themen\/meere\/nachrichten\/artikel\/groesster_britischer_fischereiverband_unterwandert\/\" target=\"_blank\" rel=\"noopener noreferrer\">Report ver\u00f6ffentlicht, der am Beispiel Grossbritannien zeigt, wie die Fischereipolitik von industriellen Lobbyisten gelenkt wird. <\/a>Doch zur\u00fcck zur heutigen Entscheidung: Mit einer angemessenen Fangquote und dem Verbot, unerw\u00fcnschten Fang im Meer zu entsorgen, werden sich bedrohte Fischbest\u00e4nde, wie zum Beispiel der Nordseekabeljau, erholen k\u00f6nnen.<br \/> Was das R\u00fcckwurf-Verbot allerdings f\u00fcr die deutsche Krabbenfischerei bedeutet, ist nach wie vor ungekl\u00e4rt. Dieser Fischereizweig ist bekannt f\u00fcr seine hohen Beif\u00e4nge, in denen zahlreiche Meerestiere wie Muscheln, Krebse und Seesterne, aber auch Jungschollen und andere Speisefische verenden. Das muss aufh\u00f6ren.<\/p>\n<p>Jetzt liegt der Ball wieder im Feld des Rates der Fischereiminister, der zu den Parlamentsvorschl\u00e4gen Stellung beziehen muss. Das wird in den n\u00e4chsten Wochen passieren. Es ist davon auszugehen, dass Spanien und Frankreich die Argumente der \u00dcberfischungsindustrie massiv im Rat vertreten werden und es dort zu hitzigen Debatten kommen wird. Die irische EU-Ratspr\u00e4sidentschaft strebt den Abschluss des Reformprozesses f\u00fcr Ende Juni 2013 an.<\/p>\n<\/p>\n<div class=\"events-box big-box right\">\n<div class=\"frame\">\n        <a class=\"open-img EnlargeImage\" href=\"https:\/\/www.greenpeace.ch\/static\/planet4-switzerland-stateless\/2019\/05\/03d3450d-03d3450d-gp04bni.jpg\" title=\"\"><br \/>\n            <img decoding=\"async\" id=\"ctl00_cphContentArea_epiEntryContent_ctl00_ctl02_Image1\" class=\"Thumbnail\" src=\"https:\/\/www.greenpeace.ch\/static\/planet4-switzerland-stateless\/2019\/05\/03d3450d-03d3450d-gp04bni.jpg\" alt=\"\" style=\"border-width:0px;\"><\/p>\n<p>        <\/a>\n    <\/div>\n<div class=\"events-content\">\n        <span class=\"date\">Mittwoch, 6. Februar 2013<\/span><br \/>\n        <strong><\/strong><\/p>\n<p>\n            \u00a9 Alex Hofford\n        <\/p>\n<\/p>\n<\/div>\n<\/div>\n<p>\u00a0\n<\/p>\n<\/div>\n<\/div>\n","protected":false},"excerpt":{"rendered":"<p>Das EU-Parlament hat heute \u00fcber das Herzst\u00fcck der Reform der gemeinsamen EU-Fischereipolitik abgestimmt. Es hat der \u00dcberfischung sowie dem Beifang erfreulicherweise den Kampf angesagt. Meeresexperte Thilo Maack von Greenpeace Deutschland&hellip;<\/p>\n","protected":false},"author":23,"featured_media":12932,"comment_status":"closed","ping_status":"open","sticky":false,"template":"","format":"standard","meta":{"_acf_changed":false,"_planet4_optimize_post_is_variant":false,"_planet4_optimize_experiment_name":"","_planet4_optimize_variant_name":"","ep_exclude_from_search":false,"p4_og_title":"","p4_og_description":"","p4_og_image":"","p4_og_image_id":"","p4_seo_canonical_url":"","p4_campaign_name":"","p4_local_project":"","p4_basket_name":"","p4_department":"","footnotes":""},"categories":[1],"tags":[41],"p4-page-type":[75],"gpch-article-type":[],"class_list":["post-12930","post","type-post","status-publish","format-standard","has-post-thumbnail","hentry","category-unkategorisiert","tag-meer","p4-page-type-story"],"acf":[],"_links":{"self":[{"href":"https:\/\/www.greenpeace.ch\/de\/wp-json\/wp\/v2\/posts\/12930","targetHints":{"allow":["GET"]}}],"collection":[{"href":"https:\/\/www.greenpeace.ch\/de\/wp-json\/wp\/v2\/posts"}],"about":[{"href":"https:\/\/www.greenpeace.ch\/de\/wp-json\/wp\/v2\/types\/post"}],"author":[{"embeddable":true,"href":"https:\/\/www.greenpeace.ch\/de\/wp-json\/wp\/v2\/users\/23"}],"replies":[{"embeddable":true,"href":"https:\/\/www.greenpeace.ch\/de\/wp-json\/wp\/v2\/comments?post=12930"}],"version-history":[{"count":0,"href":"https:\/\/www.greenpeace.ch\/de\/wp-json\/wp\/v2\/posts\/12930\/revisions"}],"wp:featuredmedia":[{"embeddable":true,"href":"https:\/\/www.greenpeace.ch\/de\/wp-json\/wp\/v2\/media\/12932"}],"wp:attachment":[{"href":"https:\/\/www.greenpeace.ch\/de\/wp-json\/wp\/v2\/media?parent=12930"}],"wp:term":[{"taxonomy":"category","embeddable":true,"href":"https:\/\/www.greenpeace.ch\/de\/wp-json\/wp\/v2\/categories?post=12930"},{"taxonomy":"post_tag","embeddable":true,"href":"https:\/\/www.greenpeace.ch\/de\/wp-json\/wp\/v2\/tags?post=12930"},{"taxonomy":"p4-page-type","embeddable":true,"href":"https:\/\/www.greenpeace.ch\/de\/wp-json\/wp\/v2\/p4-page-type?post=12930"},{"taxonomy":"gpch-article-type","embeddable":true,"href":"https:\/\/www.greenpeace.ch\/de\/wp-json\/wp\/v2\/gpch-article-type?post=12930"}],"curies":[{"name":"wp","href":"https:\/\/api.w.org\/{rel}","templated":true}]}}