{"id":12934,"date":"2013-01-31T00:00:00","date_gmt":"2013-01-30T22:00:00","guid":{"rendered":"https:\/\/master.greenpeace.ch\/beitrag\/12934\/eu-kommission-empfiehlt-restriktionen-gegen-bienenschaedliche-insektizide\/"},"modified":"2019-05-30T11:48:45","modified_gmt":"2019-05-30T09:48:45","slug":"eu-kommission-empfiehlt-restriktionen-gegen-bienenschaedliche-insektizide","status":"publish","type":"post","link":"https:\/\/www.greenpeace.ch\/de\/story\/12934\/eu-kommission-empfiehlt-restriktionen-gegen-bienenschaedliche-insektizide\/","title":{"rendered":"EU-Kommission empfiehlt Restriktionen gegen bienensch\u00e4dliche Insektizide"},"content":{"rendered":"<p>&nbsp;<\/p>\n<div class=\"post-content\">\n<div>\n<div class=\"events-box middle-box left\">\n<div class=\"frame\"><a class=\"open-img EnlargeImage\" title=\"\" href=\"https:\/\/www.greenpeace.ch\/static\/planet4-switzerland-stateless\/2019\/05\/8c64cc29-8c64cc29-130131_bee.jpg\"><br \/>\n<img decoding=\"async\" id=\"ctl00_cphContentArea_epiEntryContent_ctl00_ctl02_Image1\" class=\"Thumbnail\" style=\"border-width: 0px;\" src=\"https:\/\/www.greenpeace.ch\/static\/planet4-switzerland-stateless\/2019\/05\/8c64cc29-8c64cc29-130131_bee.jpg\" alt=\"\" \/><\/a>&nbsp;<\/p>\n<\/div>\n<div class=\"events-content\"><span class=\"date\">Donnerstag, 31. Januar 2013<\/span><br \/>\n31.8.2008, \u00a9 Greenpeace \/ Pieter Boer<\/p>\n<\/div>\n<\/div>\n<p><a href=\"http:\/\/www.greenpeace.org\/eu-unit\/en\/News\/2013\/Commission-acts-on-bee-killing-pesticides\/\">Die EU-Kommission hat heute den EU-Mitgliedsstaaten empfohlen, Restriktionen einzuleiten gegen die bienensch\u00e4dlichen Insektizide Imidacloprid, Clothianidin und Thiamethoxam. <\/a>W\u00e4hrend auf EU-\u00c4ckern schon bald bienenfreundlicher produziert werden k\u00f6nnte, sind diese Produkte in der Schweiz noch immer zugelassen. Wann reagieren die Schweizer Beh\u00f6rden?<\/p>\n<p>In vielen Teilen Europas sind die Bienenv\u00f6lker stark r\u00fcckl\u00e4ufig. Ein Verbot dieser Pestizide ist leider nur ein begrenzter Schutz und ein erster richtiger Schritt. Das Verschwinden der Bienen ist ein Symptom einer Landwirtschaft, die intensiv Chemikalien einsetzt und die Artenvielfalt reduziert. Davon profitieren in erster Linie m\u00e4chtige Konzerne wie Bayer und Syngenta. Die einzige L\u00f6sung ist ein Paradigmenwechsel zu einer nachhaltigen Landwirtschaft.<\/p>\n<p><a href=\"http:\/\/www.greenpeace.org\/switzerland\/de\/News_Stories\/Newsblog\/eu-studie-pestizide-bedrohen-die-existenz-der\/blog\/43686\/\">Vor zwei Wochen hatte die EU-Beh\u00f6rde f\u00fcr Lebensmittelsicherheit (Efsa) mitgeteilt, dass die nun zum Verbot empfohlenen Insektizide ein Risiko f\u00fcr die Bienen darstellen.<\/a> Neonicotinoide sind Nervengifte. Zuvor, im Dezember hatte das <a href=\"http:\/\/www.europarl.europa.eu\/committees\/en\/studiesdownload.html?languageDocument=EN&amp;file=79433\">EU-Parlament in einem Report auf Studien hingewiesen<\/a>, die ebenfalls belegen, dass Neonicotinoide sehr giftig f\u00fcr Honigbienen sind. Schon eine geringe Dosierung k\u00f6nne bei Bienen zu Flug- und Navigationsproblemen f\u00fchren, die Fortpflanzungsf\u00e4higkeit sowie die F\u00e4higkeit der Nahrungssuche reduzieren.<\/p>\n<p>Bienen spielen eine wichtige Rolle bei der Vermehrung vieler Pflanzen. Wenn sie als Best\u00e4uber ausfallen, schadet dies nicht nur der Umwelt, sondern auch der Nahrungsmittelproduktion.<\/p>\n<p>Greenpeace fordert in der Schweiz einen sofortigen Einsatzstopp von bienengef\u00e4hrlichen Pestiziden. Insbesondere die Wirkstoffe Clothianidin, Imidacloprid, Thiametoxam und Fipronil sind vom Markt zu nehmen. In Frankreich, Slowenien oder Italien sind diese Mittel teilweise verboten. Es braucht ein transparenteres, unabh\u00e4ngiges und erweitertes Zulassungsverfahren f\u00fcr Chemikalien. Zudem ist eine klar definierte nationale Strategie zur Reduktion des Einsatzes von Pestiziden notwendig sowie eine konsequente F\u00f6rderung des biologischen Anbaus (Direktzahlungen, Forschung\/Bildung, Biodiversit\u00e4tsf\u00f6rderung) und einer optimierten integrierten Produktion (vermehrter Verzicht auf Chemikalien, Biodiversit\u00e4tsf\u00f6rderung).<\/p>\n<p><a class=\"zoom\" href=\"http:\/\/bienenschutz.ch\/\" target=\"_blank\" rel=\"noopener noreferrer\">&gt;&gt; Unterzeichnen Sie die Petition zum Schutz der Bienen!<\/a><\/p>\n<\/div>\n<\/div>\n","protected":false},"excerpt":{"rendered":"<p>&nbsp; &nbsp; Donnerstag, 31. Januar 2013 31.8.2008, \u00a9 Greenpeace \/ Pieter Boer Die EU-Kommission hat heute den EU-Mitgliedsstaaten empfohlen, Restriktionen einzuleiten gegen die bienensch\u00e4dlichen Insektizide Imidacloprid, Clothianidin und Thiamethoxam. W\u00e4hrend&hellip;<\/p>\n","protected":false},"author":23,"featured_media":12936,"comment_status":"closed","ping_status":"open","sticky":false,"template":"","format":"standard","meta":{"_acf_changed":false,"_planet4_optimize_post_is_variant":false,"_planet4_optimize_experiment_name":"","_planet4_optimize_variant_name":"","ep_exclude_from_search":false,"p4_og_title":"","p4_og_description":"","p4_og_image":"","p4_og_image_id":"","p4_seo_canonical_url":"","p4_campaign_name":"","p4_local_project":"","p4_basket_name":"","p4_department":"","footnotes":""},"categories":[1],"tags":[33],"p4-page-type":[75],"gpch-article-type":[],"class_list":["post-12934","post","type-post","status-publish","format-standard","has-post-thumbnail","hentry","category-unkategorisiert","tag-ernaehrung","p4-page-type-story"],"acf":[],"_links":{"self":[{"href":"https:\/\/www.greenpeace.ch\/de\/wp-json\/wp\/v2\/posts\/12934","targetHints":{"allow":["GET"]}}],"collection":[{"href":"https:\/\/www.greenpeace.ch\/de\/wp-json\/wp\/v2\/posts"}],"about":[{"href":"https:\/\/www.greenpeace.ch\/de\/wp-json\/wp\/v2\/types\/post"}],"author":[{"embeddable":true,"href":"https:\/\/www.greenpeace.ch\/de\/wp-json\/wp\/v2\/users\/23"}],"replies":[{"embeddable":true,"href":"https:\/\/www.greenpeace.ch\/de\/wp-json\/wp\/v2\/comments?post=12934"}],"version-history":[{"count":0,"href":"https:\/\/www.greenpeace.ch\/de\/wp-json\/wp\/v2\/posts\/12934\/revisions"}],"wp:featuredmedia":[{"embeddable":true,"href":"https:\/\/www.greenpeace.ch\/de\/wp-json\/wp\/v2\/media\/12936"}],"wp:attachment":[{"href":"https:\/\/www.greenpeace.ch\/de\/wp-json\/wp\/v2\/media?parent=12934"}],"wp:term":[{"taxonomy":"category","embeddable":true,"href":"https:\/\/www.greenpeace.ch\/de\/wp-json\/wp\/v2\/categories?post=12934"},{"taxonomy":"post_tag","embeddable":true,"href":"https:\/\/www.greenpeace.ch\/de\/wp-json\/wp\/v2\/tags?post=12934"},{"taxonomy":"p4-page-type","embeddable":true,"href":"https:\/\/www.greenpeace.ch\/de\/wp-json\/wp\/v2\/p4-page-type?post=12934"},{"taxonomy":"gpch-article-type","embeddable":true,"href":"https:\/\/www.greenpeace.ch\/de\/wp-json\/wp\/v2\/gpch-article-type?post=12934"}],"curies":[{"name":"wp","href":"https:\/\/api.w.org\/{rel}","templated":true}]}}