{"id":12965,"date":"2013-01-23T00:00:00","date_gmt":"2013-01-22T22:00:00","guid":{"rendered":"https:\/\/master.greenpeace.ch\/beitrag\/12965\/flagge-der-zukunft\/"},"modified":"2019-05-30T11:50:13","modified_gmt":"2019-05-30T09:50:13","slug":"flagge-der-zukunft","status":"publish","type":"post","link":"https:\/\/www.greenpeace.ch\/de\/story\/12965\/flagge-der-zukunft\/","title":{"rendered":"Flagge der Zukunft"},"content":{"rendered":"<p><b>Zusammen mit der Weltorganisation der Pfadfinderinnen WAGGGS hat Greenpeace den Design-Wettbewerb &#171;Flag for the Future&#187; ins Leben gerufen. Mit dem Wettbewerb wird nach dem Design f\u00fcr eine Flagge gesucht, die nicht f\u00fcr ein Land oder ein Volk steht, sondern f\u00fcr eine Idee: N\u00e4chstes Jahr wird Greenpeace die &#171;Flagge der Zukunft&#187; gemeinsam mit mehr als zwei Millionen Unterschriften am Nordpol befestigen \u2013 und damit ein Symbol f\u00fcr die Jugend der Welt und den Schutz der Arktis schaffen. (Falls noch nicht geschehen: Unterschreib\u2019 bis zum 27. Februar 2013 die Petition zum Schutz der Arktis auf savethearctic.org, damit auch dein Name mitgenommen wird!)<\/b><\/p>\n<div class=\"post-content\">\n<div>\n<div class=\"post-content\">\n<div>\n<h4><img decoding=\"async\" title=\"Design-Wettbewerb von Greenpeace\" src=\"https:\/\/p3-admin.greenpeace.org\/austria\/community_images\/79\/245179\/64968_115678.jpg\" alt=\"Design-Wettbewerb von Greenpeace\" width=\"600\"><\/h4>\n<h4>\u00a0<\/h4>\n<h4>Jung? Kreativ? Umweltbewusst? Dann h\u00e4tten wir vielleicht was f\u00fcr dich\u2026<\/h4>\n<p>Zusammen mit der Weltorganisation der Pfadfinderinnen WAGGGS hat Greenpeace den <a class=\"zoom\" href=\"http:\/\/www.flagforthefuture.org\/\" target=\"_blank\" rel=\"noopener noreferrer\">Design-Wettbewerb &#171;Flag for the Future&#187;<\/a> ins Leben gerufen. Mit dem Wettbewerb wird nach dem Design f\u00fcr eine Flagge gesucht, die nicht f\u00fcr ein Land oder ein Volk steht, sondern f\u00fcr eine Idee: N\u00e4chstes Jahr wird Greenpeace die &#171;Flagge der Zukunft&#187; gemeinsam mit mehr als zwei Millionen Unterschriften am Nordpol befestigen \u2013 und damit ein Symbol f\u00fcr die Jugend der Welt und den Schutz der Arktis schaffen. (Falls noch nicht geschehen: Unterschreib\u2019 bis zum 27. Februar 2013 die Petition zum Schutz der Arktis auf <a class=\"zoom\" href=\"http:\/\/www.savethearctic.org\/\" target=\"_blank\" rel=\"noopener noreferrer\">savethearctic.org<\/a>, damit auch dein Name mitgenommen wird!)<\/p>\n<p>\u00a0<\/p>\n<h4>Jurymitglied Vivienne Westwood<\/h4>\n<\/p>\n<div class=\"events-box middle-box right\">\n<div class=\"frame reset-padding\">\n        <a class=\"open-img EnlargeImage\" href=\"https:\/\/www.greenpeace.ch\/static\/planet4-switzerland-stateless\/2019\/05\/36b69370-36b69370-vivienne.jpg\" title=\"\"><br \/>\n            <img decoding=\"async\" id=\"ctl00_cphContentArea_epiEntryContent_ctl00_ctl02_Image1\" class=\"Thumbnail\" src=\"https:\/\/www.greenpeace.ch\/static\/planet4-switzerland-stateless\/2019\/05\/36b69370-36b69370-vivienne.jpg\" alt=\"\" style=\"border-width:0px;\"><\/p>\n<p>        <\/a>\n    <\/div>\n<div class=\"hidden\">\n        <span class=\"date\"><\/span><br \/>\n        <strong><\/strong><\/p>\n<\/p>\n<\/div>\n<\/div>\n<p>Wenn nichts passiert, werden die jungen Generationen von heute eine Zeit erleben, in der die Arktis im Sommer komplett abgeschmolzen ist. Greenpeace ruft deshalb alle kreativen und umweltbewussten Menschen im Alter zwischen 6 und 26 Jahren dazu auf, eine Flagge zu gestalten, die ein Zeichen f\u00fcr Frieden, Hoffnung und internationale Gemeinschaft setzt. Niemand Geringeres als Modeikone Vivienne Westwood wird auf einem der Jurysessel Platz nehmen, um \u00fcber das Gewinner-Design zu entscheiden, aus dem Greenpeace eine echte Flagge produzieren wird, die im n\u00e4chsten Jahr am Nordpol befestigt wird. 15 Finalisten werden au\u00dferdem mit \u201cSch\u00fctzt die Arktis\u201d-T-Shirts und dem au\u00dferordentlich h\u00fcbschen Bildband \u201cArktis: Schatzkammer des Nordens\u201d (signiert von Vivienne Westwood) pr\u00e4miert.<\/p>\n<p>\u00a0<\/p>\n<h4>In aller K\u00fcrze die wichtigsten Details zu dem Wettbewerb:<\/h4>\n<p><strong>1. Die Flagge der Zukunft<\/strong> repr\u00e4sentiert die Jugend der Welt \u2013 sie steht symbolisch f\u00fcr Frieden, Hoffnung und internationale Gemeinschaft.<\/p>\n<p><strong>2. Der Wettbewerb<\/strong> ist Teil der <a class=\"zoom\" href=\"http:\/\/www.savethearctic.org\/\" target=\"_blank\" rel=\"noopener noreferrer\">Greenpeace-Kampagne zum Schutz der Arktis<\/a>. N\u00e4chstes Jahr wird Greenpeace die Flagge auf einer Expedition zum Nordpol mitnehmen. Zusammen mit den Namen der \u00fcber zwei Millionen Menschen, die auf <a class=\"zoom\" href=\"http:\/\/www.savethearctic.org\/\" target=\"_blank\" rel=\"noopener noreferrer\">savethearctic.org<\/a> f\u00fcr den Schutz der Arktis unterschrieben haben, wird die Flagge der Zukunft in einer Kapsel am Meeresgrund befestigt.<\/p>\n<p><strong>3. Die Flagge der Zukunft ist dreieckig<\/strong> (wie ein Wimpel). F\u00fcr das richtige Format ladet entweder <a class=\"zoom\" href=\"http:\/\/de.scribd.com\/doc\/116514884\" target=\"_blank\" rel=\"noopener noreferrer\">die Vorlage<\/a> herunter oder schaut euch das Video mit der Anleitung an:<\/p>\n<p><iframe loading=\"lazy\" width=\"640\" height=\"360\" src=\"https:\/\/www.youtube.com\/embed\/YGQE63gDGRA?feature=player_embedded\" frameborder=\"0\" allowfullscreen=\"\"><\/iframe>\u00a0<\/p>\n<p><strong>4. Das Design kannst du mit den Mitteln deiner Wahl<\/strong> anfertigen. Stifte, Tusche, Photoshop, Collage: Alles kann, nichts muss. Nur mit Bewegtbild-Flaggen k\u00f6nnen wir nichts anfangen. Wenn du willst, kannst du mit maximal 300 W\u00f6rtern erkl\u00e4ren, wie dein Entwurf entstanden ist.<\/p>\n<p><strong>5. Wenn du noch nicht 18 Jahre alt bist<\/strong>, darfst du an dem Wettbewerb nur mit Erlaubnis deiner Eltern teilnehmen.<\/p>\n<p><strong>6. Einsendeschluss f\u00fcr den Wettbewerb ist der 27. Februar 2013.<\/strong><\/p>\n<p><strong>7. Bitte verwende f\u00fcr die Gestaltung<\/strong> der Flagge nach M\u00f6glichkeit nur eigenes Material. Andernfalls m\u00fcsstest du l\u00fcckenlos nachweisen, dass der jeweilige Rechteinhaber mit der Verwendung seines Materials f\u00fcr deinen Entwurf einverstanden ist.<\/p>\n<p><strong>8. Eine Auswahl von Beitr\u00e4gen<\/strong> wird in einer flickr-Online-Gallerie ver\u00f6ffentlicht (siehe unten).<\/p>\n<p><strong>9. Lies bitte die ausf\u00fchrlichen<\/strong> <a class=\"zoom\" href=\"http:\/\/de.scribd.com\/doc\/116514739\" target=\"_blank\" rel=\"noopener noreferrer\">Teilnahmebedingungen f\u00fcr den Wettbewerb<\/a>.<\/p>\n<p><strong>10. Deinen Beitrag kannst du am besten<\/strong> online <a class=\"zoom\" href=\"http:\/\/www.wagggs.org\/en\/flagforthefuture\/howtoenter\" target=\"_blank\" rel=\"noopener noreferrer\">auf der Seite der WAGGGS<\/a> einreichen (die Seite ist auf englisch). Wenn du deinen Entwurf nicht mit dem Computer gemacht hast, kannst du ihn entweder abfotografieren oder einscannen und mit dem Anmeldeformular auf der Seite hochladen. Wenn du deinen Entwurf gerne mit der Post einreichen willst, kannst du ihn auch an folgende Adresse schicken:<\/p>\n<p>Flag for the Future<br \/>Canonbury Villas<br \/>London<br \/>N1 2PN<br \/>UK<\/p>\n<p>Die Online-Galerie mit einer Auswahl an Beitr\u00e4gen:<\/p>\n<\/div>\n<\/div>\n<p><iframe loading=\"lazy\" width=\"550\" height=\"550\" src=\"http:\/\/www.flickr.com\/slideShow\/index.gne?group_id=2150153@N22&amp;user_id=&amp;set_id=&amp;text=\">\u00a0<\/iframe><\/p>\n<\/div>\n<\/div>\n","protected":false},"excerpt":{"rendered":"<p>Zusammen mit der Weltorganisation der Pfadfinderinnen WAGGGS hat Greenpeace den Design-Wettbewerb &#8220;Flag for the Future&#8221; ins Leben gerufen. Mit dem Wettbewerb wird nach dem Design f\u00fcr eine Flagge gesucht, die&hellip;<\/p>\n","protected":false},"author":23,"featured_media":12967,"comment_status":"closed","ping_status":"open","sticky":false,"template":"","format":"standard","meta":{"_acf_changed":false,"_planet4_optimize_post_is_variant":false,"_planet4_optimize_experiment_name":"","_planet4_optimize_variant_name":"","ep_exclude_from_search":false,"p4_og_title":"","p4_og_description":"","p4_og_image":"","p4_og_image_id":"","p4_seo_canonical_url":"","p4_campaign_name":"","p4_local_project":"","p4_basket_name":"","p4_department":"","footnotes":""},"categories":[1],"tags":[41],"p4-page-type":[75],"gpch-article-type":[],"class_list":["post-12965","post","type-post","status-publish","format-standard","has-post-thumbnail","hentry","category-unkategorisiert","tag-meer","p4-page-type-story"],"acf":[],"_links":{"self":[{"href":"https:\/\/www.greenpeace.ch\/de\/wp-json\/wp\/v2\/posts\/12965","targetHints":{"allow":["GET"]}}],"collection":[{"href":"https:\/\/www.greenpeace.ch\/de\/wp-json\/wp\/v2\/posts"}],"about":[{"href":"https:\/\/www.greenpeace.ch\/de\/wp-json\/wp\/v2\/types\/post"}],"author":[{"embeddable":true,"href":"https:\/\/www.greenpeace.ch\/de\/wp-json\/wp\/v2\/users\/23"}],"replies":[{"embeddable":true,"href":"https:\/\/www.greenpeace.ch\/de\/wp-json\/wp\/v2\/comments?post=12965"}],"version-history":[{"count":0,"href":"https:\/\/www.greenpeace.ch\/de\/wp-json\/wp\/v2\/posts\/12965\/revisions"}],"wp:featuredmedia":[{"embeddable":true,"href":"https:\/\/www.greenpeace.ch\/de\/wp-json\/wp\/v2\/media\/12967"}],"wp:attachment":[{"href":"https:\/\/www.greenpeace.ch\/de\/wp-json\/wp\/v2\/media?parent=12965"}],"wp:term":[{"taxonomy":"category","embeddable":true,"href":"https:\/\/www.greenpeace.ch\/de\/wp-json\/wp\/v2\/categories?post=12965"},{"taxonomy":"post_tag","embeddable":true,"href":"https:\/\/www.greenpeace.ch\/de\/wp-json\/wp\/v2\/tags?post=12965"},{"taxonomy":"p4-page-type","embeddable":true,"href":"https:\/\/www.greenpeace.ch\/de\/wp-json\/wp\/v2\/p4-page-type?post=12965"},{"taxonomy":"gpch-article-type","embeddable":true,"href":"https:\/\/www.greenpeace.ch\/de\/wp-json\/wp\/v2\/gpch-article-type?post=12965"}],"curies":[{"name":"wp","href":"https:\/\/api.w.org\/{rel}","templated":true}]}}