{"id":13017,"date":"2012-12-21T00:00:00","date_gmt":"2012-12-20T22:00:00","guid":{"rendered":"https:\/\/master.greenpeace.ch\/beitrag\/13017\/endzeit-fuer-akw-muehleberg-ensi-zoegert-weiter\/"},"modified":"2019-05-30T11:51:41","modified_gmt":"2019-05-30T09:51:41","slug":"endzeit-fuer-akw-muehleberg-ensi-zoegert-weiter","status":"publish","type":"post","link":"https:\/\/www.greenpeace.ch\/de\/story\/13017\/endzeit-fuer-akw-muehleberg-ensi-zoegert-weiter\/","title":{"rendered":"Endzeit f\u00fcr AKW M\u00fchleberg: ENSI z\u00f6gert weiter"},"content":{"rendered":"<p><b><\/b><\/p>\n<div class=\"post-content\">\n<div>\n<p><img decoding=\"async\" style=\"vertical-align: text-bottom; margin: 1px;\" title=\"Das AKW M\u00fchleberg bleibt eine Bedrohung f\u00fcr die Schweiz\" src=\"https:\/\/www.greenpeace.ch\/static\/planet4-switzerland-stateless\/2019\/05\/12f90783-12f90783-34551_67729.jpg\" alt=\"\"><\/p>\n<h3><strong>Das Eidgen\u00f6ssische Nuklearsicherheitsinspektorat (ENSI) hat heute dem AKW\u00a0M\u00fchleberg neue Bedingungen f\u00fcr den Langzeitbetrieb gestellt. F\u00fcr Greenpeace ist diese gef\u00e4hrliche Verz\u00f6gerungstaktik v\u00f6llig inakzeptabel. Atomexperte\u00a0Florian Kasser fordert ein verbindliches Stilllegungskonzept.<\/strong><\/h3>\n<p>Eigentlich w\u00e4re heute gem\u00e4ss Maya-Kalender der richtige Tag gewesen, um das\u00a0Atomkraftwerk M\u00fchleberg abzuschalten. Wie nicht anders zu erwarten war, hat\u00a0jedoch das ENSI die Endzeit f\u00fcr das AKW erneut verschoben und\u00a0bis 2017 eine Frist f\u00fcr die Instandsetzung verf\u00fcgt. F\u00fcr Greenpeace sind allerdings die <a href=\"http:\/\/www.ensi.ch\/de\/2012\/12\/21\/langzeitbetrieb-des-kernkraftwerks-muhleberg-nur-unter-strengen-auflagen\/\" target=\"_blank\" rel=\"noopener noreferrer\">zehn auferlegten Massnahmen<\/a> keine Basis f\u00fcr den Weiterbetrieb und schon gar nicht f\u00fcr eine Fristverl\u00e4ngerung, welche \u00fcber die vom Bundesverwaltungsgericht festgelegte Dauer bis 28. Juni 2013 hinausgeht.<\/p>\n<p>\u201eDie Verz\u00f6gerungstaktik des ENSI ist inakzeptabel\u201c, sagt Florian Kasser,\u00a0Atomexperte von Greenpeace Schweiz. Zwar sei positiv zu bewerten, dass der\u00a0Umsetzungsplan f\u00fcr s\u00e4mtliche Nachr\u00fcstungen bis am 30. Juni 2013 vorliegen muss.\u00a0\u201eAber der Termin f\u00fcr die Implementierung der Massnahmen ist viel zu sp\u00e4t und es wird sich aus\u00a0finanzieller Sicht nicht rentieren, f\u00fcr nur f\u00fcnf Jahre die geplanten\u00a0Verbesserungen vorzunehmen\u201c, sagt Kasser. Diese Woche hat n\u00e4mlich die BKW angek\u00fcndigt, dass die Nachr\u00fcstung teuer werde als angenommen (<a href=\"http:\/\/www.greenpeace.org\/switzerland\/de\/News_Stories\/Newsblog\/kommentar-von-florian-kasser-atomexperte-bei-\/blog\/43462\/\" target=\"_blank\" rel=\"noopener noreferrer\">Newsblog vom 17. Dezember 2012<\/a>). Und bereits im M\u00e4rz hatte sie mitgeteilt, dass es sp\u00e4testens im Jahr 2022 das AKW M\u00fchleberg definitiv vom Netz nehmen will, was \u00fcbrigens auch der Position des Kantons Bern entspricht.<\/p>\n<p><strong>Greenpeace fordert Stilllegungskonzept<\/strong><\/p>\n<p>Vorl\u00e4ufig bleibt das AKW mit seinen offensichtlichen Sicherheitsm\u00e4ngeln\u00a0eine Zeitbombe, die mindestens f\u00fcr die Schweiz den Weltuntergang bedeuten k\u00f6nnte. \u201eEs ist an der Zeit, der Hinhaltetaktik der BKW einen Riegel zu schieben und darauf zu verzichten, weitere Verbesserungen nachzufordern. Das ENSI muss f\u00fcr das AKW M\u00fchleberg endlich ein verbindliches Stilllegungskonzept einfordern\u201c, verlangt Kasser.<\/p>\n<p>Auch der Kanton Bern ist gefordert, seine Passivit\u00e4t abzulegen und Verantwortung\u00a0zu \u00fcbernehmen. Als Hauptaktion\u00e4r des AKW M\u00fchleberg w\u00fcrde er zwar finanziell\u00a0mitbluten, wenn heute der Betrieb stillgelegt w\u00fcrde. Aber der Kanton hat\u00a0jahrelang von den Gewinnen profitiert und steht nun ebenfalls in der Pflicht.\u00a0<\/p>\n<\/div>\n<\/div>\n","protected":false},"excerpt":{"rendered":"<p>Das Eidgen\u00f6ssische Nuklearsicherheitsinspektorat (ENSI) hat heute dem AKW\u00a0M\u00fchleberg neue Bedingungen f\u00fcr den Langzeitbetrieb gestellt. F\u00fcr Greenpeace ist diese gef\u00e4hrliche Verz\u00f6gerungstaktik v\u00f6llig inakzeptabel. Atomexperte\u00a0Florian Kasser fordert ein verbindliches Stilllegungskonzept. Eigentlich w\u00e4re&hellip;<\/p>\n","protected":false},"author":23,"featured_media":13019,"comment_status":"closed","ping_status":"open","sticky":false,"template":"","format":"standard","meta":{"_acf_changed":false,"_planet4_optimize_post_is_variant":false,"_planet4_optimize_experiment_name":"","_planet4_optimize_variant_name":"","ep_exclude_from_search":false,"p4_og_title":"","p4_og_description":"","p4_og_image":"","p4_og_image_id":"","p4_seo_canonical_url":"","p4_campaign_name":"","p4_local_project":"","p4_basket_name":"","p4_department":"","footnotes":""},"categories":[1],"tags":[50],"p4-page-type":[75],"gpch-article-type":[],"class_list":["post-13017","post","type-post","status-publish","format-standard","has-post-thumbnail","hentry","category-unkategorisiert","tag-klima","p4-page-type-story"],"acf":[],"_links":{"self":[{"href":"https:\/\/www.greenpeace.ch\/de\/wp-json\/wp\/v2\/posts\/13017","targetHints":{"allow":["GET"]}}],"collection":[{"href":"https:\/\/www.greenpeace.ch\/de\/wp-json\/wp\/v2\/posts"}],"about":[{"href":"https:\/\/www.greenpeace.ch\/de\/wp-json\/wp\/v2\/types\/post"}],"author":[{"embeddable":true,"href":"https:\/\/www.greenpeace.ch\/de\/wp-json\/wp\/v2\/users\/23"}],"replies":[{"embeddable":true,"href":"https:\/\/www.greenpeace.ch\/de\/wp-json\/wp\/v2\/comments?post=13017"}],"version-history":[{"count":0,"href":"https:\/\/www.greenpeace.ch\/de\/wp-json\/wp\/v2\/posts\/13017\/revisions"}],"wp:featuredmedia":[{"embeddable":true,"href":"https:\/\/www.greenpeace.ch\/de\/wp-json\/wp\/v2\/media\/13019"}],"wp:attachment":[{"href":"https:\/\/www.greenpeace.ch\/de\/wp-json\/wp\/v2\/media?parent=13017"}],"wp:term":[{"taxonomy":"category","embeddable":true,"href":"https:\/\/www.greenpeace.ch\/de\/wp-json\/wp\/v2\/categories?post=13017"},{"taxonomy":"post_tag","embeddable":true,"href":"https:\/\/www.greenpeace.ch\/de\/wp-json\/wp\/v2\/tags?post=13017"},{"taxonomy":"p4-page-type","embeddable":true,"href":"https:\/\/www.greenpeace.ch\/de\/wp-json\/wp\/v2\/p4-page-type?post=13017"},{"taxonomy":"gpch-article-type","embeddable":true,"href":"https:\/\/www.greenpeace.ch\/de\/wp-json\/wp\/v2\/gpch-article-type?post=13017"}],"curies":[{"name":"wp","href":"https:\/\/api.w.org\/{rel}","templated":true}]}}