{"id":13103,"date":"2012-11-26T00:00:00","date_gmt":"2012-11-25T22:00:00","guid":{"rendered":"https:\/\/master.greenpeace.ch\/beitrag\/13103\/themenwoche-energiewende-an-der-bfg\/"},"modified":"2019-05-30T11:54:44","modified_gmt":"2019-05-30T09:54:44","slug":"themenwoche-energiewende-an-der-bfg","status":"publish","type":"post","link":"https:\/\/www.greenpeace.ch\/de\/story\/13103\/themenwoche-energiewende-an-der-bfg\/","title":{"rendered":"Themenwoche Energiewende an der BfG"},"content":{"rendered":"<p><b><\/b><\/p>\n<div class=\"post-content\">\n<div>\n<div class=\"events-box small-box left\">\n<div class=\"frame\">\n        <a class=\"open-img EnlargeImage\" href=\"https:\/\/www.greenpeace.ch\/static\/planet4-switzerland-stateless\/2019\/05\/f2d4be22-f2d4be22-berufschule_fuer_gestaltung.jpg\" title=\"\"><br \/>\n            <img decoding=\"async\" id=\"ctl00_cphContentArea_epiEntryContent_ctl00_ctl02_Image1\" class=\"Thumbnail\" src=\"https:\/\/www.greenpeace.ch\/static\/planet4-switzerland-stateless\/2019\/05\/f2d4be22-f2d4be22-berufschule_fuer_gestaltung.jpg\" alt=\"\" style=\"border-width:0px;\"><\/p>\n<p>        <\/a>\n    <\/div>\n<div class=\"events-content\">\n        <span class=\"date\">Montag, 26. November 2012<\/span><br \/>\n        <strong><\/strong><\/p>\n<p>\n            Photovoltaik auf dem BfG-Dach\n        <\/p>\n<\/p>\n<\/div>\n<\/div>\n<p>Die Z\u00fcrcher Berufsschule f\u00fcr Gestaltung organisierte in der ersten Novemberwoche ganze f\u00fcnf Tage zum Thema \u201eEnergiewende\u201c. 1400 Sch\u00fclerinnen und Sch\u00fcler nahmen daran teil und setzten sich mit der Energiethematik auseinander. Ein Teil davon wurde von greenpeace betreut und besch\u00e4ftigte sich unter anderem damit, f\u00fcnf Solarpaneele auf dem Dach des Schulhauses am Limmatplatz aufzubauen.<\/p>\n<p>\u00a0<\/p>\n<p>\u00a0<\/p>\n<p>\u00a0<\/p>\n<p>\u00a0<\/p>\n<p>\u00a0<\/p>\n<p>\u00a0<\/p>\n<\/p>\n<div class=\"events-box small-box left\">\n<div class=\"frame\">\n        <a class=\"open-img EnlargeImage\" href=\"https:\/\/www.greenpeace.ch\/static\/planet4-switzerland-stateless\/2019\/05\/f8933c20-f8933c20-foto-fassade-ko.jpg\" title=\"\"><br \/>\n            <img decoding=\"async\" id=\"ctl00_cphContentArea_epiEntryContent_ctl00_ctl04_Image1\" class=\"Thumbnail\" src=\"https:\/\/www.greenpeace.ch\/static\/planet4-switzerland-stateless\/2019\/05\/f8933c20-f8933c20-foto-fassade-ko.jpg\" alt=\"\" style=\"border-width:0px;\"><\/p>\n<p>        <\/a>\n    <\/div>\n<div class=\"events-content\">\n        <span class=\"date\">Montag, 26. November 2012<\/span><br \/>\n        <strong><\/strong><\/p>\n<p>\n            Energieversprechen, Fassade BfG\n        <\/p>\n<\/p>\n<\/div>\n<\/div>\n<p>\u00a0<\/p>\n<p>Die Vormittage der Energiewoche wurden in verschiedene \u201eTatorte\u201c unterteilt, an den Nachmittagen wurde das gesammelte Wissen durch verschiedene schriftliche Auftr\u00e4ge verarbeitet. Ende der Woche formulierten die Sch\u00fcler aus ihren Erfahrungen \u201eEnergieversprechen\u201c. Eine Auswahl davon, gedruckt auf grosse Banner, sind noch bis Ende Monat auf der Fassade des Schulhauses Konradshof zu sehen.<\/p>\n<\/div>\n<\/div>\n","protected":false},"excerpt":{"rendered":"<p>Montag, 26. November 2012 Photovoltaik auf dem BfG-Dach Die Z\u00fcrcher Berufsschule f\u00fcr Gestaltung organisierte in der ersten Novemberwoche ganze f\u00fcnf Tage zum Thema \u201eEnergiewende\u201c. 1400 Sch\u00fclerinnen und Sch\u00fcler nahmen daran&hellip;<\/p>\n","protected":false},"author":23,"featured_media":13105,"comment_status":"closed","ping_status":"open","sticky":false,"template":"","format":"standard","meta":{"_acf_changed":false,"_planet4_optimize_post_is_variant":false,"_planet4_optimize_experiment_name":"","_planet4_optimize_variant_name":"","ep_exclude_from_search":false,"p4_og_title":"","p4_og_description":"","p4_og_image":"","p4_og_image_id":"","p4_seo_canonical_url":"","p4_campaign_name":"","p4_local_project":"","p4_basket_name":"","p4_department":"","footnotes":""},"categories":[1],"tags":[50],"p4-page-type":[75],"gpch-article-type":[],"class_list":["post-13103","post","type-post","status-publish","format-standard","has-post-thumbnail","hentry","category-unkategorisiert","tag-klima","p4-page-type-story"],"acf":[],"_links":{"self":[{"href":"https:\/\/www.greenpeace.ch\/de\/wp-json\/wp\/v2\/posts\/13103","targetHints":{"allow":["GET"]}}],"collection":[{"href":"https:\/\/www.greenpeace.ch\/de\/wp-json\/wp\/v2\/posts"}],"about":[{"href":"https:\/\/www.greenpeace.ch\/de\/wp-json\/wp\/v2\/types\/post"}],"author":[{"embeddable":true,"href":"https:\/\/www.greenpeace.ch\/de\/wp-json\/wp\/v2\/users\/23"}],"replies":[{"embeddable":true,"href":"https:\/\/www.greenpeace.ch\/de\/wp-json\/wp\/v2\/comments?post=13103"}],"version-history":[{"count":0,"href":"https:\/\/www.greenpeace.ch\/de\/wp-json\/wp\/v2\/posts\/13103\/revisions"}],"wp:featuredmedia":[{"embeddable":true,"href":"https:\/\/www.greenpeace.ch\/de\/wp-json\/wp\/v2\/media\/13105"}],"wp:attachment":[{"href":"https:\/\/www.greenpeace.ch\/de\/wp-json\/wp\/v2\/media?parent=13103"}],"wp:term":[{"taxonomy":"category","embeddable":true,"href":"https:\/\/www.greenpeace.ch\/de\/wp-json\/wp\/v2\/categories?post=13103"},{"taxonomy":"post_tag","embeddable":true,"href":"https:\/\/www.greenpeace.ch\/de\/wp-json\/wp\/v2\/tags?post=13103"},{"taxonomy":"p4-page-type","embeddable":true,"href":"https:\/\/www.greenpeace.ch\/de\/wp-json\/wp\/v2\/p4-page-type?post=13103"},{"taxonomy":"gpch-article-type","embeddable":true,"href":"https:\/\/www.greenpeace.ch\/de\/wp-json\/wp\/v2\/gpch-article-type?post=13103"}],"curies":[{"name":"wp","href":"https:\/\/api.w.org\/{rel}","templated":true}]}}