{"id":131693,"date":"2026-04-29T18:16:47","date_gmt":"2026-04-29T16:16:47","guid":{"rendered":"https:\/\/www.greenpeace.ch\/?p=131693"},"modified":"2026-04-29T18:16:56","modified_gmt":"2026-04-29T16:16:56","slug":"greenpeace-international-gegen-energy-transfer-musterfall-als-vorbild-fuer-die-schweiz","status":"publish","type":"post","link":"https:\/\/www.greenpeace.ch\/de\/story\/131693\/greenpeace-international-gegen-energy-transfer-musterfall-als-vorbild-fuer-die-schweiz\/","title":{"rendered":"Greenpeace International gegen Energy Transfer:  Musterfall als Vorbild f\u00fcr die Schweiz"},"content":{"rendered":"\n<p><strong>Der amerikanische \u00d6l-Multi Energy Transfer geht gegen Greenpeace International und Greenpeace Organisationen in den USA seit Jahren mit sogenannten Einsch\u00fcchterungsklagen vor. Im Februar verurteilte ein Regionalgericht im Bundesstaat North Dakota Greenpeace zur Zahlung von aberwitzigen 345 Millionen Dollar. <\/strong><a href=\"https:\/\/www.greenpeace.ch\/de\/story\/120376\/greenpeace-wehrt-sich-gegen-absurde-schadensersatzforderungen-in-klage-von-energy-transfer\/\"><strong> Greenpeace wehrt sich vor Gericht am Hauptsitz in den Niederlanden <\/strong><\/a><strong>dagegen<\/strong><strong>. Grundlage ist unter anderem eine EU-Richtlinie gegen Einsch\u00fcchterungsklagen. Das Gericht wird voraussichtlich am 3. Juni entscheiden, ob es f\u00fcr den Fall zust\u00e4ndig ist.<\/strong><\/p>\n\n<p class=\"is-style-accent-1\"><strong>Was sind Einsch\u00fcchterungsklagen?<\/strong><br>Eine Einsch\u00fcchterungsklage heisst auf Englisch kurz: SLAPP. Die Abk\u00fcrzung steht f\u00fcr \u00abStrategic Lawsuit Against Public Participation\u00bb. Auf Deutsch: \u00abStrategische Klage zur Behinderung an der \u00f6ffentlichen Beteiligung\u00bb.\u00a0<br><br>Einsch\u00fcchterungsklagen sind teilweise oder vollst\u00e4ndig unbegr\u00fcndet. Sie dienen dazu, maximalen Druck auf Akteur:innen der Zivilgesellschaft wie Journalist:innen, Aktivist:innen, Wissenschaftler:innen oder Nichtregierungsorganisationen auszu\u00fcben mit dem Ziel sie in Fragen von \u00f6ffentlichem Interesse mundtot zu machen. Dazu geh\u00f6ren etwa Umweltschutz, Menschenrechte und dubiose Gesch\u00e4ftspraktiken. Meist handelt es sich um Klagen wegen Ehr- oder Rufsch\u00e4digung in Form von Verleumdung oder \u00fcbler Nachrede.<br><br>Prim\u00e4res Ziel ist es nicht, vor Gericht zu gewinnen. Die beklagte Person oder Organisation soll vielmehr moralisch und finanziell zerm\u00fcrbt werden, so dass sie nicht mehr von ihrem demokratischen Recht auf freie Meinungs\u00e4usserung Gebrauch machen kann. Hinter Einsch\u00fcchterungsklagen stehen oft Unternehmen, aber auch autorit\u00e4r herrschende Politiker:innen oder Superreiche.<\/p>\n\n<p>Die Einsch\u00fcchtungersklagen des amerikanischen \u00d6l-Multis Energy Transfer gegen Greenpeace International sind ein Musterbeispiel daf\u00fcr, wie ein Unternehmen eine kritische Stimme zum Schweigen bringen m\u00f6chte. Auf dem Pr\u00fcfstand steht die Meinungs- und Demonstrationsfreiheit. Deshalb ist es wichtig, dass sich Greenpeace in den Niederlanden wehrt. Das sind die Hauptgr\u00fcnde:<\/p>\n\n<h2 class=\"wp-block-heading\">1) Greenpeace zieht Energy Transfer zur Verantwortung<\/h2>\n\n<p>\u00abEnergy Transfer muss sich der Justiz stellen. Greenpeace International klagt gem\u00e4ss niederl\u00e4ndischem und europ\u00e4ischem Recht gegen den amerikanischen \u00d6l-Multi wegen seiner wiederholten Versuche, unsere Meinungsfreiheit zu unterdr\u00fccken\u00bb, sagt Mads Christensen, Gesch\u00e4ftsleiter von Greenpeace International, in <a href=\"https:\/\/www.greenpeace.org\/international\/press-release\/82778\/dutch-court-greenpeace-internationals-arguments-against-energy-transfers-evade-accountability\/\" target=\"_blank\" rel=\"noreferrer noopener\">der Medienmitteilung von Greenpeace International zur Anh\u00f6rung vom 16. April<\/a>.<\/p>\n\n<p>Der Trend zu Einsch\u00fcchterungsklagen nimmt weltweit zu. Die Reihe von Klagen, die Energy Transfer gegen Greenpeace International und die Greenpeace-Organisationen in den USA angestrengt hat, ist ein besonders eklatantes Beispiel. Indem Greenpeace International Energy Transfer in Europa vor Gericht zieht, zeigt die Organisation, dass sie sich nicht einsch\u00fcchtern l\u00e4sst.<\/p>\n\n<figure class=\"wp-block-image size-large\"><img loading=\"lazy\" decoding=\"async\" width=\"1024\" height=\"683\" src=\"https:\/\/www.greenpeace.ch\/static\/planet4-switzerland-stateless\/2026\/04\/9c36441c-gp0su1ug5_medium-res-with-credit-line-1200px-1024x683.jpg\" alt=\"\" class=\"wp-image-131615\" srcset=\"https:\/\/www.greenpeace.ch\/static\/planet4-switzerland-stateless\/2026\/04\/9c36441c-gp0su1ug5_medium-res-with-credit-line-1200px-1024x683.jpg 1024w, https:\/\/www.greenpeace.ch\/static\/planet4-switzerland-stateless\/2026\/04\/9c36441c-gp0su1ug5_medium-res-with-credit-line-1200px-300x200.jpg 300w, https:\/\/www.greenpeace.ch\/static\/planet4-switzerland-stateless\/2026\/04\/9c36441c-gp0su1ug5_medium-res-with-credit-line-1200px-768x512.jpg 768w, https:\/\/www.greenpeace.ch\/static\/planet4-switzerland-stateless\/2026\/04\/9c36441c-gp0su1ug5_medium-res-with-credit-line-1200px-510x340.jpg 510w, https:\/\/www.greenpeace.ch\/static\/planet4-switzerland-stateless\/2026\/04\/9c36441c-gp0su1ug5_medium-res-with-credit-line-1200px.jpg 1200w\" sizes=\"auto, (max-width: 1024px) 100vw, 1024px\" \/><figcaption class=\"wp-element-caption\">Greenpeace-Aktivist:innen protestieren vor dem Rathaus in Dallas (USA) gegen Energy Transfer.<\/figcaption><\/figure>\n\n<p>Mads Christensen: \u00abWir werden uns weiterhin jeder Form von Einsch\u00fcchterung widersetzen und sind \u00fcberzeugt, dass sich Energy Transfer in den Niederlanden f\u00fcr seine Taten verantworten muss.\u00bb<\/p>\n\n<h2 class=\"wp-block-heading\">2) <strong>Greenpeace ebnet den Weg f\u00fcr andere Organisationen <\/strong>und Personen<\/h2>\n\n<p>Die Greenpeace-Klage in den Niederlanden ist von historischer Bedeutung. Sie ist die erste Klage, die sich auf die neue EU-Richtlinie gegen Einsch\u00fcchterungsklagen st\u00fctzt. Sie soll als Warnung f\u00fcr Tyrannen und Unternehmen dienen, deren Aktivit\u00e4ten die Umwelt, die Demokratie und die Grundfreiheiten bedrohen.<\/p>\n\n<figure class=\"wp-block-image size-large\"><img loading=\"lazy\" decoding=\"async\" width=\"1024\" height=\"683\" src=\"https:\/\/www.greenpeace.ch\/static\/planet4-switzerland-stateless\/2026\/04\/812442f0-gp0su4w8t_medium-res-with-credit-line-1200px-1024x683.jpg\" alt=\"\" class=\"wp-image-131618\" srcset=\"https:\/\/www.greenpeace.ch\/static\/planet4-switzerland-stateless\/2026\/04\/812442f0-gp0su4w8t_medium-res-with-credit-line-1200px-1024x683.jpg 1024w, https:\/\/www.greenpeace.ch\/static\/planet4-switzerland-stateless\/2026\/04\/812442f0-gp0su4w8t_medium-res-with-credit-line-1200px-300x200.jpg 300w, https:\/\/www.greenpeace.ch\/static\/planet4-switzerland-stateless\/2026\/04\/812442f0-gp0su4w8t_medium-res-with-credit-line-1200px-768x512.jpg 768w, https:\/\/www.greenpeace.ch\/static\/planet4-switzerland-stateless\/2026\/04\/812442f0-gp0su4w8t_medium-res-with-credit-line-1200px-510x340.jpg 510w, https:\/\/www.greenpeace.ch\/static\/planet4-switzerland-stateless\/2026\/04\/812442f0-gp0su4w8t_medium-res-with-credit-line-1200px.jpg 1200w\" sizes=\"auto, (max-width: 1024px) 100vw, 1024px\" \/><figcaption class=\"wp-element-caption\">Greenpeace-Aktivist:innen protestieren vor dem Energieministerium in Bukarest (Rum\u00e4nien) gegen Einsch\u00fcchterungsklagen.<\/figcaption><\/figure>\n\n<p>\u00abDas Verfahren sendet eine Botschaft an unsere Verb\u00fcndeten: Es ist Zeit, Widerstand zu leisten. Wir wissen, dass wir gemeinsam am st\u00e4rksten sind, und wir wissen, dass wir diesen Rechtsstreit gewinnen k\u00f6nnen\u00bb, schreibt Mads Christensen auf der <a href=\"https:\/\/www.greenpeace.org\/international\/story\/82769\/energy-transfer-big-oil-slapp-court-case\/\">Website von Greenpeace International<\/a>. \u00abWir wollen, dass alle Unternehmen wissen: Wenn sie eine Einsch\u00fcchterungsklage machen, wird sich diese Taktik gegen sie wenden.\u00bb<\/p>\n\n<h2 class=\"wp-block-heading\">3) <strong>Die Greenpeace-Klage als Vorbild f\u00fcr die z\u00f6gerliche Schweiz<\/strong><\/h2>\n\n<p><a href=\"https:\/\/www.greenpeace.org\/international\/story\/82769\/energy-transfer-big-oil-slapp-court-case\/\" target=\"_blank\" rel=\"noreferrer noopener\">Auch in der Schweiz nehmen Einsch\u00fcchterungsklagen zu<\/a>. Doch anders als in den Niederlanden und in der EU gibt es hierzulande noch keinen rechtlichen Schutz gegen SLAPP. Die Schweiz muss vorw\u00e4rts machen und dem Beispiel der EU-Richtlinie folgen. Das Recht zu protestieren, zu demonstrieren und sich gegen Aktivit\u00e4ten zu wehren, die der Umwelt und den Menschenrechten schaden, sind grundlegende S\u00e4ulen der Demokratie. Die Schweiz muss alles tun, um diese zu st\u00fctzen.<\/p>\n\n<figure class=\"wp-block-image size-large\"><img loading=\"lazy\" decoding=\"async\" width=\"1024\" height=\"683\" src=\"https:\/\/www.greenpeace.ch\/static\/planet4-switzerland-stateless\/2026\/04\/f8ea6407-gp0su8qlr_medium-res-with-credit-line-1200px-1024x683.jpg\" alt=\"\" class=\"wp-image-131622\" srcset=\"https:\/\/www.greenpeace.ch\/static\/planet4-switzerland-stateless\/2026\/04\/f8ea6407-gp0su8qlr_medium-res-with-credit-line-1200px-1024x683.jpg 1024w, https:\/\/www.greenpeace.ch\/static\/planet4-switzerland-stateless\/2026\/04\/f8ea6407-gp0su8qlr_medium-res-with-credit-line-1200px-300x200.jpg 300w, https:\/\/www.greenpeace.ch\/static\/planet4-switzerland-stateless\/2026\/04\/f8ea6407-gp0su8qlr_medium-res-with-credit-line-1200px-768x512.jpg 768w, https:\/\/www.greenpeace.ch\/static\/planet4-switzerland-stateless\/2026\/04\/f8ea6407-gp0su8qlr_medium-res-with-credit-line-1200px-510x340.jpg 510w, https:\/\/www.greenpeace.ch\/static\/planet4-switzerland-stateless\/2026\/04\/f8ea6407-gp0su8qlr_medium-res-with-credit-line-1200px.jpg 1200w\" sizes=\"auto, (max-width: 1024px) 100vw, 1024px\" \/><figcaption class=\"wp-element-caption\"><br>Solidaridarit\u00e4tsaktion von Greenpeace Schweiz auf dem Morteratschgletscher <\/figcaption><\/figure>\n\n<p><\/p>\n\n<h2 class=\"wp-block-heading\"><strong>Deine Spende hilft, die Meinungsfreiheit und das Recht auf Protest zu sch\u00fctzen<\/strong><\/h2>\n\n<p>Wir decken umweltsch\u00e4dliche Aktivit\u00e4ten von Unternehmen und Potentaten auf und verschaffen unserer Stimme Geh\u00f6r.<\/p>\n\t\t\t<section\n\t\t\tclass=\"boxout  \"\n\t\t\t\n\t\t>\n\t\t\t<a\n\t\t\t\tdata-ga-category=\"Take Action Boxout\"\n\t\t\t\tdata-ga-action=\"Image\"\n\t\t\t\tdata-ga-label=\"n\/a\"\n\t\t\t\tclass=\"cover-card-overlay\"\n\t\t\t\thref=\"https:\/\/www.greenpeace.ch\/de\/slapp\/\" \n\t\t\t><\/a>\n\t\t\t\t\t\t\t<img\n\t\t\t\t\t\tsrc=\"https:\/\/www.greenpeace.ch\/static\/planet4-switzerland-stateless\/2026\/03\/724cd3ca-gp0su83ij_low-res-with-credit-line-800px.jpg\"\n\t\t\t\t\t\tsrcset=\"https:\/\/www.greenpeace.ch\/static\/planet4-switzerland-stateless\/2026\/03\/724cd3ca-gp0su83ij_low-res-with-credit-line-800px-300x169.jpg 300w, https:\/\/www.greenpeace.ch\/static\/planet4-switzerland-stateless\/2026\/03\/724cd3ca-gp0su83ij_low-res-with-credit-line-800px-768x432.jpg 768w, https:\/\/www.greenpeace.ch\/static\/planet4-switzerland-stateless\/2026\/03\/724cd3ca-gp0su83ij_low-res-with-credit-line-800px-510x287.jpg 510w, https:\/\/www.greenpeace.ch\/static\/planet4-switzerland-stateless\/2026\/03\/724cd3ca-gp0su83ij_low-res-with-credit-line-800px.jpg 800w\"\n\t\t\t\t\t\tsizes=\"(min-width: 1000px) 358px, (min-width: 780px) 313px, 88px\"\n\t\t\t\t\t\talt=\"\" title=\"\"\n\t\t\t\t\/>\n            \t\t\t<div class=\"boxout-content\">\n\t\t\t\t\t\t\t\t\t<a\n\t\t\t\t\t\tclass=\"boxout-heading medium\"\n\t\t\t\t\t\tdata-ga-category=\"Take Action Boxout\"\n\t\t\t\t\t\tdata-ga-action=\"Title\"\n\t\t\t\t\t\tdata-ga-label=\"n\/a\"\n\t\t\t\t\t\thref=\"https:\/\/www.greenpeace.ch\/de\/slapp\/\"\n\t\t\t\t\t\t\n\t\t\t\t\t>\n\t\t\t\t\t\tDeine Spende hilft\n\t\t\t\t\t<\/a>\n\t\t\t\t\t\t\t\t\t\t\t\t\t<p class=\"boxout-excerpt\"><br>Jeder Beitrag unterst\u00fctzt unser Engagement f\u00fcr den Umweltschutz.<\/p>\n\t\t\t\t                                    <a\n                        class=\"btn btn-primary\"\n                        data-ga-category=\"Take Action Boxout\"\n                        data-ga-action=\"Call to Action\"\n                        data-ga-label=\"n\/a\"\n                        href=\"https:\/\/www.greenpeace.ch\/de\/slapp\/\"\n                        \n                    >\n                        Jetzt spenden\n                    <\/a>\n                \t\t\t<\/div>\n\t\t\t\t\t<\/section>\n\t","protected":false},"excerpt":{"rendered":"<p>Der amerikanische \u00d6l-Multi Energy Transfer geht gegen Greenpeace International und Greenpeace Organisationen in den USA seit Jahren mit sogenannten Einsch\u00fcchterungsklagen vor. <\/p>\n","protected":false},"author":111,"featured_media":131612,"comment_status":"closed","ping_status":"open","sticky":false,"template":"","format":"standard","meta":{"_acf_changed":false,"_planet4_optimize_post_is_variant":false,"_planet4_optimize_experiment_name":"","_planet4_optimize_variant_name":"","ep_exclude_from_search":false,"p4_og_title":"","p4_og_description":"","p4_og_image":"","p4_og_image_id":"","p4_seo_canonical_url":"","p4_campaign_name":"","p4_local_project":"","p4_basket_name":"","p4_department":"","footnotes":""},"categories":[1],"tags":[34,50],"p4-page-type":[75],"gpch-article-type":[],"class_list":["post-131693","post","type-post","status-publish","format-standard","has-post-thumbnail","hentry","category-unkategorisiert","tag-klimagerechtigkeit","tag-klima","p4-page-type-story"],"acf":[],"_links":{"self":[{"href":"https:\/\/www.greenpeace.ch\/de\/wp-json\/wp\/v2\/posts\/131693","targetHints":{"allow":["GET"]}}],"collection":[{"href":"https:\/\/www.greenpeace.ch\/de\/wp-json\/wp\/v2\/posts"}],"about":[{"href":"https:\/\/www.greenpeace.ch\/de\/wp-json\/wp\/v2\/types\/post"}],"author":[{"embeddable":true,"href":"https:\/\/www.greenpeace.ch\/de\/wp-json\/wp\/v2\/users\/111"}],"replies":[{"embeddable":true,"href":"https:\/\/www.greenpeace.ch\/de\/wp-json\/wp\/v2\/comments?post=131693"}],"version-history":[{"count":11,"href":"https:\/\/www.greenpeace.ch\/de\/wp-json\/wp\/v2\/posts\/131693\/revisions"}],"predecessor-version":[{"id":131722,"href":"https:\/\/www.greenpeace.ch\/de\/wp-json\/wp\/v2\/posts\/131693\/revisions\/131722"}],"wp:featuredmedia":[{"embeddable":true,"href":"https:\/\/www.greenpeace.ch\/de\/wp-json\/wp\/v2\/media\/131612"}],"wp:attachment":[{"href":"https:\/\/www.greenpeace.ch\/de\/wp-json\/wp\/v2\/media?parent=131693"}],"wp:term":[{"taxonomy":"category","embeddable":true,"href":"https:\/\/www.greenpeace.ch\/de\/wp-json\/wp\/v2\/categories?post=131693"},{"taxonomy":"post_tag","embeddable":true,"href":"https:\/\/www.greenpeace.ch\/de\/wp-json\/wp\/v2\/tags?post=131693"},{"taxonomy":"p4-page-type","embeddable":true,"href":"https:\/\/www.greenpeace.ch\/de\/wp-json\/wp\/v2\/p4-page-type?post=131693"},{"taxonomy":"gpch-article-type","embeddable":true,"href":"https:\/\/www.greenpeace.ch\/de\/wp-json\/wp\/v2\/gpch-article-type?post=131693"}],"curies":[{"name":"wp","href":"https:\/\/api.w.org\/{rel}","templated":true}]}}