{"id":131711,"date":"2026-04-30T09:15:00","date_gmt":"2026-04-30T07:15:00","guid":{"rendered":"https:\/\/www.greenpeace.ch\/?p=131711"},"modified":"2026-04-30T09:46:49","modified_gmt":"2026-04-30T07:46:49","slug":"keine-schwaechung-der-umweltversprechen","status":"publish","type":"post","link":"https:\/\/www.greenpeace.ch\/de\/medienmitteilung\/131711\/keine-schwaechung-der-umweltversprechen\/","title":{"rendered":"Keine Schw\u00e4chung der Umweltversprechen"},"content":{"rendered":"\n<p><strong><em>Medienkommentar zur Vernehmlassung landwirtschaftliches Verordnungspaket 2026<\/em><\/strong><\/p>\n\n<p><strong>Der Bundesrat will Mindestanforderungen abschw\u00e4chen, die unsere nat\u00fcrlichen Lebensgrundlagen wie Boden und Wasser sch\u00fctzen. Das Versprechen einer \u00f6kologischen Landwirtschaft als Gegenleistung f\u00fcr die grossz\u00fcgige Subventionierung des Sektors w\u00fcrde damit untergraben. Dagegen wehren sich die Umweltschutzorganisationen.<\/strong><\/p>\n\n<p>Die Schweizer Bev\u00f6lkerung unterst\u00fctzt die einheimische Landwirtschaft mit j\u00e4hrlich 3.67 Milliarden Franken, einem hohen Grenzschutz und entsprechend h\u00f6heren Lebensmittelpreisen. Im Gegenzug verpflichten sich die Landwirtschaftsbetriebe einen <a href=\"https:\/\/www.blw.admin.ch\/de\/oekologischer-leistungsnachweis\" target=\"_blank\" rel=\"noreferrer noopener\">\u00f6kologischen Leistungsnachweis (\u00d6LN)<\/a> zu erbringen, der die gute landwirtschaftliche Praxis zum Schutz nat\u00fcrlicher Lebensgrundlagen wie Boden und Wasser sicherstellt (Artikel 104 der Bundesverfassung). Im Rahmen des <a href=\"https:\/\/www.blw.admin.ch\/de\/landwirtschaftliches-verordnungspaket-2026\" target=\"_blank\" rel=\"noreferrer noopener\">landwirtschaftlichen Verordnungspakets 2026<\/a>, dessen Vernehmlassung am 6. Mai endet, will der Bundesrat nun eine Vielzahl von Bestimmungen im \u00d6LN abschaffen. \u00abDamit erhalten wir als Gesellschaft weniger von dem, wof\u00fcr wir bezahlen: nachhaltige Produktion und eine intakte Natur. Das ist unlauter\u00bb, findet Marcel Liner, Agrarpolitikexperte bei Pro Natura im Namen der Umweltschutzorganisationen.<\/p>\n\n<h2 class=\"wp-block-heading\"><strong>Vertrauen in Nachhaltigkeit der Landwirtschaft bedroht<\/strong><\/h2>\n\n<p>Fruchtbare B\u00f6den sind die Lebensgrundlage der Landwirtschaft und machen sie widerstandsf\u00e4hig gegen Klimaver\u00e4nderungen. F\u00fcr den Erhalt und Aufbau von Bodenfruchtbarkeit braucht es Fachwissen und eine langfristig schonende Bewirtschaftung. Wenn es nach dem Bundesrat geht, sollen die bisher obligatorischen Bodenproben und Anforderungen zum Schutz gegen Bodenverlust (bodenschonende Massnahmen) gestrichen, Regeln f\u00fcr den Pestizideinsatz verw\u00e4ssert und die Auswahl der frei einsetzbaren Insektizide vergr\u00f6ssert werden. Das w\u00e4re ein R\u00fcckschritt f\u00fcr die gesamte Landwirtschaft. \u00abAngesichts der vielen \u00f6kologischen Herausforderungen in der Landwirtschaft, insbesondere bei den Pestiziden, sollte der \u00d6LN gest\u00e4rkt anstatt geschw\u00e4cht werden\u00bb, ist Eva Goldmann, Pestizidexpertin beim WWF Schweiz, \u00fcberzeugt. So zeigen <a href=\"https:\/\/www.bafu.admin.ch\/de\/pestizidbelastung\" target=\"_blank\" rel=\"noreferrer noopener\">neuste Messungen<\/a>, dass die B\u00e4che seit 2023 weiterhin stark mit hochgiftigen Pestiziden belastet sind.<\/p>\n\n<h2 class=\"wp-block-heading\"><strong>Umweltauflagen sch\u00fctzen unsere Lebensgrundlagen<\/strong><\/h2>\n\n<p>Grunds\u00e4tzlich begr\u00fcssen die Umweltschutzorganisationen administrative Vereinfachungen. Entscheidend ist, dass die Gesamtwirkung landwirtschaftlicher Praktiken auf die Natur kontrolliert wird und der Bund bei Nichterreichen der Umweltziele verbindliche Massnahmen anordnen kann. \u00abWo Umweltanforderungen gelockert werden, m\u00fcssen Kompensationsmassnahmen eingef\u00fchrt werden. Die Bilanz f\u00fcr die Natur und unsere Gesundheit darf nicht verschlechtert, sondern muss vielmehr verbessert werden\u00bb, betont Jonas Sch\u00e4lle, Projektleiter Landwirtschaft bei BirdLife Schweiz.<\/p>\n\n<p>Die Umweltverb\u00e4nde lehnen die Vorlage ab und fordern den Bundesrat auf, die wichtigsten \u00c4nderungsvorschl\u00e4ge des \u00d6LN im Rahmen der Agrarpolitik 2030+ mit gen\u00fcgend Zeit unter den betroffenen Kreisen diskutieren zu k\u00f6nnen.<\/p>\n\n<h2 class=\"wp-block-heading\">Weitere Informationen<\/h2>\n\n<ul class=\"wp-block-list\">\n<li><a href=\"https:\/\/www.blw.admin.ch\/de\/bodenschutz\" target=\"_blank\" rel=\"noreferrer noopener\">Bodenschutz in der Landwirtschaft<\/a><\/li>\n\n\n\n<li><a href=\"https:\/\/www.pronatura.ch\/de\/boden\" target=\"_blank\" rel=\"noreferrer noopener\">Boden: Unbekannte Welt unter unseren F\u00fcssen | Pro Natura<\/a><\/li>\n<\/ul>\n\n<h2 class=\"wp-block-heading\">Kontakt<\/h2>\n\n<ul class=\"wp-block-list\">\n<li><strong>Pro Natura:<\/strong> Marcel Liner, Leiter Agrarpolitik, 061 317 92 40, <a href=\"mailto:marcel.liner@pronatura.ch\">marcel.liner@pronatura.ch<\/a><\/li>\n\n\n\n<li><strong>BirdLife Schweiz: <\/strong>Jonas Sch\u00e4lle, Projektleiter Landwirtschaft, 044 457 70 26, <a href=\"https:\/\/click.mail.wwf.ch\/?qs=eyJkZWtJZCI6ImY4MTMxYzdkLTY2ODEtNGZkNC05ZDA3LTNmNjViODlkMzJiMCIsImRla1ZlcnNpb24iOjEsIml2IjoiRU44L0ZuVXY1WCtCK0Y2T2ZIRmUwZz09IiwiY2lwaGVyVGV4dCI6InBUT2hnYmdGMmhjUFYxVlBLYWJYQk5CcjdleWdtSmFGL2tON2tUd2l1dWVRWkJhMStQclpSR2QwdFBqNkp0M0Y3MXFKdzZ1YldsNnpTcTdZbk1vR2hUbG9rNmZsQUJEZlB4WjFMK1YvZ2ZoZWpueHhYdEk9IiwiYXV0aFRhZyI6IldsNnpTcTdZbk1vR2hUbG9rNmZsQUE9PSJ9\" target=\"_blank\" rel=\"noreferrer noopener\">jonas.schaelle@birdlife.ch<\/a><\/li>\n\n\n\n<li><strong>Greenpeace Schweiz<\/strong>: Nico Frommherz, Experte f\u00fcr Food und Konsum, 078 233 35 22, <a href=\"mailto:nico.frommherz@greenpeace.ch\">nico.frommherz@greenpeace.ch<\/a><\/li>\n\n\n\n<li><strong>WWF Schweiz:<\/strong> Lydia Ebersbach, Mediensprecherin, 077 435 05 41, <a href=\"mailto:lydia.ebersbach@wwf.ch\">lydia.ebersbach@wwf.ch<\/a><\/li>\n<\/ul>\n\n<p><\/p>\n","protected":false},"excerpt":{"rendered":"<p>Medienkommentar zur Vernehmlassung landwirtschaftliches Verordnungspaket 2026<\/p>\n","protected":false},"author":103,"featured_media":131712,"comment_status":"closed","ping_status":"open","sticky":false,"template":"","format":"standard","meta":{"_acf_changed":false,"_planet4_optimize_post_is_variant":false,"_planet4_optimize_experiment_name":"","_planet4_optimize_variant_name":"","ep_exclude_from_search":false,"p4_og_title":"","p4_og_description":"","p4_og_image":"","p4_og_image_id":"","p4_seo_canonical_url":"","p4_campaign_name":"","p4_local_project":"","p4_basket_name":"","p4_department":"","footnotes":""},"categories":[48],"tags":[33,217],"p4-page-type":[71],"gpch-article-type":[],"class_list":["post-131711","post","type-post","status-publish","format-standard","has-post-thumbnail","hentry","category-zero-waste","tag-ernaehrung","tag-konsum","p4-page-type-medienmitteilung"],"acf":[],"_links":{"self":[{"href":"https:\/\/www.greenpeace.ch\/de\/wp-json\/wp\/v2\/posts\/131711","targetHints":{"allow":["GET"]}}],"collection":[{"href":"https:\/\/www.greenpeace.ch\/de\/wp-json\/wp\/v2\/posts"}],"about":[{"href":"https:\/\/www.greenpeace.ch\/de\/wp-json\/wp\/v2\/types\/post"}],"author":[{"embeddable":true,"href":"https:\/\/www.greenpeace.ch\/de\/wp-json\/wp\/v2\/users\/103"}],"replies":[{"embeddable":true,"href":"https:\/\/www.greenpeace.ch\/de\/wp-json\/wp\/v2\/comments?post=131711"}],"version-history":[{"count":2,"href":"https:\/\/www.greenpeace.ch\/de\/wp-json\/wp\/v2\/posts\/131711\/revisions"}],"predecessor-version":[{"id":131822,"href":"https:\/\/www.greenpeace.ch\/de\/wp-json\/wp\/v2\/posts\/131711\/revisions\/131822"}],"wp:featuredmedia":[{"embeddable":true,"href":"https:\/\/www.greenpeace.ch\/de\/wp-json\/wp\/v2\/media\/131712"}],"wp:attachment":[{"href":"https:\/\/www.greenpeace.ch\/de\/wp-json\/wp\/v2\/media?parent=131711"}],"wp:term":[{"taxonomy":"category","embeddable":true,"href":"https:\/\/www.greenpeace.ch\/de\/wp-json\/wp\/v2\/categories?post=131711"},{"taxonomy":"post_tag","embeddable":true,"href":"https:\/\/www.greenpeace.ch\/de\/wp-json\/wp\/v2\/tags?post=131711"},{"taxonomy":"p4-page-type","embeddable":true,"href":"https:\/\/www.greenpeace.ch\/de\/wp-json\/wp\/v2\/p4-page-type?post=131711"},{"taxonomy":"gpch-article-type","embeddable":true,"href":"https:\/\/www.greenpeace.ch\/de\/wp-json\/wp\/v2\/gpch-article-type?post=131711"}],"curies":[{"name":"wp","href":"https:\/\/api.w.org\/{rel}","templated":true}]}}