{"id":131833,"date":"2026-04-30T11:54:28","date_gmt":"2026-04-30T09:54:28","guid":{"rendered":"https:\/\/www.greenpeace.ch\/?p=131833"},"modified":"2026-04-30T12:21:05","modified_gmt":"2026-04-30T10:21:05","slug":"greenpeace-fordert-von-bundesrat-cassis-konkrete-schritte-zum-schutz-der-global-sumud-flottilla","status":"publish","type":"post","link":"https:\/\/www.greenpeace.ch\/de\/medienmitteilung\/131833\/greenpeace-fordert-von-bundesrat-cassis-konkrete-schritte-zum-schutz-der-global-sumud-flottilla\/","title":{"rendered":"Greenpeace fordert von Bundesrat Cassis konkrete Schritte zum Schutz der Global Sumud Flotilla"},"content":{"rendered":"\n<p><strong>Israelische Streitkr\u00e4fte haben in der vergangenen Nacht die Kommunikationskan\u00e4le der Schiffe der <\/strong><a href=\"https:\/\/globalsumudflotilla.org\/press\/\"><strong>Global Sumud Flotilla<\/strong><\/a><strong> <\/strong><strong>gest\u00f6rt und mehrere Schiffe in internationalen Gew\u00e4ssern geentert. Das ist ein Bruch des V\u00f6lkerrechts.\u00a0<\/strong><\/p>\n\n<p>Greenpeace leistet mit seinem Schiff Arctic Sunrise logistische Unterst\u00fctzung f\u00fcr die Global Sumud Flotilla \u2013 eine internationale Bewegung f\u00fcr koordinierte, gewaltfreie Aktionen. Die Schiffe sind unterwegs nach Israel, um die illegale Belagerung des Gazastreifens zu beenden und den Menschen vor Ort beizustehen.<\/p>\n\n<p>Greenpeace Schweiz hat Bundesrat und Aussenminister Ignazio Cassis geschrieben und ihn gebeten, unverz\u00fcglich Massnahmen zu ergreifen, um das V\u00f6lkerrecht zu wahren und den Schutz der Global Sumud Flotilla zu gew\u00e4hrleisten.<\/p>\n\n<p>\u00abHumanit\u00e4re Hilfe muss jederzeit und um jeden Preis respektiert und gesch\u00fctzt werden\u00bb, sagt Iris Menn, Gesch\u00e4ftsleiterin von Greenpeace Schweiz.&nbsp;<\/p>\n\n<p><\/p>\n\n<h2 class=\"wp-block-heading\"><strong>&nbsp;Weitere Informationen<\/strong><\/h2>\n\n<ul class=\"wp-block-list\">\n<li><a href=\"https:\/\/www.greenpeace.org\/international\/press-release\/82974\/israeli-forces-intercept-threaten-global-sumud-flotilla-international-waters\/\">Medienmitteilung von Greenpeace International<\/a><\/li>\n\n\n\n<li>Funk\u00fcbertragung der israelischen Armee zum H<a href=\"https:\/\/drive.google.com\/drive\/u\/0\/folders\/1r1wQjR1_UNQbaWvzC6_9oa83aBQp8TEu\">erunterladen<\/a><\/li>\n\n\n\n<li><a href=\"https:\/\/globalsumudflotilla.org\/tracker\/\">Aktuelle Position der Schiffe<\/a>&nbsp;<\/li>\n<\/ul>\n\n<h2 class=\"wp-block-heading\"><strong>Kontakt<\/strong><\/h2>\n\n<p><strong>Roland Gysin<\/strong>, Medienstelle Greenpeace Schweiz, <a href=\"mailto:roland.gysin@greenpeace.org\">roland.gysin@greenpeace.org<\/a>, 044 447 41 17<\/p>\n\n<p><\/p>\n","protected":false},"excerpt":{"rendered":"<p>Israelische Streitkr\u00e4fte haben in der vergangenen Nacht die Kommunikationskan\u00e4le der Schiffe der Global Sumud-Flotilla gest\u00f6rt und mehrere Schiffe in internationalen Gew\u00e4ssern geentert. Das ist ein Bruch des V\u00f6lkerrechts.\u00a0<\/p>\n","protected":false},"author":111,"featured_media":131836,"comment_status":"closed","ping_status":"open","sticky":false,"template":"","format":"standard","meta":{"_acf_changed":false,"_planet4_optimize_post_is_variant":false,"_planet4_optimize_experiment_name":"","_planet4_optimize_variant_name":"","ep_exclude_from_search":false,"p4_og_title":"","p4_og_description":"","p4_og_image":"","p4_og_image_id":"","p4_seo_canonical_url":"","p4_campaign_name":"","p4_local_project":"","p4_basket_name":"","p4_department":"","footnotes":""},"categories":[1],"tags":[32,46],"p4-page-type":[71],"gpch-article-type":[],"class_list":["post-131833","post","type-post","status-publish","format-standard","has-post-thumbnail","hentry","category-unkategorisiert","tag-flotte","tag-ueber-uns","p4-page-type-medienmitteilung"],"acf":[],"_links":{"self":[{"href":"https:\/\/www.greenpeace.ch\/de\/wp-json\/wp\/v2\/posts\/131833","targetHints":{"allow":["GET"]}}],"collection":[{"href":"https:\/\/www.greenpeace.ch\/de\/wp-json\/wp\/v2\/posts"}],"about":[{"href":"https:\/\/www.greenpeace.ch\/de\/wp-json\/wp\/v2\/types\/post"}],"author":[{"embeddable":true,"href":"https:\/\/www.greenpeace.ch\/de\/wp-json\/wp\/v2\/users\/111"}],"replies":[{"embeddable":true,"href":"https:\/\/www.greenpeace.ch\/de\/wp-json\/wp\/v2\/comments?post=131833"}],"version-history":[{"count":7,"href":"https:\/\/www.greenpeace.ch\/de\/wp-json\/wp\/v2\/posts\/131833\/revisions"}],"predecessor-version":[{"id":131846,"href":"https:\/\/www.greenpeace.ch\/de\/wp-json\/wp\/v2\/posts\/131833\/revisions\/131846"}],"wp:featuredmedia":[{"embeddable":true,"href":"https:\/\/www.greenpeace.ch\/de\/wp-json\/wp\/v2\/media\/131836"}],"wp:attachment":[{"href":"https:\/\/www.greenpeace.ch\/de\/wp-json\/wp\/v2\/media?parent=131833"}],"wp:term":[{"taxonomy":"category","embeddable":true,"href":"https:\/\/www.greenpeace.ch\/de\/wp-json\/wp\/v2\/categories?post=131833"},{"taxonomy":"post_tag","embeddable":true,"href":"https:\/\/www.greenpeace.ch\/de\/wp-json\/wp\/v2\/tags?post=131833"},{"taxonomy":"p4-page-type","embeddable":true,"href":"https:\/\/www.greenpeace.ch\/de\/wp-json\/wp\/v2\/p4-page-type?post=131833"},{"taxonomy":"gpch-article-type","embeddable":true,"href":"https:\/\/www.greenpeace.ch\/de\/wp-json\/wp\/v2\/gpch-article-type?post=131833"}],"curies":[{"name":"wp","href":"https:\/\/api.w.org\/{rel}","templated":true}]}}