{"id":131848,"date":"2026-05-02T11:18:29","date_gmt":"2026-05-02T09:18:29","guid":{"rendered":"https:\/\/www.greenpeace.ch\/?p=131848"},"modified":"2026-05-02T11:24:17","modified_gmt":"2026-05-02T09:24:17","slug":"update-global-sumud-flotilla","status":"publish","type":"post","link":"https:\/\/www.greenpeace.ch\/de\/medienmitteilung\/131848\/update-global-sumud-flotilla\/","title":{"rendered":"Update\u2013 Global Sumud Flotilla"},"content":{"rendered":"\n<p>\u2013 <a href=\"https:\/\/www.greenpeace.org\/international\/story\/82566\/greenpeace-global-sumud-flotilla-gaza-arctic-sunrise\/\" target=\"_blank\" rel=\"noreferrer noopener\"><strong>Update<\/strong><\/a> \u2013 <strong>Die israelische Regierung h\u00e4lt weiterhin zwei Besatzungsmitglieder von Schiffen der Global Sumud Flotilla fest, nachdem israelische Streitkr\u00e4fte die Schiffe der Flottile in internationalen Gew\u00e4ssern angegriffen und mehr als 175 Menschen entf\u00fchrt hatten.<\/strong> <strong>Greenpeace fordert den Bundesrat auf, sich f\u00fcr die Freilassung der beiden Zivilisten einzusetzen.<\/strong><\/p>\n\n<p>Bereits am <a href=\"https:\/\/www.greenpeace.ch\/de\/medienmitteilung\/131833\/greenpeace-fordert-von-bundesrat-cassis-konkrete-schritte-zum-schutz-der-global-sumud-flottilla\/\" target=\"_blank\" rel=\"noreferrer noopener\">30. April hatte Greenpeace Schweiz den Bundesrat und Aussenminister Ignazio Cassis gebeten<\/a>, unverz\u00fcglich Massnahmen zu ergreifen, um das V\u00f6lkerrecht zu wahren und den Schutz der Global Sumud Flotilla zu gew\u00e4hrleisten.<\/p>\n\n<p>\u00abHumanit\u00e4re Hilfe muss jederzeit und um jeden Preis respektiert und gesch\u00fctzt werden\u00bb, sagt Iris Menn, Gesch\u00e4ftsleiterin von Greenpeace Schweiz.&nbsp;<\/p>\n\n<p>Greenpeace leistet mit seinem Schiff Arctic Sunrise logistische Unterst\u00fctzung f\u00fcr die Global Sumud Flotilla \u2013 eine internationale Bewegung f\u00fcr koordinierte, gewaltfreie Aktionen. Die Schiffe sind unterwegs nach Israel, um die illegale Belagerung des Gazastreifens zu beenden und den Menschen vor Ort beizustehen.<\/p>\n\n<p>Die verbleibenden Flottillenschiffe haben inzwischen den Hafen von Ierapetra in Griechenland erreicht. Die Greenpeace-Crew auf der Arctic Sunrise sorgte daf\u00fcr, dass alle verbleibenden Schiffe sicher in den Hafen gebracht wurden. <\/p>\n\n<p>Die logistische Unterst\u00fctzung dauert an. Das humanit\u00e4re Rettungsschiff Open Arms bergt derzeit treibende Schiffe und stellt sicher, dass niemand auf offener See zur\u00fcckgelassen wird.<\/p>\n\n<h2 class=\"wp-block-heading\"><strong>Weiter Informationen<\/strong><\/h2>\n\n<p><a href=\"https:\/\/www.greenpeace.org\/international\/story\/82566\/greenpeace-global-sumud-flotilla-gaza-arctic-sunrise\/\">Update von Greenpeace International&nbsp;<\/a><\/p>\n\n<h2 class=\"wp-block-heading\"><strong>Kontakt<\/strong><\/h2>\n\n<p><strong>Roland Gysin<\/strong>, Medienstelle Greenpeace Schweiz, <a href=\"mailto:roland.gysin@greenpeace.org\" target=\"_blank\" rel=\"noreferrer noopener\">roland.gysin@greenpeace.org<\/a>, 044 447 41 17<\/p>\n","protected":false},"excerpt":{"rendered":"<p>Die israelische Regierung h\u00e4lt weiterhin zwei Besatzungsmitglieder von Schiffen der Global Sumud Flotilla fest. Greenpeace fordert den Bundesrat auf, sich f\u00fcr die Freilassung der beiden Zivilisten einzusetzen.<\/p>\n","protected":false},"author":111,"featured_media":131855,"comment_status":"closed","ping_status":"open","sticky":false,"template":"","format":"standard","meta":{"_acf_changed":false,"_planet4_optimize_post_is_variant":false,"_planet4_optimize_experiment_name":"","_planet4_optimize_variant_name":"","ep_exclude_from_search":false,"p4_og_title":"","p4_og_description":"","p4_og_image":"","p4_og_image_id":"","p4_seo_canonical_url":"","p4_campaign_name":"","p4_local_project":"","p4_basket_name":"","p4_department":"","footnotes":""},"categories":[1],"tags":[32,41,46],"p4-page-type":[71],"gpch-article-type":[],"class_list":["post-131848","post","type-post","status-publish","format-standard","has-post-thumbnail","hentry","category-unkategorisiert","tag-flotte","tag-meer","tag-ueber-uns","p4-page-type-medienmitteilung"],"acf":[],"_links":{"self":[{"href":"https:\/\/www.greenpeace.ch\/de\/wp-json\/wp\/v2\/posts\/131848","targetHints":{"allow":["GET"]}}],"collection":[{"href":"https:\/\/www.greenpeace.ch\/de\/wp-json\/wp\/v2\/posts"}],"about":[{"href":"https:\/\/www.greenpeace.ch\/de\/wp-json\/wp\/v2\/types\/post"}],"author":[{"embeddable":true,"href":"https:\/\/www.greenpeace.ch\/de\/wp-json\/wp\/v2\/users\/111"}],"replies":[{"embeddable":true,"href":"https:\/\/www.greenpeace.ch\/de\/wp-json\/wp\/v2\/comments?post=131848"}],"version-history":[{"count":5,"href":"https:\/\/www.greenpeace.ch\/de\/wp-json\/wp\/v2\/posts\/131848\/revisions"}],"predecessor-version":[{"id":131860,"href":"https:\/\/www.greenpeace.ch\/de\/wp-json\/wp\/v2\/posts\/131848\/revisions\/131860"}],"wp:featuredmedia":[{"embeddable":true,"href":"https:\/\/www.greenpeace.ch\/de\/wp-json\/wp\/v2\/media\/131855"}],"wp:attachment":[{"href":"https:\/\/www.greenpeace.ch\/de\/wp-json\/wp\/v2\/media?parent=131848"}],"wp:term":[{"taxonomy":"category","embeddable":true,"href":"https:\/\/www.greenpeace.ch\/de\/wp-json\/wp\/v2\/categories?post=131848"},{"taxonomy":"post_tag","embeddable":true,"href":"https:\/\/www.greenpeace.ch\/de\/wp-json\/wp\/v2\/tags?post=131848"},{"taxonomy":"p4-page-type","embeddable":true,"href":"https:\/\/www.greenpeace.ch\/de\/wp-json\/wp\/v2\/p4-page-type?post=131848"},{"taxonomy":"gpch-article-type","embeddable":true,"href":"https:\/\/www.greenpeace.ch\/de\/wp-json\/wp\/v2\/gpch-article-type?post=131848"}],"curies":[{"name":"wp","href":"https:\/\/api.w.org\/{rel}","templated":true}]}}