{"id":13227,"date":"2012-10-25T00:00:00","date_gmt":"2012-10-24T22:00:00","guid":{"rendered":"https:\/\/master.greenpeace.ch\/beitrag\/13227\/muehleberg-erhaelt-21-mal-ungenuegend\/"},"modified":"2019-05-30T11:58:23","modified_gmt":"2019-05-30T09:58:23","slug":"muehleberg-erhaelt-21-mal-ungenuegend","status":"publish","type":"post","link":"https:\/\/www.greenpeace.ch\/de\/story\/13227\/muehleberg-erhaelt-21-mal-ungenuegend\/","title":{"rendered":"M\u00fchleberg erh\u00e4lt 21 Mal \u201eungen\u00fcgend\u201c"},"content":{"rendered":"<p><b>Nach dem Besuch eines Expertenteams der Internationalen Atomenergie Agentur h\u00e4lt der Bericht des Operational Safety Review Teams (OSART) heute fest, dass f\u00fcr die betriebliche Sicherheit des AKW M\u00fchleberg in 21 F\u00e4llen \u201aVerbesserungspotenzial\u2019 besteht. Ein Armutszeugnis f\u00fcr die Betreibergesellschaft BKW.<\/b><\/p>\n<div class=\"post-content\">\n<div>\n<p><img decoding=\"async\" style=\"float: left; margin: 10px;\" src=\"https:\/\/www.greenpeace.ch\/static\/planet4-switzerland-stateless\/2019\/05\/719cef15-719cef15-27367_53171.jpg\" alt=\"\" width=\"200\"><strong>Nach dem Besuch eines Expertenteams der Internationalen Atomenergie Agentur h\u00e4lt der Bericht des Operational Safety Review Teams (OSART) heute fest, dass f\u00fcr die betriebliche Sicherheit des AKW M\u00fchleberg in 21 F\u00e4llen \u201aVerbesserungspotenzial\u2019 besteht. Ein Armutszeugnis f\u00fcr die Betreibergesellschaft BKW.<\/strong><\/p>\n<p>\u201eDie OSART-Mission hat dem Atomkraftwerk M\u00fchleberg heute ein schlechtes Zeugnis ausgestellt. 21 Mal erh\u00e4lt M\u00fchleberg ungen\u00fcgende Noten und muss nachbessern.  Im OSART-Sprachjargon handelt es sich um \u201aEmpfehlungen\u2019 oder \u201aVorschl\u00e4ge\u2019, doch damit wird lediglich versucht, die Sicherheitsl\u00fccken verbal zu vertuschen. Dies ist um so gef\u00e4hrlicher, da die Massnahmen der betrieblichen Sicherheit die Risiken, die aus dem \u201eFaktor Mensch\u201c entstehen, minimieren soll. M\u00fchleberg hat offensichtlich die Lehren aus Fukushima nicht gezogen. Im japanischen AKW haben die ungen\u00fcgenden Abl\u00e4ufe, Organisation und Notfallplanungen zwischen Betreiber und Personal wesentlich zur Eskalation der Katastrophe beigetragen. Die von der OSART-Mission festgestellten M\u00e4ngel kommen zu den bereits bekannten gravierenden technischen Defiziten hinzu, die auch 19 Monate nach Fukushima nicht behoben sind. So verf\u00fcgt M\u00fchleberg immer noch nicht \u00fcber eine diversit\u00e4re K\u00fchlmittelquelle und wesentliche Anlagenteile sind immer noch nicht erdbebensicher. Ein AKW, das so zahlreiche technische und betriebliche Defizite aufweist, geh\u00f6rt sofort abgeschaltet.\u201c<\/p>\n<p><span>Kommentar von Florian Kasser, Atomcampaigner bei Greenpeace Schweiz\u00a0<\/span><\/p>\n<\/div>\n<\/div>\n","protected":false},"excerpt":{"rendered":"<p>Nach dem Besuch eines Expertenteams der Internationalen Atomenergie Agentur h\u00e4lt der Bericht des Operational Safety Review Teams (OSART) heute fest, dass f\u00fcr die betriebliche Sicherheit des AKW M\u00fchleberg in 21&hellip;<\/p>\n","protected":false},"author":23,"featured_media":13229,"comment_status":"closed","ping_status":"open","sticky":false,"template":"","format":"standard","meta":{"_acf_changed":false,"_planet4_optimize_post_is_variant":false,"_planet4_optimize_experiment_name":"","_planet4_optimize_variant_name":"","ep_exclude_from_search":false,"p4_og_title":"","p4_og_description":"","p4_og_image":"","p4_og_image_id":"","p4_seo_canonical_url":"","p4_campaign_name":"","p4_local_project":"","p4_basket_name":"","p4_department":"","footnotes":""},"categories":[1],"tags":[50],"p4-page-type":[75],"gpch-article-type":[],"class_list":["post-13227","post","type-post","status-publish","format-standard","has-post-thumbnail","hentry","category-unkategorisiert","tag-klima","p4-page-type-story"],"acf":[],"_links":{"self":[{"href":"https:\/\/www.greenpeace.ch\/de\/wp-json\/wp\/v2\/posts\/13227","targetHints":{"allow":["GET"]}}],"collection":[{"href":"https:\/\/www.greenpeace.ch\/de\/wp-json\/wp\/v2\/posts"}],"about":[{"href":"https:\/\/www.greenpeace.ch\/de\/wp-json\/wp\/v2\/types\/post"}],"author":[{"embeddable":true,"href":"https:\/\/www.greenpeace.ch\/de\/wp-json\/wp\/v2\/users\/23"}],"replies":[{"embeddable":true,"href":"https:\/\/www.greenpeace.ch\/de\/wp-json\/wp\/v2\/comments?post=13227"}],"version-history":[{"count":0,"href":"https:\/\/www.greenpeace.ch\/de\/wp-json\/wp\/v2\/posts\/13227\/revisions"}],"wp:featuredmedia":[{"embeddable":true,"href":"https:\/\/www.greenpeace.ch\/de\/wp-json\/wp\/v2\/media\/13229"}],"wp:attachment":[{"href":"https:\/\/www.greenpeace.ch\/de\/wp-json\/wp\/v2\/media?parent=13227"}],"wp:term":[{"taxonomy":"category","embeddable":true,"href":"https:\/\/www.greenpeace.ch\/de\/wp-json\/wp\/v2\/categories?post=13227"},{"taxonomy":"post_tag","embeddable":true,"href":"https:\/\/www.greenpeace.ch\/de\/wp-json\/wp\/v2\/tags?post=13227"},{"taxonomy":"p4-page-type","embeddable":true,"href":"https:\/\/www.greenpeace.ch\/de\/wp-json\/wp\/v2\/p4-page-type?post=13227"},{"taxonomy":"gpch-article-type","embeddable":true,"href":"https:\/\/www.greenpeace.ch\/de\/wp-json\/wp\/v2\/gpch-article-type?post=13227"}],"curies":[{"name":"wp","href":"https:\/\/api.w.org\/{rel}","templated":true}]}}