{"id":13265,"date":"2012-10-08T00:00:00","date_gmt":"2012-10-07T22:00:00","guid":{"rendered":"https:\/\/master.greenpeace.ch\/beitrag\/13265\/song-fuer-afrikas-urwald\/"},"modified":"2019-05-30T11:59:39","modified_gmt":"2019-05-30T09:59:39","slug":"song-fuer-afrikas-urwald","status":"publish","type":"post","link":"https:\/\/www.greenpeace.ch\/de\/story\/13265\/song-fuer-afrikas-urwald\/","title":{"rendered":"Song f\u00fcr Afrikas Urwald"},"content":{"rendered":"<p><b><\/b><\/p>\n<div class=\"post-content\">\n<div>\n<div class=\"events-box middle-box left\">\n<div class=\"frame\">\n        <a class=\"open-img EnlargeImage\" href=\"https:\/\/www.greenpeace.ch\/static\/planet4-switzerland-stateless\/2019\/05\/7262faeb-7262faeb-121008_kongo.jpg\" title=\"\"><br \/>\n            <img decoding=\"async\" id=\"ctl00_cphContentArea_epiEntryContent_ctl00_ctl02_Image1\" class=\"Thumbnail\" src=\"https:\/\/www.greenpeace.ch\/static\/planet4-switzerland-stateless\/2019\/05\/7262faeb-7262faeb-121008_kongo.jpg\" alt=\"\" style=\"border-width:0px;\"><\/p>\n<p>        <\/a>\n    <\/div>\n<div class=\"events-content\">\n        <span class=\"date\">Montag, 23. April 2012<\/span><br \/>\n        <strong><\/strong><\/p>\n<p>\n            Holzschlag im Kongo-Becken<br \/>\n03\/23\/2007 \u00a9 Greenpeace \/ Jiro Ose\n        <\/p>\n<\/p>\n<\/div>\n<\/div>\n<p>\u00a0<\/p>\n<p>Elf Musikerinnen und Musiker aus dem Kongo-Becken rufen gemeinsam mit Greenpeace Afrika stimmgewaltig zum Urwaldschutz auf. Mit ihrem Song \u00abVoix de la For\u00eat\u00bb (Stimmen des Waldes) unterstreichen sie die Wichtigkeit und Sch\u00f6nheit der Urw\u00e4lder Afrikas. Ihr Hilfeschrei macht aber auch auf <a href=\"http:\/\/www.greenpeace.org\/switzerland\/de\/Kampagnen\/Wald\/Urwald-im-Kongo\/\">die Bedrohung des Kongo-Beckens<\/a> durch internationale Grosskonzerne aufmerksam, die die W\u00e4lder f\u00fcr Holz, Palm\u00f6l oder weitere Rohstoffe ausbeuten wollen.<\/p>\n<p>Der Songtext stammt von jungen Menschen aus dem Kongo-Becken. Sie gewannen den Greenpeace-Wettbewerb <a href=\"http:\/\/www.greenpeace.org\/africa\/en\/News\/Blog\/the-future-of-the-forests-in-poetry-competiti\/blog\/37911\/\">\u00abThe Future Of Forests Poetry\u00bb<\/a>.<\/p>\n<p>\u00ab&#8217;Voix de la For\u00eat&#8216; ist eine Hymne des Urwaldes und ein Weckruf zum Schutz des Urwaldes, des Klimas sowie der Menschen und Tiere, die im Kongo-Becken beheimatet sind\u00bb, sagt Irene Wabiwa von Greenpeace Afrika. \u00abDie Jungen sind die Stimmen der Zukunft. Ihre Stimmen aus dem Urwald m\u00fcssen heute geh\u00f6rt werden.\u00bb<\/p>\n<p><a href=\"http:\/\/soundcloud.com\/greenpeaceafrica\/voix-de-la-foret-voices-of-the\">&gt;&gt;&gt; Direkter Download des Songs Voix de la For\u00eat<\/a><\/p>\n<p>Ein weiteres Projekt im Kongo-Becken ist die von Schweizer Greenpeace-Mitarbeitern geleitete <a href=\"http:\/\/www.greenpeace.org\/switzerland\/de\/Kampagnen\/Klimakarawane\/\">Klimakarawane<\/a>. Sie bietet der l\u00e4ndlichen Bev\u00f6lkerung Westafrikas durch  Waldschutz, den Einsatz von erneuerbaren Energien sowie der F\u00f6rderung  der Dorfgemeinschaften neue Perspektiven.<\/p>\n<p><iframe loading=\"lazy\" width=\"640\" height=\"360\" src=\"https:\/\/www.youtube.com\/embed\/3a9p5qAiKA4?feature=player_detailpage\" frameborder=\"0\" allowfullscreen=\"\"><\/iframe>\u00a0<\/p>\n<\/div>\n<\/div>\n","protected":false},"excerpt":{"rendered":"<p>Montag, 23. April 2012 Holzschlag im Kongo-Becken 03\/23\/2007 \u00a9 Greenpeace \/ Jiro Ose \u00a0 Elf Musikerinnen und Musiker aus dem Kongo-Becken rufen gemeinsam mit Greenpeace Afrika stimmgewaltig zum Urwaldschutz auf.&hellip;<\/p>\n","protected":false},"author":23,"featured_media":13267,"comment_status":"closed","ping_status":"open","sticky":false,"template":"","format":"standard","meta":{"_acf_changed":false,"_planet4_optimize_post_is_variant":false,"_planet4_optimize_experiment_name":"","_planet4_optimize_variant_name":"","ep_exclude_from_search":false,"p4_og_title":"","p4_og_description":"","p4_og_image":"","p4_og_image_id":"","p4_seo_canonical_url":"","p4_campaign_name":"","p4_local_project":"","p4_basket_name":"","p4_department":"","footnotes":""},"categories":[1],"tags":[40],"p4-page-type":[75],"gpch-article-type":[],"class_list":["post-13265","post","type-post","status-publish","format-standard","has-post-thumbnail","hentry","category-unkategorisiert","tag-wald","p4-page-type-story"],"acf":[],"_links":{"self":[{"href":"https:\/\/www.greenpeace.ch\/de\/wp-json\/wp\/v2\/posts\/13265","targetHints":{"allow":["GET"]}}],"collection":[{"href":"https:\/\/www.greenpeace.ch\/de\/wp-json\/wp\/v2\/posts"}],"about":[{"href":"https:\/\/www.greenpeace.ch\/de\/wp-json\/wp\/v2\/types\/post"}],"author":[{"embeddable":true,"href":"https:\/\/www.greenpeace.ch\/de\/wp-json\/wp\/v2\/users\/23"}],"replies":[{"embeddable":true,"href":"https:\/\/www.greenpeace.ch\/de\/wp-json\/wp\/v2\/comments?post=13265"}],"version-history":[{"count":0,"href":"https:\/\/www.greenpeace.ch\/de\/wp-json\/wp\/v2\/posts\/13265\/revisions"}],"wp:featuredmedia":[{"embeddable":true,"href":"https:\/\/www.greenpeace.ch\/de\/wp-json\/wp\/v2\/media\/13267"}],"wp:attachment":[{"href":"https:\/\/www.greenpeace.ch\/de\/wp-json\/wp\/v2\/media?parent=13265"}],"wp:term":[{"taxonomy":"category","embeddable":true,"href":"https:\/\/www.greenpeace.ch\/de\/wp-json\/wp\/v2\/categories?post=13265"},{"taxonomy":"post_tag","embeddable":true,"href":"https:\/\/www.greenpeace.ch\/de\/wp-json\/wp\/v2\/tags?post=13265"},{"taxonomy":"p4-page-type","embeddable":true,"href":"https:\/\/www.greenpeace.ch\/de\/wp-json\/wp\/v2\/p4-page-type?post=13265"},{"taxonomy":"gpch-article-type","embeddable":true,"href":"https:\/\/www.greenpeace.ch\/de\/wp-json\/wp\/v2\/gpch-article-type?post=13265"}],"curies":[{"name":"wp","href":"https:\/\/api.w.org\/{rel}","templated":true}]}}