{"id":13304,"date":"2012-09-28T00:00:00","date_gmt":"2012-09-27T22:00:00","guid":{"rendered":"https:\/\/master.greenpeace.ch\/beitrag\/13304\/viele-plaene-doch-kein-termin-fuer-den-atomausstieg-2\/"},"modified":"2019-05-30T12:00:36","modified_gmt":"2019-05-30T10:00:36","slug":"viele-plaene-doch-kein-termin-fuer-den-atomausstieg-2","status":"publish","type":"post","link":"https:\/\/www.greenpeace.ch\/de\/story\/13304\/viele-plaene-doch-kein-termin-fuer-den-atomausstieg-2\/","title":{"rendered":"Viele Pl\u00e4ne, doch kein Termin f\u00fcr den Atomausstieg"},"content":{"rendered":"<p><b>Unter dem Eindruck von Fukushima hat der Bundesrat den Ausstieg aus der Atomenergie verk\u00fcndet und die Energiewende ausgerufen. Heute wurden die geplanten Massnahmen in die Vernehmlassung geschickt. F\u00fcr Greenpeace stimmt die Richtung, aber nicht das Tempo.<\/b><\/p>\n<div class=\"post-content\">\n<div>\n<p><strong><span>Unter dem Eindruck von Fukushima hat der Bundesrat den Ausstieg aus der Atomenergie verk\u00fcndet und die Energiewende ausgerufen. Heute wurden die geplanten Massnahmen in die Vernehmlassung geschickt. F\u00fcr Greenpeace stimmt die Richtung, aber nicht das Tempo.<\/span><\/strong><\/p>\n<p><strong><img decoding=\"async\" style=\"margin: 10px; float: left;\" title=\"Solaranlage auf die Jugendherberge St. Moritz\" src=\"https:\/\/www.greenpeace.ch\/static\/planet4-switzerland-stateless\/2019\/05\/5c248e55-5c248e55-55174_104126.jpg\" alt=\"Solaranlage auf die Jugendherberge St. Moritz\" width=\"250\"><\/strong>\u201eGreenpeace unterst\u00fctzt den Bundesrat voll und ganz in seinen Bem\u00fchungen, die Energiewende einzuleiten\u201c, betont Kaspar Schuler, Leiter Klima und Energie bei Greenpeace, \u201eaber es fehlen noch N\u00e4gel mit K\u00f6pfen.\u201cIm geplanten Massnahmenpaket sind die einzelnen Etappenziele auf dem Weg zur Energiewende weit in die Zukunft verschoben. F\u00fcr eine echte Wende, den fixierten Atomausstieg und den Umstieg auf eine Energieversorgung mittels Erneuerbarer Energien, ohne externe fossiler Energietr\u00e4ger, fehlt dem Bundesrat offenbar der Mut.\u00a0In der Gesetzesvorlage wurde der Atomausstieg nach wie vor nicht verbindlich terminiert, sondern die Atomkraftwerke sollen noch bis zum Ende ihrer Laufzeiten Strom produzieren. Dabei k\u00f6nnten ab sofort Massnahmen bei Erneuerbaren Energien und Stromeffizienz zum Einsatz kommen und den Atomausstieg bis 2025 m\u00f6glich machen.\u00a0Zu den besonders relevanten und wirksamen Mitteln geh\u00f6rt der sofortige und konstante Ausbau der Solarenergie. Bislang wird der Zubau von Solaranlagen durch eine gedeckelte Kostendeckende Einspeiseverg\u00fctung verz\u00f6gert, da j\u00e4hrliche H\u00f6chstquoten vorgegeben werden, die in k\u00fcrzester Zeit ausgesch\u00f6pft sind. Derzeit stehen Tausende geplante Anlagen auf der Warteliste, mit jahrelanger Wartefrist.\u00a0Ebenfalls k\u00f6nnte ab sofort mit einer Stromlenkungsabgabe, die sparsamen Verbrauch f\u00f6rdert und verschwenderischen Umgang finanziell betraft, das vorhandene gigantische Effizienzpotenzial ausgesch\u00f6pft werden.\u00a0Statt dessen will der Bund den Ausbau der Photovoltaik-Anlagen kontingentieren und unverst\u00e4ndlicherweise bremsen. Nach Bundespl\u00e4nen wird der Solarstrom-Anteil in den n\u00e4chsten Jahren nur einen l\u00e4cherlich kleinen Anteil ausmachen: Deutschland baute allein im Dezember 2011 so viel Solarenergie zu wie die Schweiz insgesamt bis 2035 vorsieht. Der Bund untersch\u00e4tzt das Potenzial der Solarenergie gravierend und will bis 2035 mit Photovoltaik gerade einmal 5% des Strombedarfs decken. Im Effizienzbereich will der Bund griffige Instrumente erst ab 2021 einf\u00fchren und vergeudet damit wertvolle Zeit. Mit diesem Vorgehen macht der Bund erst die gem\u00e4ss Energiestrategie neu geplanten Gaskraftwerke und die anhaltende Produktion von Atomstrom n\u00f6tig. Greenpeace fordert den Atomausstieg bis 2025, was mit dem konsequenten und sofortigen Ausbau der Erneuerbaren Energien und durch Effizienzmassnahmen m\u00f6glich ist.Die Energiewende braucht starke politische Anreize und Vorgaben. Greenpeace wird die Zeit nutzen, auf die politischen Debatten Einfluss zu nehmen.<br \/> \u00a0<strong><br \/><\/strong><\/p>\n<\/div>\n<\/div>\n","protected":false},"excerpt":{"rendered":"<p>Unter dem Eindruck von Fukushima hat der Bundesrat den Ausstieg aus der Atomenergie verk\u00fcndet und die Energiewende ausgerufen. Heute wurden die geplanten Massnahmen in die Vernehmlassung geschickt. F\u00fcr Greenpeace stimmt&hellip;<\/p>\n","protected":false},"author":23,"featured_media":13306,"comment_status":"closed","ping_status":"open","sticky":false,"template":"","format":"standard","meta":{"_acf_changed":false,"_planet4_optimize_post_is_variant":false,"_planet4_optimize_experiment_name":"","_planet4_optimize_variant_name":"","ep_exclude_from_search":false,"p4_og_title":"","p4_og_description":"","p4_og_image":"","p4_og_image_id":"","p4_seo_canonical_url":"","p4_campaign_name":"","p4_local_project":"","p4_basket_name":"","p4_department":"","footnotes":""},"categories":[1],"tags":[50],"p4-page-type":[75],"gpch-article-type":[],"class_list":["post-13304","post","type-post","status-publish","format-standard","has-post-thumbnail","hentry","category-unkategorisiert","tag-klima","p4-page-type-story"],"acf":[],"_links":{"self":[{"href":"https:\/\/www.greenpeace.ch\/de\/wp-json\/wp\/v2\/posts\/13304","targetHints":{"allow":["GET"]}}],"collection":[{"href":"https:\/\/www.greenpeace.ch\/de\/wp-json\/wp\/v2\/posts"}],"about":[{"href":"https:\/\/www.greenpeace.ch\/de\/wp-json\/wp\/v2\/types\/post"}],"author":[{"embeddable":true,"href":"https:\/\/www.greenpeace.ch\/de\/wp-json\/wp\/v2\/users\/23"}],"replies":[{"embeddable":true,"href":"https:\/\/www.greenpeace.ch\/de\/wp-json\/wp\/v2\/comments?post=13304"}],"version-history":[{"count":0,"href":"https:\/\/www.greenpeace.ch\/de\/wp-json\/wp\/v2\/posts\/13304\/revisions"}],"wp:featuredmedia":[{"embeddable":true,"href":"https:\/\/www.greenpeace.ch\/de\/wp-json\/wp\/v2\/media\/13306"}],"wp:attachment":[{"href":"https:\/\/www.greenpeace.ch\/de\/wp-json\/wp\/v2\/media?parent=13304"}],"wp:term":[{"taxonomy":"category","embeddable":true,"href":"https:\/\/www.greenpeace.ch\/de\/wp-json\/wp\/v2\/categories?post=13304"},{"taxonomy":"post_tag","embeddable":true,"href":"https:\/\/www.greenpeace.ch\/de\/wp-json\/wp\/v2\/tags?post=13304"},{"taxonomy":"p4-page-type","embeddable":true,"href":"https:\/\/www.greenpeace.ch\/de\/wp-json\/wp\/v2\/p4-page-type?post=13304"},{"taxonomy":"gpch-article-type","embeddable":true,"href":"https:\/\/www.greenpeace.ch\/de\/wp-json\/wp\/v2\/gpch-article-type?post=13304"}],"curies":[{"name":"wp","href":"https:\/\/api.w.org\/{rel}","templated":true}]}}