{"id":13328,"date":"2012-10-08T00:00:00","date_gmt":"2012-10-07T22:00:00","guid":{"rendered":"https:\/\/master.greenpeace.ch\/beitrag\/13328\/zwei-millionen-wollen-arktisschutz-shell-scheitert-mit-millionenklage\/"},"modified":"2019-05-30T12:01:29","modified_gmt":"2019-05-30T10:01:29","slug":"zwei-millionen-wollen-arktisschutz-shell-scheitert-mit-millionenklage","status":"publish","type":"post","link":"https:\/\/www.greenpeace.ch\/de\/story\/13328\/zwei-millionen-wollen-arktisschutz-shell-scheitert-mit-millionenklage\/","title":{"rendered":"Zwei Millionen wollen Arktisschutz  \/ Shell scheitert mit Millionenklage"},"content":{"rendered":"<p><b><\/b><\/p>\n<div class=\"post-content\">\n<div>\n<div class=\"events-box middle-box left\">\n<div class=\"frame\">\n        <a class=\"open-img EnlargeImage\" href=\"https:\/\/www.greenpeace.ch\/static\/planet4-switzerland-stateless\/2019\/05\/146989be-146989be-gazprom_eisbaer.jpg\" title=\"\"><br \/>\n            <img decoding=\"async\" id=\"ctl00_cphContentArea_epiEntryContent_ctl00_ctl02_Image1\" class=\"Thumbnail\" src=\"https:\/\/www.greenpeace.ch\/static\/planet4-switzerland-stateless\/2019\/05\/146989be-146989be-gazprom_eisbaer.jpg\" alt=\"\" style=\"border-width:0px;\"><\/p>\n<p>        <\/a>\n    <\/div>\n<div class=\"events-content\">\n        <span class=\"date\">Mittwoch, 3. Oktober 2012<\/span><br \/>\n        <strong><\/strong><\/p>\n<p>\n            09\/14\/2012<br \/>\n\u00a9 Daniel Beltr\u00e1 \/ Greenpeace\n        <\/p>\n<\/p>\n<\/div>\n<\/div>\n<p>Eine weitere Schallmauer ist durchbrochen: Sagenhafte zwei Millionen Menschen unterst\u00fctzen jetzt die internationale Greenpeace-Kampagne zum Schutz der Arktis. Wahnsinn! Dieser Support ist f\u00fcr uns ein Mandat: Wir lassen nicht locker und setzen uns weiterhin mit Volldampf daf\u00fcr ein, dass die \u00d6lkonzerne und Fischereiflotten die Arktis nicht ausbeuten d\u00fcrfen. Die Politik darf dieses fantastische \u00d6kosystem und seine Bewohner nicht der Profitgier multinationaler Konzerne opfern. <\/p>\n<p>Diese Unterst\u00fctzung ist bitter n\u00f6tig. K\u00fcrzlich informierten Polarforscher dar\u00fcber, <a href=\"http:\/\/www.greenpeace.org\/switzerland\/de\/News_Stories\/Newsblog\/vom-rand-der-eisdecke-ein-rekord-wurde-gebroc\/blog\/42194\/\">dass die Eisfl\u00e4che in der Arktis die geringste Ausdehnung seit Beginn der Messungen aufweist. <\/a>Firmen wie Shell und Gazprom sind die Hauptverursacher des Klimawandels und der daraus entstehenden Eisschmelze. Sie verhindern Klimaschutzmassnahmen und treiben die Abh\u00e4ngigkeit der Gesellschaft vom \u00d6l weiter voran. Und sie setzen die Arktis und ihre Bewohner direkt aufs Spiel, wenn sie in diesem verwundbaren \u00d6kosystem h\u00f6chst riskante \u00d6lbohrungen durchf\u00fchren w\u00fcrden.<\/p>\n<p>Dass die Greenpace-Proteste nicht aus der Luft gegriffen sind, anerkannte nun ein Amsterdamer Gericht. Es schmetterte eine Millionenklage von Shell gegen Greenpeace nieder. Der \u00d6lkonzern hatte ein Verbot s\u00e4mtlicher Protestaktionen auf oder unweit von Shell-Grundst\u00fccken erstreiten wollen. Das Gericht urteilte, dass Greenpeace das Recht auf Protest habe. Im \u00dcbrigen m\u00fcsse Shell mit \u00f6ffentlichem Widerspruch gegen umstrittene Gesch\u00e4ftspraktiken rechnen. Ungeachtet nahm Shell in der Arktis letzte Woche erste Probebohrungen in der Arktis vor. Zwar bohrt der Konzern noch nicht nach \u00d6l, doch diese Tests sind f\u00fcr Shell quasi der T\u00fcr\u00f6ffner, um dort n\u00e4chstes Jahr nach \u00d6l zu bohren.<\/p>\n<p>Gemeinsam sind wir stark. Haben Sie die Petition schon unterschrieben und sind Sie schon Arktissch\u00fctzerin oder Arktissch\u00fctzer? Unter <a href=\"http:\/\/www.savethearctic.org\/\">www.savethearctic.org<\/a> k\u00f6nnen Sie es werden.<\/p>\n<\/p>\n<div class=\"embedded-image-gallery promo general-form\">\n<h2>Wundersch\u00f6ne Eiszeit<\/h2>\n<div class=\"gallery\">\n<div class=\"img-nav\">\n<div class=\"carousel\">\n<ul class=\"img-list galleria\">\n<li class=\"active\">\n                            <a title=\"Die wundersch\u00f6ne Eiszeit des Nordens\" href=\"\/switzerland\/de\/News_Stories\/Multimedia\/Fotos\/Wunderschoene-Eiszeit\/Die-wunderschoene-Eiszeit-des-Nordens10\/\" rel=\"Die Arctic Sunrise sagt Danke~^~^\/switzerland\/ReSizes\/ImageGalleryLarge\/Global\/switzerland\/photos\/arktis\/slideshow Eiszeit\/132510_234508436674702_1759743427_o.jpg~^325799\"><br \/>\n                                <img decoding=\"async\" id=\"ctl00_cphContentArea_epiEntryContent_ctl00_ctl04_ctl00_repImages_ctl00_thumbImg\" title=\"Die wundersch\u00f6ne Eiszeit des Nordens\" src=\"https:\/\/www.greenpeace.ch\/static\/planet4-switzerland-stateless\/2019\/05\/c634f79c-c634f79c-132510_234508436674702_1759743427_o.jpg\" alt=\"Die wundersch\u00f6ne Eiszeit des Nordens\" style=\"border-width:0px;\"><br \/>\n                            <\/a>\n                        <\/li>\n<li>\n                            <a title=\"Die wundersch\u00f6ne Eiszeit des Nordens\" href=\"\/switzerland\/de\/News_Stories\/Multimedia\/Fotos\/Wunderschoene-Eiszeit\/Die-wunderschoene-Eiszeit-des-Nordens7\/\" rel=\"Eisb\u00e4renfamilie~^\u00a9 Stuart Yates 2007~^\/switzerland\/ReSizes\/ImageGalleryLarge\/Global\/switzerland\/photos\/arktis\/slideshow Eiszeit\/_IGP1776_DxOedit.jpg~^325796\"><br \/>\n                                <img decoding=\"async\" id=\"ctl00_cphContentArea_epiEntryContent_ctl00_ctl04_ctl00_repImages_ctl01_thumbImg\" title=\"Die wundersch\u00f6ne Eiszeit des Nordens\" src=\"https:\/\/www.greenpeace.ch\/static\/planet4-switzerland-stateless\/2019\/05\/95d1e089-95d1e089-igp1776_dxoedit.jpg\" alt=\"Die wundersch\u00f6ne Eiszeit des Nordens\" style=\"border-width:0px;\"><br \/>\n                            <\/a>\n                        <\/li>\n<li>\n                            <a title=\"Die wundersch\u00f6ne Eiszeit des Nordens\" href=\"\/switzerland\/de\/News_Stories\/Multimedia\/Fotos\/Wunderschoene-Eiszeit\/Die-wunderschoene-Eiszeit-des-Nordens3\/\" rel=\"Eisb\u00e4ren Familie~^\u00a9 Stuart Yates 2007~^\/switzerland\/ReSizes\/ImageGalleryLarge\/Global\/switzerland\/photos\/arktis\/slideshow Eiszeit\/_IGP1564_DxOedit.jpg~^325792\"><br \/>\n                                <img decoding=\"async\" id=\"ctl00_cphContentArea_epiEntryContent_ctl00_ctl04_ctl00_repImages_ctl02_thumbImg\" title=\"Die wundersch\u00f6ne Eiszeit des Nordens\" src=\"https:\/\/www.greenpeace.ch\/static\/planet4-switzerland-stateless\/2019\/05\/950fc5f8-950fc5f8-igp1564_dxoedit.jpg\" alt=\"Die wundersch\u00f6ne Eiszeit des Nordens\" style=\"border-width:0px;\"><br \/>\n                            <\/a>\n                        <\/li>\n<li>\n                            <a title=\"Die wundersch\u00f6ne Eiszeit des Nordens\" href=\"\/switzerland\/de\/News_Stories\/Multimedia\/Fotos\/Wunderschoene-Eiszeit\/Die-wunderschoene-Eiszeit-des-Nordens4\/\" rel=\"Eisb\u00e4ren lungern auf einer Eisscholle~^\u00a9 Stuart Yates 2007~^\/switzerland\/ReSizes\/ImageGalleryLarge\/Global\/switzerland\/photos\/arktis\/slideshow Eiszeit\/_IGP1654_DxOedit.jpg~^325793\"><br \/>\n                                <img decoding=\"async\" id=\"ctl00_cphContentArea_epiEntryContent_ctl00_ctl04_ctl00_repImages_ctl03_thumbImg\" title=\"Die wundersch\u00f6ne Eiszeit des Nordens\" src=\"https:\/\/www.greenpeace.ch\/static\/planet4-switzerland-stateless\/2019\/05\/721ed2dc-721ed2dc-igp1654_dxoedit.jpg\" alt=\"Die wundersch\u00f6ne Eiszeit des Nordens\" style=\"border-width:0px;\"><br \/>\n                            <\/a>\n                        <\/li>\n<li>\n                            <a title=\"Die wundersch\u00f6ne Eiszeit des Nordens\" href=\"\/switzerland\/de\/News_Stories\/Multimedia\/Fotos\/Wunderschoene-Eiszeit\/Die-wunderschoene-Eiszeit-des-Nordens6\/\" rel=\"Eisb\u00e4renfamilie~^\u00a9 Stuart Yates 2007~^\/switzerland\/ReSizes\/ImageGalleryLarge\/Global\/switzerland\/photos\/arktis\/slideshow Eiszeit\/_IGP1755.jpg~^325795\"><br \/>\n                                <img decoding=\"async\" id=\"ctl00_cphContentArea_epiEntryContent_ctl00_ctl04_ctl00_repImages_ctl04_thumbImg\" title=\"Die wundersch\u00f6ne Eiszeit des Nordens\" src=\"https:\/\/www.greenpeace.ch\/static\/planet4-switzerland-stateless\/2019\/05\/e34726bf-e34726bf-igp1755.jpg\" alt=\"Die wundersch\u00f6ne Eiszeit des Nordens\" style=\"border-width:0px;\"><br \/>\n                            <\/a>\n                        <\/li>\n<li>\n                            <a title=\"Die wundersch\u00f6ne Eiszeit des Nordens\" href=\"\/switzerland\/de\/News_Stories\/Multimedia\/Fotos\/Wunderschoene-Eiszeit\/Die-wunderschoene-Eiszeit-des-Nordens5\/\" rel=\"Ein Eisb\u00e4r in den weiten des Eises~^~^\/switzerland\/ReSizes\/ImageGalleryLarge\/Global\/switzerland\/photos\/arktis\/slideshow Eiszeit\/_IGP1681_DxOedit_0.jpg~^325794\"><br \/>\n                                <img decoding=\"async\" id=\"ctl00_cphContentArea_epiEntryContent_ctl00_ctl04_ctl00_repImages_ctl05_thumbImg\" title=\"Die wundersch\u00f6ne Eiszeit des Nordens\" src=\"https:\/\/www.greenpeace.ch\/static\/planet4-switzerland-stateless\/2019\/05\/3fc35699-3fc35699-igp1681_dxoedit_0.jpg\" alt=\"Die wundersch\u00f6ne Eiszeit des Nordens\" style=\"border-width:0px;\"><br \/>\n                            <\/a>\n                        <\/li>\n<li>\n                            <a title=\"Die wundersch\u00f6ne Eiszeit des Nordens\" href=\"\/switzerland\/de\/News_Stories\/Multimedia\/Fotos\/Wunderschoene-Eiszeit\/Die-wunderschoene-Eiszeit-des-Nordens8\/\" rel=\"Eisb\u00e4ren schwimmen im Meer~^\u00a9 Stuart Yates 2007~^\/switzerland\/ReSizes\/ImageGalleryLarge\/Global\/switzerland\/photos\/arktis\/slideshow Eiszeit\/_IGP1827.jpg~^325797\"><br \/>\n                                <img decoding=\"async\" id=\"ctl00_cphContentArea_epiEntryContent_ctl00_ctl04_ctl00_repImages_ctl06_thumbImg\" title=\"Die wundersch\u00f6ne Eiszeit des Nordens\" src=\"https:\/\/www.greenpeace.ch\/static\/planet4-switzerland-stateless\/2019\/05\/113181db-113181db-igp1827.jpg\" alt=\"Die wundersch\u00f6ne Eiszeit des Nordens\" style=\"border-width:0px;\"><br \/>\n                            <\/a>\n                        <\/li>\n<li>\n                            <a title=\"Die wundersch\u00f6ne Eiszeit des Nordens\" href=\"\/switzerland\/de\/News_Stories\/Multimedia\/Fotos\/Wunderschoene-Eiszeit\/Die-wunderschoene-Eiszeit-des-Nordens1\/\" rel=\"Gletscher~^\u00a9 Stuart Yates 2007~^\/switzerland\/ReSizes\/ImageGalleryLarge\/Global\/switzerland\/photos\/arktis\/slideshow Eiszeit\/_IGP1341_1.jpg~^325790\"><br \/>\n                                <img decoding=\"async\" id=\"ctl00_cphContentArea_epiEntryContent_ctl00_ctl04_ctl00_repImages_ctl07_thumbImg\" title=\"Die wundersch\u00f6ne Eiszeit des Nordens\" src=\"https:\/\/www.greenpeace.ch\/static\/planet4-switzerland-stateless\/2019\/05\/81cfbce4-81cfbce4-igp1341_1.jpg\" alt=\"Die wundersch\u00f6ne Eiszeit des Nordens\" style=\"border-width:0px;\"><br \/>\n                            <\/a>\n                        <\/li>\n<li>\n                            <a title=\"Die wundersch\u00f6ne Eiszeit des Nordens\" href=\"\/switzerland\/de\/News_Stories\/Multimedia\/Fotos\/Wunderschoene-Eiszeit\/Die-wunderschoene-Eiszeit-des-Nordens11\/\" rel=\"Ein Walross~^\u00a9 Stuart Yates 2007~^\/switzerland\/ReSizes\/ImageGalleryLarge\/Global\/switzerland\/photos\/arktis\/slideshow Eiszeit\/_IGP1205_DxOedit.jpg~^325800\"><br \/>\n                                <img decoding=\"async\" id=\"ctl00_cphContentArea_epiEntryContent_ctl00_ctl04_ctl00_repImages_ctl08_thumbImg\" title=\"Die wundersch\u00f6ne Eiszeit des Nordens\" src=\"https:\/\/www.greenpeace.ch\/static\/planet4-switzerland-stateless\/2019\/05\/ce691dcb-ce691dcb-igp1205_dxoedit.jpg\" alt=\"Die wundersch\u00f6ne Eiszeit des Nordens\" style=\"border-width:0px;\"><br \/>\n                            <\/a>\n                        <\/li>\n<li>\n                            <a title=\"Die wundersch\u00f6ne Eiszeit des Nordens\" href=\"\/switzerland\/de\/News_Stories\/Multimedia\/Fotos\/Wunderschoene-Eiszeit\/Die-wunderschoene-Eiszeit-des-Nordens2\/\" rel=\"Walr\u00f6sser~^\u00a9 Stuart Yates 2007~^\/switzerland\/ReSizes\/ImageGalleryLarge\/Global\/switzerland\/photos\/arktis\/slideshow Eiszeit\/_IGP1465_DxOedit.jpg~^325791\"><br \/>\n                                <img decoding=\"async\" id=\"ctl00_cphContentArea_epiEntryContent_ctl00_ctl04_ctl00_repImages_ctl09_thumbImg\" title=\"Die wundersch\u00f6ne Eiszeit des Nordens\" src=\"https:\/\/www.greenpeace.ch\/static\/planet4-switzerland-stateless\/2019\/05\/790ea3b9-790ea3b9-igp1465_dxoedit.jpg\" alt=\"Die wundersch\u00f6ne Eiszeit des Nordens\" style=\"border-width:0px;\"><br \/>\n                            <\/a>\n                        <\/li>\n<li>\n                            <a title=\"Die wundersch\u00f6ne Eiszeit des Nordens\" href=\"\/switzerland\/de\/News_Stories\/Multimedia\/Fotos\/Wunderschoene-Eiszeit\/Die-wunderschoene-Eiszeit-des-Nordens\/\" rel=\"Walskelett~^\u00a9 Stuart Yates 2007~^\/switzerland\/ReSizes\/ImageGalleryLarge\/Global\/switzerland\/photos\/arktis\/slideshow Eiszeit\/_IGP1307_DxOedit_0.jpg~^325789\"><br \/>\n                                <img decoding=\"async\" id=\"ctl00_cphContentArea_epiEntryContent_ctl00_ctl04_ctl00_repImages_ctl10_thumbImg\" title=\"Die wundersch\u00f6ne Eiszeit des Nordens\" src=\"https:\/\/www.greenpeace.ch\/static\/planet4-switzerland-stateless\/2019\/05\/ac509af4-ac509af4-igp1307_dxoedit_0.jpg\" alt=\"Die wundersch\u00f6ne Eiszeit des Nordens\" style=\"border-width:0px;\"><br \/>\n                            <\/a>\n                        <\/li>\n<li>\n                            <a title=\"Die wundersch\u00f6ne Eiszeit des Nordens\" href=\"\/switzerland\/de\/News_Stories\/Multimedia\/Fotos\/Wunderschoene-Eiszeit\/Die-wunderschoene-Eiszeit-des-Nordens9\/\" rel=\"Ein Rentier~^\u00a9 Stuart Yates 2007~^\/switzerland\/ReSizes\/ImageGalleryLarge\/Global\/switzerland\/photos\/arktis\/slideshow Eiszeit\/_IGP2046_0.jpg~^325798\"><br \/>\n                                <img decoding=\"async\" id=\"ctl00_cphContentArea_epiEntryContent_ctl00_ctl04_ctl00_repImages_ctl11_thumbImg\" title=\"Die wundersch\u00f6ne Eiszeit des Nordens\" src=\"https:\/\/www.greenpeace.ch\/static\/planet4-switzerland-stateless\/2019\/05\/e9ebda25-e9ebda25-igp2046_0.jpg\" alt=\"Die wundersch\u00f6ne Eiszeit des Nordens\" style=\"border-width:0px;\"><br \/>\n                            <\/a>\n                        <\/li>\n<\/ul>\n<\/div>\n<\/div>\n<\/div>\n<div class=\"text\">\n<p class=\"description\">Eisb\u00e4ren, Walrosse, Eis &#8211; die wundersch\u00f6ne Eiszeit des Nordens<\/p>\n<p class=\"copyright\">\u00a9 \u00a9 Greenpeace<\/p>\n<\/div>\n<\/div>\n<p>\u00a0\n<\/p>\n<\/div>\n<\/div>\n","protected":false},"excerpt":{"rendered":"<p>Mittwoch, 3. Oktober 2012 09\/14\/2012 \u00a9 Daniel Beltr\u00e1 \/ Greenpeace Eine weitere Schallmauer ist durchbrochen: Sagenhafte zwei Millionen Menschen unterst\u00fctzen jetzt die internationale Greenpeace-Kampagne zum Schutz der Arktis. Wahnsinn! Dieser&hellip;<\/p>\n","protected":false},"author":23,"featured_media":13330,"comment_status":"closed","ping_status":"open","sticky":false,"template":"","format":"standard","meta":{"_acf_changed":false,"_planet4_optimize_post_is_variant":false,"_planet4_optimize_experiment_name":"","_planet4_optimize_variant_name":"","ep_exclude_from_search":false,"p4_og_title":"","p4_og_description":"","p4_og_image":"","p4_og_image_id":"","p4_seo_canonical_url":"","p4_campaign_name":"","p4_local_project":"","p4_basket_name":"","p4_department":"","footnotes":""},"categories":[1],"tags":[41],"p4-page-type":[75],"gpch-article-type":[],"class_list":["post-13328","post","type-post","status-publish","format-standard","has-post-thumbnail","hentry","category-unkategorisiert","tag-meer","p4-page-type-story"],"acf":[],"_links":{"self":[{"href":"https:\/\/www.greenpeace.ch\/de\/wp-json\/wp\/v2\/posts\/13328","targetHints":{"allow":["GET"]}}],"collection":[{"href":"https:\/\/www.greenpeace.ch\/de\/wp-json\/wp\/v2\/posts"}],"about":[{"href":"https:\/\/www.greenpeace.ch\/de\/wp-json\/wp\/v2\/types\/post"}],"author":[{"embeddable":true,"href":"https:\/\/www.greenpeace.ch\/de\/wp-json\/wp\/v2\/users\/23"}],"replies":[{"embeddable":true,"href":"https:\/\/www.greenpeace.ch\/de\/wp-json\/wp\/v2\/comments?post=13328"}],"version-history":[{"count":0,"href":"https:\/\/www.greenpeace.ch\/de\/wp-json\/wp\/v2\/posts\/13328\/revisions"}],"wp:featuredmedia":[{"embeddable":true,"href":"https:\/\/www.greenpeace.ch\/de\/wp-json\/wp\/v2\/media\/13330"}],"wp:attachment":[{"href":"https:\/\/www.greenpeace.ch\/de\/wp-json\/wp\/v2\/media?parent=13328"}],"wp:term":[{"taxonomy":"category","embeddable":true,"href":"https:\/\/www.greenpeace.ch\/de\/wp-json\/wp\/v2\/categories?post=13328"},{"taxonomy":"post_tag","embeddable":true,"href":"https:\/\/www.greenpeace.ch\/de\/wp-json\/wp\/v2\/tags?post=13328"},{"taxonomy":"p4-page-type","embeddable":true,"href":"https:\/\/www.greenpeace.ch\/de\/wp-json\/wp\/v2\/p4-page-type?post=13328"},{"taxonomy":"gpch-article-type","embeddable":true,"href":"https:\/\/www.greenpeace.ch\/de\/wp-json\/wp\/v2\/gpch-article-type?post=13328"}],"curies":[{"name":"wp","href":"https:\/\/api.w.org\/{rel}","templated":true}]}}