{"id":13349,"date":"2012-09-26T00:00:00","date_gmt":"2012-09-25T22:00:00","guid":{"rendered":"https:\/\/master.greenpeace.ch\/beitrag\/13349\/total-warnt-vor-oelbohrungen-in-der-arktis\/"},"modified":"2019-05-30T12:01:45","modified_gmt":"2019-05-30T10:01:45","slug":"total-warnt-vor-oelbohrungen-in-der-arktis","status":"publish","type":"post","link":"https:\/\/www.greenpeace.ch\/de\/story\/13349\/total-warnt-vor-oelbohrungen-in-der-arktis\/","title":{"rendered":"Total warnt vor \u00d6lbohrungen in der Arktis"},"content":{"rendered":"<p><b>\u00a0<\/b><\/p>\n<div class=\"post-content\">\n<div>\n<p><strong>\u00a0<\/strong><\/p>\n<h5>\u00ab\u00d6l an der K\u00fcste Gr\u00f6nlands w\u00e4re eine Katastrophe.\u00bb<\/p>\n<p> \u00abKonzerne sollten nicht in arktischen Gew\u00e4ssern nach \u00d6l bohren.\u00bb<\/p>\n<p> \u00abDas Risiko einer \u00d6lpest in einem derart \u00f6kologisch sensiblen Gebiet ist einfach zu hoch.\u00bb<\/h5>\n<h5>\u00abEin Leck w\u00fcrde dem Image des Unternehmens zu grossen Schaden zuf\u00fcgen\u00bb<\/h5>\n<p> Klingt vertraut? Doch diese Aussagen stammen nicht von Greenpeace, sondern vom \u00d6lkonzern Total.<\/p>\n<p>Der franz\u00f6sische Konzern warnt in einem <a href=\"http:\/\/www.ft.com\/intl\/cms\/s\/350be724-070a-11e2-92ef-00144feabdc0,Authorised=false.html?_i_location=http%3A%2F%2Fwww.ft.com%2Fcms%2Fs%2F0%2F350be724-070a-11e2-92ef-00144feabdc0.html&amp;_i_referer=http%3A%2F%2Fwww.greenpeace.org%2Finternational%2Fen%2Fnews%2FBlogs%2Fmakingwaves%2Ftotally-saying-no-to-arctic-oil%2Fblog%2F42283%2F#ixzz27YbK9xqZ\">Artikel der Financial Times<\/a> vor \u00d6lbohrungen in der Arktis. Das \u00d6lbohrungen in der Arktis gef\u00e4hrlich sind, ist nichts Neues. Genau das sagen wir ja schon seit langem. Neu ist, dass jetzt ein \u00d6lmulti, der rein nach finanziellen Interessen handelt, genau dieselbe Meinung vertritt!<\/p>\n<p>Will heissen: Wenn ein Konzern wie Total schon vor \u00d6lbohrungen in der Arktis warnt, dann sollte sp\u00e4testens jetzt die Welt wirklich aufhorchen! Angesichts der scheinheiligen Zusicherungen von Shell oder Gazprom sicher in der Arktis bohren zu k\u00f6nnen, sollten die Alarmglocken nicht nur bei Umweltsch\u00fctzern, sondern auch bei Politikern und Investoren in voller Lautst\u00e4rke l\u00e4uten! Die Arktis ist eine abgeschiedene Region mit langen Dunkelperioden, starken St\u00fcrmen und in weiten Teilen (noch) ganzj\u00e4hrig mit Eis bedeckt. \u00d6lbohrungen in dieser extremen Umwelt sind in jeder Hinsicht extrem riskant! Zu riskant, wie selbst Total findet.<\/p>\n<p>Total hat eben erst selbst erfahren m\u00fcssen, welche Folgen eine \u00d6lkatastrophe f\u00fcr ein Unternehmen haben kann. Gestern wurde durch das h\u00f6chste franz\u00f6sische Gericht ein Urteil wegen der Erika-Tankerkatastrophe von 1999 best\u00e4tigt und damit auch eine saftige Geldstrafe. Doch im Grunde handelt es sich hier einfach um einen Fall, bei dem ein Konzern zur Besinnung kommt und realisiert, dass die Risiken (einer \u00d6lbohrung) einfach zu hoch sind!<\/p>\n<p><a href=\"http:\/\/www.savethearctic.org\/\">Knapp 2 Millionen Menschen unterst\u00fctzen bereits unseren Kampf f\u00fcr den Schutz der Arktis.<\/a> Dass ein grosser \u00d6lkonzern wie Total sich nun auf die Seite der Arktissch\u00fctzerInnen schl\u00e4gt scheint im ersten Moment skurril. Doch wahrscheinlich haben wir es einfach bloss mit gesundem Menschenverstand zu tun.<\/p>\n<\/p>\n<div class=\"events-box big-box left\">\n<div class=\"frame\">\n        <a class=\"open-img EnlargeImage\" href=\"https:\/\/www.greenpeace.ch\/static\/planet4-switzerland-stateless\/2019\/05\/8c59431d-8c59431d-24240_46554.jpg\" title=\"\"><br \/>\n            <img decoding=\"async\" id=\"ctl00_cphContentArea_epiEntryContent_ctl00_ctl02_Image1\" class=\"Thumbnail\" src=\"https:\/\/www.greenpeace.ch\/static\/planet4-switzerland-stateless\/2019\/05\/8c59431d-8c59431d-24240_46554.jpg\" alt=\"\" style=\"border-width:0px;\"><\/p>\n<p>        <\/a>\n    <\/div>\n<div class=\"events-content hidden-paragraph\">\n        <span class=\"date\">Mittwoch, 26. September 2012<\/span><br \/>\n        <strong><\/strong><\/p>\n<\/p>\n<\/div>\n<\/div>\n<p>\u00a0\n<\/p>\n<\/div>\n<\/div>\n","protected":false},"excerpt":{"rendered":"<p>\u00a0 \u00a0 \u00ab\u00d6l an der K\u00fcste Gr\u00f6nlands w\u00e4re eine Katastrophe.\u00bb \u00abKonzerne sollten nicht in arktischen Gew\u00e4ssern nach \u00d6l bohren.\u00bb \u00abDas Risiko einer \u00d6lpest in einem derart \u00f6kologisch sensiblen Gebiet ist&hellip;<\/p>\n","protected":false},"author":23,"featured_media":13351,"comment_status":"closed","ping_status":"open","sticky":false,"template":"","format":"standard","meta":{"_acf_changed":false,"_planet4_optimize_post_is_variant":false,"_planet4_optimize_experiment_name":"","_planet4_optimize_variant_name":"","ep_exclude_from_search":false,"p4_og_title":"","p4_og_description":"","p4_og_image":"","p4_og_image_id":"","p4_seo_canonical_url":"","p4_campaign_name":"","p4_local_project":"","p4_basket_name":"","p4_department":"","footnotes":""},"categories":[1],"tags":[50],"p4-page-type":[75],"gpch-article-type":[],"class_list":["post-13349","post","type-post","status-publish","format-standard","has-post-thumbnail","hentry","category-unkategorisiert","tag-klima","p4-page-type-story"],"acf":[],"_links":{"self":[{"href":"https:\/\/www.greenpeace.ch\/de\/wp-json\/wp\/v2\/posts\/13349","targetHints":{"allow":["GET"]}}],"collection":[{"href":"https:\/\/www.greenpeace.ch\/de\/wp-json\/wp\/v2\/posts"}],"about":[{"href":"https:\/\/www.greenpeace.ch\/de\/wp-json\/wp\/v2\/types\/post"}],"author":[{"embeddable":true,"href":"https:\/\/www.greenpeace.ch\/de\/wp-json\/wp\/v2\/users\/23"}],"replies":[{"embeddable":true,"href":"https:\/\/www.greenpeace.ch\/de\/wp-json\/wp\/v2\/comments?post=13349"}],"version-history":[{"count":0,"href":"https:\/\/www.greenpeace.ch\/de\/wp-json\/wp\/v2\/posts\/13349\/revisions"}],"wp:featuredmedia":[{"embeddable":true,"href":"https:\/\/www.greenpeace.ch\/de\/wp-json\/wp\/v2\/media\/13351"}],"wp:attachment":[{"href":"https:\/\/www.greenpeace.ch\/de\/wp-json\/wp\/v2\/media?parent=13349"}],"wp:term":[{"taxonomy":"category","embeddable":true,"href":"https:\/\/www.greenpeace.ch\/de\/wp-json\/wp\/v2\/categories?post=13349"},{"taxonomy":"post_tag","embeddable":true,"href":"https:\/\/www.greenpeace.ch\/de\/wp-json\/wp\/v2\/tags?post=13349"},{"taxonomy":"p4-page-type","embeddable":true,"href":"https:\/\/www.greenpeace.ch\/de\/wp-json\/wp\/v2\/p4-page-type?post=13349"},{"taxonomy":"gpch-article-type","embeddable":true,"href":"https:\/\/www.greenpeace.ch\/de\/wp-json\/wp\/v2\/gpch-article-type?post=13349"}],"curies":[{"name":"wp","href":"https:\/\/api.w.org\/{rel}","templated":true}]}}