{"id":13378,"date":"2012-09-25T00:00:00","date_gmt":"2012-09-24T22:00:00","guid":{"rendered":"https:\/\/master.greenpeace.ch\/beitrag\/13378\/energiewende-in-wohlen-solarpanels-so-weit-das-auge-reicht\/"},"modified":"2019-05-30T12:02:49","modified_gmt":"2019-05-30T10:02:49","slug":"energiewende-in-wohlen-solarpanels-so-weit-das-auge-reicht","status":"publish","type":"post","link":"https:\/\/www.greenpeace.ch\/de\/story\/13378\/energiewende-in-wohlen-solarpanels-so-weit-das-auge-reicht\/","title":{"rendered":"Energiewende in Wohlen: Solarpanels so weit das Auge reicht"},"content":{"rendered":"<p><b><\/b><\/p>\n<div class=\"post-content\">\n<div>\n<div class=\"events-box big-box left\">\n<div class=\"frame\">\n        <a class=\"open-img EnlargeImage\" href=\"https:\/\/www.greenpeace.ch\/static\/planet4-switzerland-stateless\/2019\/05\/7b34d47c-7b34d47c-wohlen-20-web.jpg\" title=\"\"><br \/>\n            <img decoding=\"async\" id=\"ctl00_cphContentArea_epiEntryContent_ctl00_ctl02_Image1\" class=\"Thumbnail\" src=\"https:\/\/www.greenpeace.ch\/static\/planet4-switzerland-stateless\/2019\/05\/7b34d47c-7b34d47c-wohlen-20-web.jpg\" alt=\"\" style=\"border-width:0px;\"><\/p>\n<p>        <\/a>\n    <\/div>\n<div class=\"events-content no-title\">\n        <span class=\"date\"><\/span><br \/>\n        <strong><\/strong><\/p>\n<p>\n            \u00a9 Greenpeace \/ Linda Mullan\n        <\/p>\n<\/p>\n<\/div>\n<\/div>\n<p>\u00a0<\/p>\n<p>Im aargauischen Wohlen entsteht derzeit ein eindrucksvolles St\u00fcck Energiewende: die gr\u00f6sste dachintegrierte Solaranlage der Schweiz und damit die Zweitgr\u00f6sste im Land \u00fcberhaupt. Verantwortlich f\u00fcr das Giga-Projekt zeichnen die Energiegenossenschaft ADEV in Kooperation mit Solventure GmbH.\u00a0Auf dem Dach des ehemaligen Aargauer Stahlwerks Ferrowohlen montieren seit dem 20. August t\u00e4glich um die 30 Menschen 11&#8217;900 Solarmodule. Die Dimensionen sind beeindruckend: auf 25&#8217;000 Quadratmetern Solarpanels, so weit das Auge reicht! Die Anlage wird voraussichtlich Ende Monate ans Wohlener Netz angeschlossen werden und j\u00e4hrlich 2,5 Millionen Kilowattstunden Strom liefern. Damit k\u00f6nnen um die 700 Haushalte versorgt werden, was ca. 10 Prozent von Wohlen entspricht.<\/p>\n<p>W\u00e4hrend der vergangenen Woche haben auch 25 Mitarbeitende von Greenpeace Schweiz auf dem Dach mit angepackt. Solarmacher oder Solarmacherin kann aber jeder und jede werden. Sei auch Du dabei: <a href=\"http:\/\/www.solarmacher.ch\/\" target=\"_blank\" rel=\"noopener noreferrer\">solarmacher.ch<\/a><\/p>\n<\/p>\n<div class=\"embedded-image-gallery promo general-form\">\n<h2>Solarmacher machen Ernst<\/h2>\n<div class=\"gallery\">\n<div class=\"img-nav\">\n<div class=\"carousel\">\n<ul class=\"img-list galleria\">\n<li class=\"active\">\n                            <a title=\"Solarmacher packen an f\u00fcr die gr\u00f6sste Photovoltaikanlage der Deut\" href=\"\/switzerland\/de\/Themen\/Jugendsolar\/Fotos-und-Videos\/Fotos\/Solarmacher-machen-Ernst\/Solarmacher-packen-an-fuer-die-groesste-Photovoltaikanlage-der-Deut10\/\" rel=\"Wohlen AG, 20. September 2012: Um aktiv an der Energiewende beizutragen, steigen die Solarmacher und Jugendsolar, bestehend aus Mitarbeitenden und Freiwilligen von Greenpeace Schweiz, selber aufs Dach um am Bau der gr\u00f6ssten Photovoltaikanlage der Deutschschweiz in Wohlen (AG) mitzuhelfen. 25'000 m2 gross muss die Anlage werden, hierf\u00fcr werden ca. 13'000 Solarpanels verlegt. Insgesamt hat die Anlage eine Leistung von 2.8 MWp (Megawatt). Das gen\u00fcgt f\u00fcr 600 Haushalte. \u00a9 Greenpeace \/ Jonas Scheu~^~^https:\/\/www.greenpeace.ch\/static\/planet4-switzerland-stateless\/2019\/05\/300c2d24-300c2d24-jsch7069.jpg~^324741\"><br \/>\n                                <img decoding=\"async\" id=\"ctl00_cphContentArea_epiEntryContent_ctl00_ctl04_ctl00_repImages_ctl00_thumbImg\" title=\"Solarmacher packen an f\u00fcr die gr\u00f6sste Photovoltaikanlage der Deut\" src=\"https:\/\/www.greenpeace.ch\/static\/planet4-switzerland-stateless\/2019\/05\/300c2d24-300c2d24-jsch7069.jpg\" alt=\"Solarmacher packen an f\u00fcr die gr\u00f6sste Photovoltaikanlage der Deut\" style=\"border-width:0px;\"><br \/>\n                            <\/a>\n                        <\/li>\n<li>\n                            <a title=\"Solarmacher packen an f\u00fcr die gr\u00f6sste Photovoltaikanlage der Deut\" href=\"\/switzerland\/de\/Themen\/Jugendsolar\/Fotos-und-Videos\/Fotos\/Solarmacher-machen-Ernst\/Solarmacher-packen-an-fuer-die-groesste-Photovoltaikanlage-der-Deut8\/\" rel=\"Wohlen AG, 20. September 2012: Um aktiv an der Energiewende beizutragen, steigen die Solarmacher und Jugendsolar, bestehend aus Mitarbeitenden und Freiwilligen von Greenpeace Schweiz, selber aufs Dach um am Bau der gr\u00f6ssten Photovoltaikanlage der Deutschschweiz in Wohlen (AG) mitzuhelfen. 25'000 m2 gross muss die Anlage werden, hierf\u00fcr werden ca. 13'000 Solarpanels verlegt. Insgesamt hat die Anlage eine Leistung von 2.8 MWp (Megawatt). Das gen\u00fcgt f\u00fcr 600 Haushalte. \u00a9 Greenpeace \/ Jonas Scheu~^~^https:\/\/www.greenpeace.ch\/static\/planet4-switzerland-stateless\/2019\/05\/0c2c2698-0c2c2698-jsch6997.jpg~^324739\"><br \/>\n                                <img decoding=\"async\" id=\"ctl00_cphContentArea_epiEntryContent_ctl00_ctl04_ctl00_repImages_ctl01_thumbImg\" title=\"Solarmacher packen an f\u00fcr die gr\u00f6sste Photovoltaikanlage der Deut\" src=\"https:\/\/www.greenpeace.ch\/static\/planet4-switzerland-stateless\/2019\/05\/0c2c2698-0c2c2698-jsch6997.jpg\" alt=\"Solarmacher packen an f\u00fcr die gr\u00f6sste Photovoltaikanlage der Deut\" style=\"border-width:0px;\"><br \/>\n                            <\/a>\n                        <\/li>\n<li>\n                            <a title=\"Solarmacher packen an f\u00fcr die gr\u00f6sste Photovoltaikanlage der Deut\" href=\"\/switzerland\/de\/Themen\/Jugendsolar\/Fotos-und-Videos\/Fotos\/Solarmacher-machen-Ernst\/Solarmacher-packen-an-fuer-die-groesste-Photovoltaikanlage-der-Deut2\/\" rel=\"Wohlen AG, 20. September 2012: Um aktiv an der Energiewende beizutragen, steigen die Solarmacher und Jugendsolar, bestehend aus Mitarbeitenden und Freiwilligen von Greenpeace Schweiz, selber aufs Dach um am Bau der gr\u00f6ssten Photovoltaikanlage der Deutschschweiz in Wohlen (AG) mitzuhelfen. 25'000 m2 gross muss die Anlage werden, hierf\u00fcr werden ca. 13'000 Solarpanels verlegt. Insgesamt hat die Anlage eine Leistung von 2.8 MWp (Megawatt). Das gen\u00fcgt f\u00fcr 600 Haushalte. \u00a9 Greenpeace \/ Jonas Scheu~^~^https:\/\/www.greenpeace.ch\/static\/planet4-switzerland-stateless\/2019\/05\/a88fa81d-a88fa81d-jsch6870.jpg~^324733\"><br \/>\n                                <img decoding=\"async\" id=\"ctl00_cphContentArea_epiEntryContent_ctl00_ctl04_ctl00_repImages_ctl02_thumbImg\" title=\"Solarmacher packen an f\u00fcr die gr\u00f6sste Photovoltaikanlage der Deut\" src=\"https:\/\/www.greenpeace.ch\/static\/planet4-switzerland-stateless\/2019\/05\/a88fa81d-a88fa81d-jsch6870.jpg\" alt=\"Solarmacher packen an f\u00fcr die gr\u00f6sste Photovoltaikanlage der Deut\" style=\"border-width:0px;\"><br \/>\n                            <\/a>\n                        <\/li>\n<li>\n                            <a title=\"Solarmacher packen an f\u00fcr die gr\u00f6sste Photovoltaikanlage der Deut\" href=\"\/switzerland\/de\/Themen\/Jugendsolar\/Fotos-und-Videos\/Fotos\/Solarmacher-machen-Ernst\/Solarmacher-packen-an-fuer-die-groesste-Photovoltaikanlage-der-Deut3\/\" rel=\"Wohlen AG, 20. September 2012: Um aktiv an der Energiewende beizutragen, steigen die Solarmacher und Jugendsolar, bestehend aus Mitarbeitenden und Freiwilligen von Greenpeace Schweiz, selber aufs Dach um am Bau der gr\u00f6ssten Photovoltaikanlage der Deutschschweiz in Wohlen (AG) mitzuhelfen. 25'000 m2 gross muss die Anlage werden, hierf\u00fcr werden ca. 13'000 Solarpanels verlegt. Insgesamt hat die Anlage eine Leistung von 2.8 MWp (Megawatt). Das gen\u00fcgt f\u00fcr 600 Haushalte. \u00a9 Greenpeace \/ Jonas Scheu~^~^https:\/\/www.greenpeace.ch\/static\/planet4-switzerland-stateless\/2019\/05\/f294c883-f294c883-jsch6889.jpg~^324734\"><br \/>\n                                <img decoding=\"async\" id=\"ctl00_cphContentArea_epiEntryContent_ctl00_ctl04_ctl00_repImages_ctl03_thumbImg\" title=\"Solarmacher packen an f\u00fcr die gr\u00f6sste Photovoltaikanlage der Deut\" src=\"https:\/\/www.greenpeace.ch\/static\/planet4-switzerland-stateless\/2019\/05\/f294c883-f294c883-jsch6889.jpg\" alt=\"Solarmacher packen an f\u00fcr die gr\u00f6sste Photovoltaikanlage der Deut\" style=\"border-width:0px;\"><br \/>\n                            <\/a>\n                        <\/li>\n<li>\n                            <a title=\"Solarmacher packen an f\u00fcr die gr\u00f6sste Photovoltaikanlage der Deut\" href=\"\/switzerland\/de\/Themen\/Jugendsolar\/Fotos-und-Videos\/Fotos\/Solarmacher-machen-Ernst\/Solarmacher-packen-an-fuer-die-groesste-Photovoltaikanlage-der-Deut1\/\" rel=\"Wohlen AG, 20. September 2012: Um aktiv an der Energiewende beizutragen, steigen die Solarmacher und Jugendsolar, bestehend aus Mitarbeitenden und Freiwilligen von Greenpeace Schweiz, selber aufs Dach um am Bau der gr\u00f6ssten Photovoltaikanlage der Deutschschweiz in Wohlen (AG) mitzuhelfen. 25'000 m2 gross muss die Anlage werden, hierf\u00fcr werden ca. 13'000 Solarpanels verlegt. Insgesamt hat die Anlage eine Leistung von 2.8 MWp (Megawatt). Das gen\u00fcgt f\u00fcr 600 Haushalte. \u00a9 Greenpeace \/ Jonas Scheu~^~^https:\/\/www.greenpeace.ch\/static\/planet4-switzerland-stateless\/2019\/05\/0aa83157-0aa83157-jsch6829.jpg~^324732\"><br \/>\n                                <img decoding=\"async\" id=\"ctl00_cphContentArea_epiEntryContent_ctl00_ctl04_ctl00_repImages_ctl04_thumbImg\" title=\"Solarmacher packen an f\u00fcr die gr\u00f6sste Photovoltaikanlage der Deut\" src=\"https:\/\/www.greenpeace.ch\/static\/planet4-switzerland-stateless\/2019\/05\/0aa83157-0aa83157-jsch6829.jpg\" alt=\"Solarmacher packen an f\u00fcr die gr\u00f6sste Photovoltaikanlage der Deut\" style=\"border-width:0px;\"><br \/>\n                            <\/a>\n                        <\/li>\n<li>\n                            <a title=\"Solarmacher packen an f\u00fcr die gr\u00f6sste Photovoltaikanlage der Deut\" href=\"\/switzerland\/de\/Themen\/Jugendsolar\/Fotos-und-Videos\/Fotos\/Solarmacher-machen-Ernst\/Solarmacher-packen-an-fuer-die-groesste-Photovoltaikanlage-der-Deut\/\" rel=\"Wohlen AG, 20. September 2012: Um aktiv an der Energiewende beizutragen, steigen die Solarmacher und Jugendsolar, bestehend aus Mitarbeitenden und Freiwilligen von Greenpeace Schweiz, selber aufs Dach um am Bau der gr\u00f6ssten Photovoltaikanlage der Deutschschweiz in Wohlen (AG) mitzuhelfen. 25'000 m2 gross muss die Anlage werden, hierf\u00fcr werden ca. 13'000 Solarpanels verlegt. Insgesamt hat die Anlage eine Leistung von 2.8 MWp (Megawatt). Das gen\u00fcgt f\u00fcr 600 Haushalte. \u00a9 Greenpeace \/ Jonas Scheu~^~^https:\/\/www.greenpeace.ch\/static\/planet4-switzerland-stateless\/2019\/05\/d491ada3-d491ada3-jsch6764.jpg~^324731\"><br \/>\n                                <img decoding=\"async\" id=\"ctl00_cphContentArea_epiEntryContent_ctl00_ctl04_ctl00_repImages_ctl05_thumbImg\" title=\"Solarmacher packen an f\u00fcr die gr\u00f6sste Photovoltaikanlage der Deut\" src=\"https:\/\/www.greenpeace.ch\/static\/planet4-switzerland-stateless\/2019\/05\/d491ada3-d491ada3-jsch6764.jpg\" alt=\"Solarmacher packen an f\u00fcr die gr\u00f6sste Photovoltaikanlage der Deut\" style=\"border-width:0px;\"><br \/>\n                            <\/a>\n                        <\/li>\n<li>\n                            <a title=\"Solarmacher packen an f\u00fcr die gr\u00f6sste Photovoltaikanlage der Deut\" href=\"\/switzerland\/de\/Themen\/Jugendsolar\/Fotos-und-Videos\/Fotos\/Solarmacher-machen-Ernst\/Solarmacher-packen-an-fuer-die-groesste-Photovoltaikanlage-der-Deut4\/\" rel=\"Wohlen AG, 20. September 2012: Um aktiv an der Energiewende beizutragen, steigen die Solarmacher und Jugendsolar, bestehend aus Mitarbeitenden und Freiwilligen von Greenpeace Schweiz, selber aufs Dach um am Bau der gr\u00f6ssten Photovoltaikanlage der Deutschschweiz in Wohlen (AG) mitzuhelfen. 25'000 m2 gross muss die Anlage werden, hierf\u00fcr werden ca. 13'000 Solarpanels verlegt. Insgesamt hat die Anlage eine Leistung von 2.8 MWp (Megawatt). Das gen\u00fcgt f\u00fcr 600 Haushalte. \u00a9 Greenpeace \/ Jonas Scheu~^~^https:\/\/www.greenpeace.ch\/static\/planet4-switzerland-stateless\/2019\/05\/a03f1e9e-a03f1e9e-jsch6926.jpg~^324735\"><br \/>\n                                <img decoding=\"async\" id=\"ctl00_cphContentArea_epiEntryContent_ctl00_ctl04_ctl00_repImages_ctl06_thumbImg\" title=\"Solarmacher packen an f\u00fcr die gr\u00f6sste Photovoltaikanlage der Deut\" src=\"https:\/\/www.greenpeace.ch\/static\/planet4-switzerland-stateless\/2019\/05\/a03f1e9e-a03f1e9e-jsch6926.jpg\" alt=\"Solarmacher packen an f\u00fcr die gr\u00f6sste Photovoltaikanlage der Deut\" style=\"border-width:0px;\"><br \/>\n                            <\/a>\n                        <\/li>\n<li>\n                            <a title=\"Solarmacher packen an f\u00fcr die gr\u00f6sste Photovoltaikanlage der Deut\" href=\"\/switzerland\/de\/Themen\/Jugendsolar\/Fotos-und-Videos\/Fotos\/Solarmacher-machen-Ernst\/Solarmacher-packen-an-fuer-die-groesste-Photovoltaikanlage-der-Deut9\/\" rel=\"Wohlen AG, 20. September 2012: Um aktiv an der Energiewende beizutragen, steigen die Solarmacher und Jugendsolar, bestehend aus Mitarbeitenden und Freiwilligen von Greenpeace Schweiz, selber aufs Dach um am Bau der gr\u00f6ssten Photovoltaikanlage der Deutschschweiz in Wohlen (AG) mitzuhelfen. 25'000 m2 gross muss die Anlage werden, hierf\u00fcr werden ca. 13'000 Solarpanels verlegt. Insgesamt hat die Anlage eine Leistung von 2.8 MWp (Megawatt). Das gen\u00fcgt f\u00fcr 600 Haushalte. \u00a9 Greenpeace \/ Jonas Scheu~^~^https:\/\/www.greenpeace.ch\/static\/planet4-switzerland-stateless\/2019\/05\/83d2100f-83d2100f-jsch7034.jpg~^324740\"><br \/>\n                                <img decoding=\"async\" id=\"ctl00_cphContentArea_epiEntryContent_ctl00_ctl04_ctl00_repImages_ctl07_thumbImg\" title=\"Solarmacher packen an f\u00fcr die gr\u00f6sste Photovoltaikanlage der Deut\" src=\"https:\/\/www.greenpeace.ch\/static\/planet4-switzerland-stateless\/2019\/05\/83d2100f-83d2100f-jsch7034.jpg\" alt=\"Solarmacher packen an f\u00fcr die gr\u00f6sste Photovoltaikanlage der Deut\" style=\"border-width:0px;\"><br \/>\n                            <\/a>\n                        <\/li>\n<li>\n                            <a title=\"Solarmacher packen an f\u00fcr die gr\u00f6sste Photovoltaikanlage der Deut\" href=\"\/switzerland\/de\/Themen\/Jugendsolar\/Fotos-und-Videos\/Fotos\/Solarmacher-machen-Ernst\/Solarmacher-packen-an-fuer-die-groesste-Photovoltaikanlage-der-Deut13\/\" rel=\"Wohlen AG, 20. September 2012: Um aktiv an der Energiewende beizutragen, steigen die Solarmacher und Jugendsolar, bestehend aus Mitarbeitenden und Freiwilligen von Greenpeace Schweiz, selber aufs Dach um am Bau der gr\u00f6ssten Photovoltaikanlage der Deutschschweiz in Wohlen (AG) mitzuhelfen. 25'000 m2 gross muss die Anlage werden, hierf\u00fcr werden ca. 13'000 Solarpanels verlegt. Insgesamt hat die Anlage eine Leistung von 2.8 MWp (Megawatt). Das gen\u00fcgt f\u00fcr 600 Haushalte. \u00a9 Greenpeace \/ Jonas Scheu~^~^https:\/\/www.greenpeace.ch\/static\/planet4-switzerland-stateless\/2019\/05\/4c0c4ee5-4c0c4ee5-jsch7125.jpg~^324744\"><br \/>\n                                <img decoding=\"async\" id=\"ctl00_cphContentArea_epiEntryContent_ctl00_ctl04_ctl00_repImages_ctl08_thumbImg\" title=\"Solarmacher packen an f\u00fcr die gr\u00f6sste Photovoltaikanlage der Deut\" src=\"https:\/\/www.greenpeace.ch\/static\/planet4-switzerland-stateless\/2019\/05\/4c0c4ee5-4c0c4ee5-jsch7125.jpg\" alt=\"Solarmacher packen an f\u00fcr die gr\u00f6sste Photovoltaikanlage der Deut\" style=\"border-width:0px;\"><br \/>\n                            <\/a>\n                        <\/li>\n<li>\n                            <a title=\"Solarmacher packen an f\u00fcr die gr\u00f6sste Photovoltaikanlage der Deut\" href=\"\/switzerland\/de\/Themen\/Jugendsolar\/Fotos-und-Videos\/Fotos\/Solarmacher-machen-Ernst\/Solarmacher-packen-an-fuer-die-groesste-Photovoltaikanlage-der-Deut6\/\" rel=\"Wohlen AG, 20. September 2012: Um aktiv an der Energiewende beizutragen, steigen die Solarmacher und Jugendsolar, bestehend aus Mitarbeitenden und Freiwilligen von Greenpeace Schweiz, selber aufs Dach um am Bau der gr\u00f6ssten Photovoltaikanlage der Deutschschweiz in Wohlen (AG) mitzuhelfen. 25'000 m2 gross muss die Anlage werden, hierf\u00fcr werden ca. 13'000 Solarpanels verlegt. Insgesamt hat die Anlage eine Leistung von 2.8 MWp (Megawatt). Das gen\u00fcgt f\u00fcr 600 Haushalte. \u00a9 Greenpeace \/ Jonas Scheu~^~^https:\/\/www.greenpeace.ch\/static\/planet4-switzerland-stateless\/2019\/05\/3b277e6c-3b277e6c-jsch6955.jpg~^324737\"><br \/>\n                                <img decoding=\"async\" id=\"ctl00_cphContentArea_epiEntryContent_ctl00_ctl04_ctl00_repImages_ctl09_thumbImg\" title=\"Solarmacher packen an f\u00fcr die gr\u00f6sste Photovoltaikanlage der Deut\" src=\"https:\/\/www.greenpeace.ch\/static\/planet4-switzerland-stateless\/2019\/05\/3b277e6c-3b277e6c-jsch6955.jpg\" alt=\"Solarmacher packen an f\u00fcr die gr\u00f6sste Photovoltaikanlage der Deut\" style=\"border-width:0px;\"><br \/>\n                            <\/a>\n                        <\/li>\n<li>\n                            <a title=\"Solarmacher packen an f\u00fcr die gr\u00f6sste Photovoltaikanlage der Deut\" href=\"\/switzerland\/de\/Themen\/Jugendsolar\/Fotos-und-Videos\/Fotos\/Solarmacher-machen-Ernst\/Solarmacher-packen-an-fuer-die-groesste-Photovoltaikanlage-der-Deut5\/\" rel=\"Wohlen AG, 20. September 2012: Um aktiv an der Energiewende beizutragen, steigen die Solarmacher und Jugendsolar, bestehend aus Mitarbeitenden und Freiwilligen von Greenpeace Schweiz, selber aufs Dach um am Bau der gr\u00f6ssten Photovoltaikanlage der Deutschschweiz in Wohlen (AG) mitzuhelfen. 25'000 m2 gross muss die Anlage werden, hierf\u00fcr werden ca. 13'000 Solarpanels verlegt. Insgesamt hat die Anlage eine Leistung von 2.8 MWp (Megawatt). Das gen\u00fcgt f\u00fcr 600 Haushalte. \u00a9 Greenpeace \/ Jonas Scheu~^~^https:\/\/www.greenpeace.ch\/static\/planet4-switzerland-stateless\/2019\/05\/fadfbccf-fadfbccf-jsch6949.jpg~^324736\"><br \/>\n                                <img decoding=\"async\" id=\"ctl00_cphContentArea_epiEntryContent_ctl00_ctl04_ctl00_repImages_ctl10_thumbImg\" title=\"Solarmacher packen an f\u00fcr die gr\u00f6sste Photovoltaikanlage der Deut\" src=\"https:\/\/www.greenpeace.ch\/static\/planet4-switzerland-stateless\/2019\/05\/fadfbccf-fadfbccf-jsch6949.jpg\" alt=\"Solarmacher packen an f\u00fcr die gr\u00f6sste Photovoltaikanlage der Deut\" style=\"border-width:0px;\"><br \/>\n                            <\/a>\n                        <\/li>\n<li>\n                            <a title=\"Solarmacher packen an f\u00fcr die gr\u00f6sste Photovoltaikanlage der Deut\" href=\"\/switzerland\/de\/Themen\/Jugendsolar\/Fotos-und-Videos\/Fotos\/Solarmacher-machen-Ernst\/Solarmacher-packen-an-fuer-die-groesste-Photovoltaikanlage-der-Deut11\/\" rel=\"Wohlen AG, 20. September 2012: Um aktiv an der Energiewende beizutragen, steigen die Solarmacher und Jugendsolar, bestehend aus Mitarbeitenden und Freiwilligen von Greenpeace Schweiz, selber aufs Dach um am Bau der gr\u00f6ssten Photovoltaikanlage der Deutschschweiz in Wohlen (AG) mitzuhelfen. 25'000 m2 gross muss die Anlage werden, hierf\u00fcr werden ca. 13'000 Solarpanels verlegt. Insgesamt hat die Anlage eine Leistung von 2.8 MWp (Megawatt). Das gen\u00fcgt f\u00fcr 600 Haushalte. \u00a9 Greenpeace \/ Jonas Scheu~^~^https:\/\/www.greenpeace.ch\/static\/planet4-switzerland-stateless\/2019\/05\/d02117ca-d02117ca-jsch7094.jpg~^324742\"><br \/>\n                                <img decoding=\"async\" id=\"ctl00_cphContentArea_epiEntryContent_ctl00_ctl04_ctl00_repImages_ctl11_thumbImg\" title=\"Solarmacher packen an f\u00fcr die gr\u00f6sste Photovoltaikanlage der Deut\" src=\"https:\/\/www.greenpeace.ch\/static\/planet4-switzerland-stateless\/2019\/05\/d02117ca-d02117ca-jsch7094.jpg\" alt=\"Solarmacher packen an f\u00fcr die gr\u00f6sste Photovoltaikanlage der Deut\" style=\"border-width:0px;\"><br \/>\n                            <\/a>\n                        <\/li>\n<li>\n                            <a title=\"Solarmacher packen an f\u00fcr die gr\u00f6sste Photovoltaikanlage der Deut\" href=\"\/switzerland\/de\/Themen\/Jugendsolar\/Fotos-und-Videos\/Fotos\/Solarmacher-machen-Ernst\/Solarmacher-packen-an-fuer-die-groesste-Photovoltaikanlage-der-Deut12\/\" rel=\"Wohlen AG, 20. September 2012: Um aktiv an der Energiewende beizutragen, steigen die Solarmacher und Jugendsolar, bestehend aus Mitarbeitenden und Freiwilligen von Greenpeace Schweiz, selber aufs Dach um am Bau der gr\u00f6ssten Photovoltaikanlage der Deutschschweiz in Wohlen (AG) mitzuhelfen. 25'000 m2 gross muss die Anlage werden, hierf\u00fcr werden ca. 13'000 Solarpanels verlegt. Insgesamt hat die Anlage eine Leistung von 2.8 MWp (Megawatt). Das gen\u00fcgt f\u00fcr 600 Haushalte. \u00a9 Greenpeace \/ Jonas Scheu~^~^https:\/\/www.greenpeace.ch\/static\/planet4-switzerland-stateless\/2019\/05\/1e1fdfeb-1e1fdfeb-jsch7104.jpg~^324743\"><br \/>\n                                <img decoding=\"async\" id=\"ctl00_cphContentArea_epiEntryContent_ctl00_ctl04_ctl00_repImages_ctl12_thumbImg\" title=\"Solarmacher packen an f\u00fcr die gr\u00f6sste Photovoltaikanlage der Deut\" src=\"https:\/\/www.greenpeace.ch\/static\/planet4-switzerland-stateless\/2019\/05\/1e1fdfeb-1e1fdfeb-jsch7104.jpg\" alt=\"Solarmacher packen an f\u00fcr die gr\u00f6sste Photovoltaikanlage der Deut\" style=\"border-width:0px;\"><br \/>\n                            <\/a>\n                        <\/li>\n<li>\n                            <a title=\"Solarmacher packen an f\u00fcr die gr\u00f6sste Photovoltaikanlage der Deut\" href=\"\/switzerland\/de\/Themen\/Jugendsolar\/Fotos-und-Videos\/Fotos\/Solarmacher-machen-Ernst\/Solarmacher-packen-an-fuer-die-groesste-Photovoltaikanlage-der-Deut14\/\" rel=\"Wohlen AG, 20. September 2012: Um aktiv an der Energiewende beizutragen, steigen die Solarmacher und Jugendsolar, bestehend aus Mitarbeitenden und Freiwilligen von Greenpeace Schweiz, selber aufs Dach um am Bau der gr\u00f6ssten Photovoltaikanlage der Deutschschweiz in Wohlen (AG) mitzuhelfen. 25'000 m2 gross muss die Anlage werden, hierf\u00fcr werden ca. 13'000 Solarpanels verlegt. Insgesamt hat die Anlage eine Leistung von 2.8 MWp (Megawatt). Das gen\u00fcgt f\u00fcr 600 Haushalte. \u00a9 Greenpeace \/ Jonas Scheu~^~^https:\/\/www.greenpeace.ch\/static\/planet4-switzerland-stateless\/2019\/05\/522c79d4-522c79d4-jsch7135.jpg~^324745\"><br \/>\n                                <img decoding=\"async\" id=\"ctl00_cphContentArea_epiEntryContent_ctl00_ctl04_ctl00_repImages_ctl13_thumbImg\" title=\"Solarmacher packen an f\u00fcr die gr\u00f6sste Photovoltaikanlage der Deut\" src=\"https:\/\/www.greenpeace.ch\/static\/planet4-switzerland-stateless\/2019\/05\/522c79d4-522c79d4-jsch7135.jpg\" alt=\"Solarmacher packen an f\u00fcr die gr\u00f6sste Photovoltaikanlage der Deut\" style=\"border-width:0px;\"><br \/>\n                            <\/a>\n                        <\/li>\n<\/ul>\n<\/div>\n<\/div>\n<\/div>\n<div class=\"text\">\n<p class=\"description\">Wohlen AG, 20. September 2012: Um aktiv an der Energiewende beizutragen, steigen die Solarmacher und Jugendsolar, bestehend aus Mitarbeitenden und Freiwilligen von Greenpeace Schweiz, selber aufs Dach um am Bau der gr\u00f6ssten Photovoltaikanlage der Deutschschweiz in Wohlen (AG) mitzuhelfen. 25&#8217;000 m2 gross muss die Anlage werden, hierf\u00fcr werden ca. 13&#8217;000 Solarpanels verlegt. Insgesamt hat die Anlage eine Leistung von 2.8 MWp (Megawatt). Das gen\u00fcgt f\u00fcr 600 Haushalte. <\/p>\n<p class=\"copyright\">\u00a9 Greenpeace \/ Jonas Scheu<\/p>\n<\/div>\n<\/div>\n<p>\u00a0\n<\/p>\n<\/div>\n<\/div>\n","protected":false},"excerpt":{"rendered":"<p>\u00a9 Greenpeace \/ Linda Mullan \u00a0 Im aargauischen Wohlen entsteht derzeit ein eindrucksvolles St\u00fcck Energiewende: die gr\u00f6sste dachintegrierte Solaranlage der Schweiz und damit die Zweitgr\u00f6sste im Land \u00fcberhaupt. Verantwortlich f\u00fcr&hellip;<\/p>\n","protected":false},"author":23,"featured_media":13380,"comment_status":"closed","ping_status":"open","sticky":false,"template":"","format":"standard","meta":{"_acf_changed":false,"_planet4_optimize_post_is_variant":false,"_planet4_optimize_experiment_name":"","_planet4_optimize_variant_name":"","ep_exclude_from_search":false,"p4_og_title":"","p4_og_description":"","p4_og_image":"","p4_og_image_id":"","p4_seo_canonical_url":"","p4_campaign_name":"","p4_local_project":"","p4_basket_name":"","p4_department":"","footnotes":""},"categories":[1],"tags":[50],"p4-page-type":[75],"gpch-article-type":[],"class_list":["post-13378","post","type-post","status-publish","format-standard","has-post-thumbnail","hentry","category-unkategorisiert","tag-klima","p4-page-type-story"],"acf":[],"_links":{"self":[{"href":"https:\/\/www.greenpeace.ch\/de\/wp-json\/wp\/v2\/posts\/13378","targetHints":{"allow":["GET"]}}],"collection":[{"href":"https:\/\/www.greenpeace.ch\/de\/wp-json\/wp\/v2\/posts"}],"about":[{"href":"https:\/\/www.greenpeace.ch\/de\/wp-json\/wp\/v2\/types\/post"}],"author":[{"embeddable":true,"href":"https:\/\/www.greenpeace.ch\/de\/wp-json\/wp\/v2\/users\/23"}],"replies":[{"embeddable":true,"href":"https:\/\/www.greenpeace.ch\/de\/wp-json\/wp\/v2\/comments?post=13378"}],"version-history":[{"count":0,"href":"https:\/\/www.greenpeace.ch\/de\/wp-json\/wp\/v2\/posts\/13378\/revisions"}],"wp:featuredmedia":[{"embeddable":true,"href":"https:\/\/www.greenpeace.ch\/de\/wp-json\/wp\/v2\/media\/13380"}],"wp:attachment":[{"href":"https:\/\/www.greenpeace.ch\/de\/wp-json\/wp\/v2\/media?parent=13378"}],"wp:term":[{"taxonomy":"category","embeddable":true,"href":"https:\/\/www.greenpeace.ch\/de\/wp-json\/wp\/v2\/categories?post=13378"},{"taxonomy":"post_tag","embeddable":true,"href":"https:\/\/www.greenpeace.ch\/de\/wp-json\/wp\/v2\/tags?post=13378"},{"taxonomy":"p4-page-type","embeddable":true,"href":"https:\/\/www.greenpeace.ch\/de\/wp-json\/wp\/v2\/p4-page-type?post=13378"},{"taxonomy":"gpch-article-type","embeddable":true,"href":"https:\/\/www.greenpeace.ch\/de\/wp-json\/wp\/v2\/gpch-article-type?post=13378"}],"curies":[{"name":"wp","href":"https:\/\/api.w.org\/{rel}","templated":true}]}}