{"id":13408,"date":"2012-09-19T00:00:00","date_gmt":"2012-09-18T22:00:00","guid":{"rendered":"https:\/\/master.greenpeace.ch\/beitrag\/13408\/vom-rand-der-eisdecke-ein-rekord-wurde-gebrochen-und-geschichte-geschrieben\/"},"modified":"2019-05-30T12:03:16","modified_gmt":"2019-05-30T10:03:16","slug":"vom-rand-der-eisdecke-ein-rekord-wurde-gebrochen-und-geschichte-geschrieben","status":"publish","type":"post","link":"https:\/\/www.greenpeace.ch\/de\/story\/13408\/vom-rand-der-eisdecke-ein-rekord-wurde-gebrochen-und-geschichte-geschrieben\/","title":{"rendered":"Vom Rand der Eisdecke &#8211; ein Rekord wurde gebrochen und Geschichte geschrieben"},"content":{"rendered":"<p><b><\/b><\/p>\n<div class=\"post-content\">\n<div>\n<div class=\"events-box middle-box right\">\n<div class=\"frame\">\n        <a class=\"open-img EnlargeImage\" href=\"https:\/\/www.greenpeace.ch\/static\/planet4-switzerland-stateless\/2019\/05\/869a4e8e-869a4e8e-klima_arktis_sarahayech_gp048tn.jpg\" title=\"\"><br \/>\n            <img decoding=\"async\" id=\"ctl00_cphContentArea_epiEntryContent_ctl00_ctl02_Image1\" class=\"Thumbnail\" src=\"https:\/\/www.greenpeace.ch\/static\/planet4-switzerland-stateless\/2019\/05\/869a4e8e-869a4e8e-klima_arktis_sarahayech_gp048tn.jpg\" alt=\"\" style=\"border-width:0px;\"><\/p>\n<p>        <\/a>\n    <\/div>\n<div class=\"events-content\">\n        <span class=\"date\">Mittwoch, 19. September 2012<\/span><br \/>\n        <strong><\/strong><\/p>\n<p>\n            Sarah Ayech erz\u00e4hlt von Bord des Greenpeace Schiffes Arctic Sunrise\n        <\/p>\n<\/p>\n<\/div>\n<\/div>\n<p>Wir reden nicht \u00fcber einen Rekord, den wir gerne unseren Enkelkindern  erz\u00e4hlen wollen. Es ist keine Geschichte \u00fcber grossartige sportliche  Leistungen, wie zum Beispiel Usain Bolts Olympische Rekorde. Nein, hier  handelt es sich leider um etwas viel Negativeres. Ich befinde mich in  der Arktis und bin Teil der Greenpeace Crew, die Aufzeichnungen \u00fcber den  diesj\u00e4hrigen Minimalstand der Eisdecke \u2013 dem Moment, an dem das  arktische Eis am d\u00fcnnsten ist &#8211; macht. Schon bald werden wir von einem  neuen Rekord h\u00f6ren, einem der den von 2007 bricht \u2013 dem d\u00fcnnsten Stand  der Eisdecke in der Arktis, der jemals gemessen wurde.<\/p>\n<p>Bleibt alles so wie es ist, wird es in der Arktis \u2013 die laut  Wissenschaftlern seit tausenden Jahren nicht eisfrei war &#8211; \u00a0noch  innerhalb des n\u00e4chsten Jahrzehnts eisfreie Sommer geben. Das Eis  schmilzt um einiges schneller, als es der UN-Klimarat vorausgesagt hat,  denn die Statistiken des Klimarates erwarten die eisfreien Sommer mit  Ende des Jahrhunderts.<\/p>\n<div class=\"events-box middle-box right\">\n<div class=\"events-content no-title\"><span class=\"date\">\u00a0<\/span>Warum ist das wichtig? Genauso wie manche Menschen sagen, dass die  entfernten Regenw\u00e4lder die Lungen des Planeten sind und die Luft die wir  einatmen regulieren, so ist die Arktis ein lebenswichtiges Organ, das  unsere Atmosph\u00e4re abk\u00fchlt, indem es die Sonnestrahlen zur\u00fcck ins Weltall  reflektiert und so unser Wettersystem reguliert. Unser Herz pumpt Blut  in die Venen \u2013 die Arktis l\u00e4sst die Meeresstr\u00f6mungen um die Erde  zirkulieren. Das Verschwinden der Meereseisdecke verlangsamt das  Zirkulieren der Meerestr\u00f6mungen \u2013 das Herz der Erde wird immer langsamer  schlagen.<\/div>\n<div class=\"events-content no-title\">Unser Herz erh\u00e4lt uns Tag f\u00fcr Tag, ist lebensnotwendig,  aber nicht selbstverst\u00e4ndlich. Es steht auch als internationales Symbol  f\u00fcr Liebe und Hoffnung. Aus diesen Gr\u00fcnden haben wir alle Flaggen der  UN-Mitgliedsstaaten genommen und diese als Herz auf eine schmelzende  Eisscholle am n\u00f6rdlichen Polarkreis gelegt. Mit diesem symbolhaften Bild  rufen wir die L\u00e4nder dazu auf zusammenzukommen und die Arktis zu  sch\u00fctzen. Die Arktis braucht nicht nur unsere Liebe, sondern auch den  Mut uns f\u00fcr den Erhalt dieses einmaligen Lebensraums einzusetzen.<\/div>\n<\/div>\n<p>\u00a0<\/p>\n<\/p>\n<div class=\"events-box big-box right\">\n<div class=\"frame\">\n        <a class=\"open-img EnlargeImage\" href=\"https:\/\/www.greenpeace.ch\/wp-content\/uploads\/2017\/01\/GP0497A.jpg\" title=\"\"><br \/>\n            <img decoding=\"async\" id=\"ctl00_cphContentArea_epiEntryContent_ctl00_ctl04_Image1\" class=\"Thumbnail\" src=\"https:\/\/www.greenpeace.ch\/wp-content\/uploads\/2017\/01\/GP0497A.jpg\" alt=\"\" style=\"border-width:0px;\"><\/p>\n<p>        <\/a>\n    <\/div>\n<div class=\"events-content\">\n        <span class=\"date\">Mittwoch, 19. September 2012<\/span><br \/>\n        <strong><\/strong><\/p>\n<p>\n            Ein symbolisches Herz f\u00fcr den Schutz der Arktis\n        <\/p>\n<\/p>\n<\/div>\n<\/div>\n<p>\u00a0<\/p>\n<p>Wir suchten einige Tage lang nach einer passenden Eisscholle f\u00fcr unser tempor\u00e4res Kunstwerk.\u00a0<br \/>An  Deck des Greenpeace Schiffes \u00abArctic Sunrise\u00bb beobachteten wir den  Sonnenaufgang \u00fcber den Eisschollen. Manche waren so d\u00fcnn, dass sich  Wasserpf\u00fctzen an der Oberfl\u00e4che bildeten, andere wieder liessen den  darunterliegenden Ozean im klarsten frostigen Tiefblau erscheinen. \u00a0Wir  sahen Eisb\u00e4rspuren im Schnee und in der Ferne tauchte er dann auch auf \u2013  ein einsamer, cremefarbiger Fleck in der weiten, weissen  Landschaft.\u00a0Besonders in solchen Momenten ist es unvorstellbar f\u00fcr mich,  dass diese atemberaubend sch\u00f6ne Natur von einer handvoll reicher Firmen  bedroht wird, nur weil ihnen ihre Gewinne wichtiger sind, als die  Zukunft dieser wundersch\u00f6nen Region.<span class=\"date\">\u00a0<\/span><\/p>\n<p>Wir sind an dem Zeitpunkt angelangt, an dem es notwendig geworden ist  zu handeln. Mit dem Ziel die Arktis zu sch\u00fctzen und die Region um den  Nordpol als Schutzzone zu erkl\u00e4ren hat sich eine neue globale Bewegung  geformt, die bereits von \u00fcber 1.8 Millionen Menschen unterst\u00fctzt wird.  Wo auch immer die Konzerne die arktische Ruhe mit ihren \u00d6lbohrungen  st\u00f6ren, steht diese Bewegung bereit, sie davon abzuhalten.\u00a0<br \/>Wir  wollen dabei helfen, die gr\u00f6sste Bewegung der Geschichte aufzubauen \u2013 und  das w\u00e4re ein Rekord von dem ich meinen Enkelkindern gerne erz\u00e4hlen  w\u00fcrde. Davon, dass wir 2012 etwas verstanden und getan haben, aus aller  Welt zusammengekommen sind und die Arktis \u2013 das Herz der Welt &#8211; gerettet  haben.<\/p>\n<p>Sind Sie auch schon Teil dieser weltweiten Bewegung? Wenn nicht, <a class=\"zoom\" href=\"http:\/\/www.savethearctic.org\/\" target=\"_blank\" rel=\"noopener noreferrer\">laden wir Sie herzlich ein uns zu unterst\u00fctzen.<\/a><\/p>\n<p><em>Sarah Ayech ist Campaignerin bei Greenpeace in Grossbritannien und  mit an Bord der Arctic Sunrise, von wo aus sie ihren ersten Eisb\u00e4ren  gesehen hat.<\/em><\/p>\n<\/div>\n<\/div>\n","protected":false},"excerpt":{"rendered":"<p>Mittwoch, 19. September 2012 Sarah Ayech erz\u00e4hlt von Bord des Greenpeace Schiffes Arctic Sunrise Wir reden nicht \u00fcber einen Rekord, den wir gerne unseren Enkelkindern erz\u00e4hlen wollen. Es ist keine&hellip;<\/p>\n","protected":false},"author":23,"featured_media":13410,"comment_status":"closed","ping_status":"open","sticky":false,"template":"","format":"standard","meta":{"_acf_changed":false,"_planet4_optimize_post_is_variant":false,"_planet4_optimize_experiment_name":"","_planet4_optimize_variant_name":"","ep_exclude_from_search":false,"p4_og_title":"","p4_og_description":"","p4_og_image":"","p4_og_image_id":"","p4_seo_canonical_url":"","p4_campaign_name":"","p4_local_project":"","p4_basket_name":"","p4_department":"","footnotes":""},"categories":[1],"tags":[41],"p4-page-type":[75],"gpch-article-type":[],"class_list":["post-13408","post","type-post","status-publish","format-standard","has-post-thumbnail","hentry","category-unkategorisiert","tag-meer","p4-page-type-story"],"acf":[],"_links":{"self":[{"href":"https:\/\/www.greenpeace.ch\/de\/wp-json\/wp\/v2\/posts\/13408","targetHints":{"allow":["GET"]}}],"collection":[{"href":"https:\/\/www.greenpeace.ch\/de\/wp-json\/wp\/v2\/posts"}],"about":[{"href":"https:\/\/www.greenpeace.ch\/de\/wp-json\/wp\/v2\/types\/post"}],"author":[{"embeddable":true,"href":"https:\/\/www.greenpeace.ch\/de\/wp-json\/wp\/v2\/users\/23"}],"replies":[{"embeddable":true,"href":"https:\/\/www.greenpeace.ch\/de\/wp-json\/wp\/v2\/comments?post=13408"}],"version-history":[{"count":0,"href":"https:\/\/www.greenpeace.ch\/de\/wp-json\/wp\/v2\/posts\/13408\/revisions"}],"wp:featuredmedia":[{"embeddable":true,"href":"https:\/\/www.greenpeace.ch\/de\/wp-json\/wp\/v2\/media\/13410"}],"wp:attachment":[{"href":"https:\/\/www.greenpeace.ch\/de\/wp-json\/wp\/v2\/media?parent=13408"}],"wp:term":[{"taxonomy":"category","embeddable":true,"href":"https:\/\/www.greenpeace.ch\/de\/wp-json\/wp\/v2\/categories?post=13408"},{"taxonomy":"post_tag","embeddable":true,"href":"https:\/\/www.greenpeace.ch\/de\/wp-json\/wp\/v2\/tags?post=13408"},{"taxonomy":"p4-page-type","embeddable":true,"href":"https:\/\/www.greenpeace.ch\/de\/wp-json\/wp\/v2\/p4-page-type?post=13408"},{"taxonomy":"gpch-article-type","embeddable":true,"href":"https:\/\/www.greenpeace.ch\/de\/wp-json\/wp\/v2\/gpch-article-type?post=13408"}],"curies":[{"name":"wp","href":"https:\/\/api.w.org\/{rel}","templated":true}]}}