{"id":13417,"date":"2012-09-14T00:00:00","date_gmt":"2012-09-13T22:00:00","guid":{"rendered":"https:\/\/master.greenpeace.ch\/beitrag\/13417\/ende-fuer-akw-fessenheim\/"},"modified":"2019-05-30T12:03:30","modified_gmt":"2019-05-30T10:03:30","slug":"ende-fuer-akw-fessenheim","status":"publish","type":"post","link":"https:\/\/www.greenpeace.ch\/de\/story\/13417\/ende-fuer-akw-fessenheim\/","title":{"rendered":"Ende f\u00fcr AKW Fessenheim"},"content":{"rendered":"<p><b>Das \u00e4lteste Atomkraftwerk in Frankreich wird stillgelegt. Vor wenigen Stunden erkl\u00e4rte der franz\u00f6sische Staatspr\u00e4sident Fran\u00e7ois Hollande, dass das st\u00f6ranf\u00e4llige\u00a0AKW Fessenheim im franz\u00f6sischen Elsass bis Ende 2016 endg\u00fcltig abgeschaltet wird. Es freut Greenpeace, dass das Ende von Fessenheim absehbar wird und damit ein grosses Sicherheitsrisiko f\u00fcr das Elsass, Baden und die Nordschweiz wegf\u00e4llt. Noch am 6. September hatte Greenpeace betont,\u00a0dass\u00a0es Zeit ist, das AKW vom Netz zu nehmen.\u00a0Das AKW liegt in der N\u00e4he der Schweizer Grenze und wurde von Greenpeace jahrelang bek\u00e4mpft. Bei einem Anteil von 70% Atomenergie an der Stromproduktion in Frankreich ist dies vorerst nur ein Schritt auf dem Weg hin zur Energiewende mit erneuerbaren Energien &#8211; und bis 2016 dauert es auch noch vier Jahre.<\/b><\/p>\n<div class=\"post-content\">\n<div>\n<p><img decoding=\"async\" style=\"float: left; margin: 10px;\" title=\"Protest gegen AKW Fessenheim, Foto: nagadoudi, flickr\" src=\"https:\/\/www.greenpeace.ch\/static\/planet4-switzerland-stateless\/2019\/05\/3315ff30-3315ff30-54277_102269.jpg\" alt=\"Protest gegen AKW Fessenheim, Foto: nagadoudi, flickr\" width=\"280\">Das \u00e4lteste Atomkraftwerk in Frankreich wird stillgelegt. Vor wenigen Stunden erkl\u00e4rte der franz\u00f6sische Staatspr\u00e4sident Fran\u00e7ois Hollande, dass das st\u00f6ranf\u00e4llige\u00a0AKW Fessenheim im franz\u00f6sischen Elsass bis Ende 2016 endg\u00fcltig abgeschaltet wird. Es freut Greenpeace, dass das Ende von Fessenheim absehbar wird und damit ein grosses Sicherheitsrisiko f\u00fcr das Elsass, Baden und die Nordschweiz wegf\u00e4llt. Noch am 6. September hatte Greenpeace betont,\u00a0dass\u00a0<a href=\"http:\/\/www.greenpeace.org\/switzerland\/fr\/publications\/actualites\/energie\/hollande-tenir-promesse\/\" target=\"_blank\" rel=\"noopener noreferrer\">es Zeit ist, das AKW vom Netz zu nehmen<\/a>.\u00a0Das AKW liegt in der N\u00e4he der Schweizer Grenze und wurde von Greenpeace jahrelang bek\u00e4mpft. Bei einem Anteil von 70% Atomenergie an der Stromproduktion in Frankreich ist dies vorerst nur ein Schritt auf dem Weg hin zur Energiewende mit erneuerbaren Energien &#8211; und bis 2016 dauert es auch noch vier Jahre.<\/p>\n<\/div>\n<\/div>\n","protected":false},"excerpt":{"rendered":"<p>Das \u00e4lteste Atomkraftwerk in Frankreich wird stillgelegt. Vor wenigen Stunden erkl\u00e4rte der franz\u00f6sische Staatspr\u00e4sident Fran\u00e7ois Hollande, dass das st\u00f6ranf\u00e4llige\u00a0AKW Fessenheim im franz\u00f6sischen Elsass bis Ende 2016 endg\u00fcltig abgeschaltet wird. Es&hellip;<\/p>\n","protected":false},"author":23,"featured_media":13419,"comment_status":"closed","ping_status":"open","sticky":false,"template":"","format":"standard","meta":{"_acf_changed":false,"_planet4_optimize_post_is_variant":false,"_planet4_optimize_experiment_name":"","_planet4_optimize_variant_name":"","ep_exclude_from_search":false,"p4_og_title":"","p4_og_description":"","p4_og_image":"","p4_og_image_id":"","p4_seo_canonical_url":"","p4_campaign_name":"","p4_local_project":"","p4_basket_name":"","p4_department":"","footnotes":""},"categories":[1],"tags":[42],"p4-page-type":[75],"gpch-article-type":[],"class_list":["post-13417","post","type-post","status-publish","format-standard","has-post-thumbnail","hentry","category-unkategorisiert","tag-energie","p4-page-type-story"],"acf":[],"_links":{"self":[{"href":"https:\/\/www.greenpeace.ch\/de\/wp-json\/wp\/v2\/posts\/13417","targetHints":{"allow":["GET"]}}],"collection":[{"href":"https:\/\/www.greenpeace.ch\/de\/wp-json\/wp\/v2\/posts"}],"about":[{"href":"https:\/\/www.greenpeace.ch\/de\/wp-json\/wp\/v2\/types\/post"}],"author":[{"embeddable":true,"href":"https:\/\/www.greenpeace.ch\/de\/wp-json\/wp\/v2\/users\/23"}],"replies":[{"embeddable":true,"href":"https:\/\/www.greenpeace.ch\/de\/wp-json\/wp\/v2\/comments?post=13417"}],"version-history":[{"count":0,"href":"https:\/\/www.greenpeace.ch\/de\/wp-json\/wp\/v2\/posts\/13417\/revisions"}],"wp:featuredmedia":[{"embeddable":true,"href":"https:\/\/www.greenpeace.ch\/de\/wp-json\/wp\/v2\/media\/13419"}],"wp:attachment":[{"href":"https:\/\/www.greenpeace.ch\/de\/wp-json\/wp\/v2\/media?parent=13417"}],"wp:term":[{"taxonomy":"category","embeddable":true,"href":"https:\/\/www.greenpeace.ch\/de\/wp-json\/wp\/v2\/categories?post=13417"},{"taxonomy":"post_tag","embeddable":true,"href":"https:\/\/www.greenpeace.ch\/de\/wp-json\/wp\/v2\/tags?post=13417"},{"taxonomy":"p4-page-type","embeddable":true,"href":"https:\/\/www.greenpeace.ch\/de\/wp-json\/wp\/v2\/p4-page-type?post=13417"},{"taxonomy":"gpch-article-type","embeddable":true,"href":"https:\/\/www.greenpeace.ch\/de\/wp-json\/wp\/v2\/gpch-article-type?post=13417"}],"curies":[{"name":"wp","href":"https:\/\/api.w.org\/{rel}","templated":true}]}}