{"id":13421,"date":"2012-09-13T00:00:00","date_gmt":"2012-09-12T22:00:00","guid":{"rendered":"https:\/\/master.greenpeace.ch\/beitrag\/13421\/tag-des-testaments-2012-im-zeichen-der-erinnerung\/"},"modified":"2019-05-30T12:03:37","modified_gmt":"2019-05-30T10:03:37","slug":"tag-des-testaments-2012-im-zeichen-der-erinnerung","status":"publish","type":"post","link":"https:\/\/www.greenpeace.ch\/de\/story\/13421\/tag-des-testaments-2012-im-zeichen-der-erinnerung\/","title":{"rendered":"Tag des Testaments 2012 \u2013 im Zeichen der Erinnerung"},"content":{"rendered":"<p><b>Derzeit verfasst nur ein Viertel der Schweizerinnen und Schweizer ein Testament. Vielen Menschen ist zudem nicht bekannt, dass es m\u00f6glich ist (nebst ihren Pflichterben) auch ihre Lieblingsorganisation in ihrem Testament zu bedenken. MyHappyEnd (ein Zusammenschluss von 18 namhaften Schweizer Non-Profit-Organisationen, darunter auch Greenpeace) m\u00f6chte darauf aufmerksam machen und lanciert im Rahmen des diesj\u00e4hrigen Internationalen Tag des Testaments am 13. September 2012 einen Ideenwettbewerb mit dem Titel \u201eSichtbar in Erinnerung\u201c.<\/b><\/p>\n<div class=\"post-content\">\n<div>\n<p>Derzeit verfasst nur ein Viertel der Schweizerinnen und Schweizer ein Testament. Vielen Menschen ist zudem nicht bekannt, dass es m\u00f6glich ist (nebst ihren Pflichterben) auch ihre Lieblingsorganisation in ihrem Testament zu bedenken. <\/p>\n<p><a title=\"myhappyend\" href=\"http:\/\/www.myhappyend.org\/\" target=\"_blank\" rel=\"noopener noreferrer\">MyHappyEnd<\/a> (ein Zusammenschluss von 18 namhaften Schweizer Non-Profit-Organisationen, darunter auch Greenpeace) m\u00f6chte darauf aufmerksam machen und lanciert im Rahmen des diesj\u00e4hrigen <a title=\"myhappyend\" href=\"http:\/\/www.myhappyend.org\/\" target=\"_blank\" rel=\"noopener noreferrer\">Internationalen Tag des Testaments am 13. September<\/a> 2012 einen Ideenwettbewerb mit dem Titel \u201eSichtbar in Erinnerung\u201c.<\/p>\n<\/p>\n<div class=\"events-box middle-box left\">\n<div class=\"frame\">\n        <a class=\"open-img EnlargeImage\" href=\"https:\/\/www.greenpeace.ch\/static\/planet4-switzerland-stateless\/2019\/05\/412ddbf3-412ddbf3-myhappyend_w600.jpg\" title=\"\"><br \/>\n            <img decoding=\"async\" id=\"ctl00_cphContentArea_epiEntryContent_ctl00_ctl02_Image1\" class=\"Thumbnail\" src=\"https:\/\/www.greenpeace.ch\/static\/planet4-switzerland-stateless\/2019\/05\/412ddbf3-412ddbf3-myhappyend_w600.jpg\" alt=\"\" style=\"border-width:0px;\"><\/p>\n<p>        <\/a>\n    <\/div>\n<div class=\"events-content no-title\">\n        <span class=\"date\"><\/span><br \/>\n        <strong><\/strong><\/p>\n<p>\n            \u00a9 myhappyend.org\n        <\/p>\n<\/p>\n<\/div>\n<\/div>\n<p>\u00a0<\/p>\n<p>Gesucht werden kreative Ideen f\u00fcr ein Zeichen der Erinnerung an all jene Menschen, die in ihrem Testament gemeinn\u00fctzige Organisationen ber\u00fccksichtigen. Denn diese sind existenziell auf Legate und die besondere Grossz\u00fcgigkeit \u00fcber den Tod hinaus angewiesen. Mit dem Erinnerungszeichen soll die Bev\u00f6lkerung daf\u00fcr sensibilisiert werden und Legatspendern in aller \u00d6ffentlichkeit ein symbolhafter Dank f\u00fcr ihren Beitrag ans Gemeinwohl ausgesprochen werden. <\/p>\n<p>Greenpeace betreut seit bald 20 Jahren vertrauensvolle Erbschaften von Personen, die unsere Organisation bedenken. Was die Beweggr\u00fcnde sind, finden Sie auf unserer <a title=\"Testamente und Legate\" href=\"\/switzerland\/de\/Spenden\/Legate-Testamente\/Weshalb-Greenpeace\/\">Website<\/a> . Falls Sie vorerst mehr \u00fcber die ber\u00fchrenden Motive von Menschen, die diesen Schritt gemacht haben, erfahren m\u00f6chten, schicken wir Ihnen auch gerne kostenlos das Buch \u201e<a title=\"Geld &amp; Herzblut\" href=\"\/switzerland\/de\/Spenden\/Legate-Testamente\/Buchtipp\/\">Geld &amp; Herzblut<\/a>\u201c.<\/p>\n<p>\u00a0<\/p>\n<p><a href=\"\/switzerland\/de\/Spenden\/Legate-Testamente\/ratgeber-bestellen\/\"><img decoding=\"async\" style=\"display: block; margin-left: auto; margin-right: auto;\" title=\"Testament-Ratgeber bestellen\" src=\"https:\/\/www.greenpeace.ch\/static\/planet4-switzerland-stateless\/2019\/05\/9747b9a7-9747b9a7-54202_102122.jpg\" border=\"0\" alt=\"Testament-Ratgeber bestellen\"><\/a><\/p>\n<\/p>\n<div class=\"listings items multy-border\">\n<h3 title=\"Weitere Informationen\">Weitere Informationen<\/h3>\n<div class=\"\">\n<ul>\n<li class=\"flexible-height\">\n    <a title=\"myhappyend.org\" href=\"http:\/\/www.myhappyend.org\/\" target=\"_blank\" rel=\"noopener noreferrer\">myhappyend.org<\/a>\t<\/p>\n<p class=\"contenttype\">Link<\/p>\n<\/li>\n<\/ul>\n<\/div>\n<\/div>\n<p>\u00a0\n<\/p>\n<\/div>\n<\/div>\n","protected":false},"excerpt":{"rendered":"<p>Derzeit verfasst nur ein Viertel der Schweizerinnen und Schweizer ein Testament. Vielen Menschen ist zudem nicht bekannt, dass es m\u00f6glich ist (nebst ihren Pflichterben) auch ihre Lieblingsorganisation in ihrem Testament&hellip;<\/p>\n","protected":false},"author":23,"featured_media":13423,"comment_status":"closed","ping_status":"open","sticky":false,"template":"","format":"standard","meta":{"_acf_changed":false,"_planet4_optimize_post_is_variant":false,"_planet4_optimize_experiment_name":"","_planet4_optimize_variant_name":"","ep_exclude_from_search":false,"p4_og_title":"","p4_og_description":"","p4_og_image":"","p4_og_image_id":"","p4_seo_canonical_url":"","p4_campaign_name":"","p4_local_project":"","p4_basket_name":"","p4_department":"","footnotes":""},"categories":[1],"tags":[],"p4-page-type":[75],"gpch-article-type":[],"class_list":["post-13421","post","type-post","status-publish","format-standard","has-post-thumbnail","hentry","category-unkategorisiert","p4-page-type-story"],"acf":[],"_links":{"self":[{"href":"https:\/\/www.greenpeace.ch\/de\/wp-json\/wp\/v2\/posts\/13421","targetHints":{"allow":["GET"]}}],"collection":[{"href":"https:\/\/www.greenpeace.ch\/de\/wp-json\/wp\/v2\/posts"}],"about":[{"href":"https:\/\/www.greenpeace.ch\/de\/wp-json\/wp\/v2\/types\/post"}],"author":[{"embeddable":true,"href":"https:\/\/www.greenpeace.ch\/de\/wp-json\/wp\/v2\/users\/23"}],"replies":[{"embeddable":true,"href":"https:\/\/www.greenpeace.ch\/de\/wp-json\/wp\/v2\/comments?post=13421"}],"version-history":[{"count":0,"href":"https:\/\/www.greenpeace.ch\/de\/wp-json\/wp\/v2\/posts\/13421\/revisions"}],"wp:featuredmedia":[{"embeddable":true,"href":"https:\/\/www.greenpeace.ch\/de\/wp-json\/wp\/v2\/media\/13423"}],"wp:attachment":[{"href":"https:\/\/www.greenpeace.ch\/de\/wp-json\/wp\/v2\/media?parent=13421"}],"wp:term":[{"taxonomy":"category","embeddable":true,"href":"https:\/\/www.greenpeace.ch\/de\/wp-json\/wp\/v2\/categories?post=13421"},{"taxonomy":"post_tag","embeddable":true,"href":"https:\/\/www.greenpeace.ch\/de\/wp-json\/wp\/v2\/tags?post=13421"},{"taxonomy":"p4-page-type","embeddable":true,"href":"https:\/\/www.greenpeace.ch\/de\/wp-json\/wp\/v2\/p4-page-type?post=13421"},{"taxonomy":"gpch-article-type","embeddable":true,"href":"https:\/\/www.greenpeace.ch\/de\/wp-json\/wp\/v2\/gpch-article-type?post=13421"}],"curies":[{"name":"wp","href":"https:\/\/api.w.org\/{rel}","templated":true}]}}